{"id":3249,"date":"2013-11-05T22:07:35","date_gmt":"2013-11-05T21:07:35","guid":{"rendered":"http:\/\/www.ventimigliablog.it\/blog\/?p=3249"},"modified":"2013-11-07T17:28:00","modified_gmt":"2013-11-07T16:28:00","slug":"saro-un-illuso-ma","status":"publish","type":"post","link":"https:\/\/www.ventimigliablog.it\/blog\/saro-un-illuso-ma\/","title":{"rendered":"Sar\u00f2 un illuso ma &#8230;.."},"content":{"rendered":"<p style=\"text-align: justify;\">Si, consideratemi un illuso ma non posso smettere di pensare che i Commissari straordinari sappiano essere giusti. Sappiano rimediare a errori che loro stessi riconosceranno essere stati compiuti sotto la loro gestione. Sono consapevole che hanno avuto direttive chiare, che sono venuti a Ventimiglia convinti che ci fosse un covo di malfattori, che non possono andare &#8211; proprio loro &#8211; contro le fantasiose motivazioni che hanno portato allo scioglimento del Consiglio comunale.\u00a0<!--more--><\/p>\n<p style=\"text-align: justify;\">Non posso credere per\u00f2 che ci sia un&#8217;insistenza illogica nel non voler ascoltare i segnali che arrivano da pi\u00f9 parti. Sembra quasi una forma di autolesionismo, di incuranza della realt\u00e0. Io ho ancora fiducia in loro, nella Verit\u00e0 e nella Giustizia.<\/p>\n<p style=\"text-align: justify;\">Su Ventimiglia Servizi, e in particolare sui licenziamenti dei due dipendenti, non possono non meditare ancora e assumere gli atteggiamenti di equit\u00e0 sociale che riteranno dovuti. Come credo che una rilettura veloce al loro bilancio 2012 della Civitas (interessante sar\u00e0 leggere la loro nota integrativa al bilancio nella parte relativa allo stato finanziario e patrimoniale della societ\u00e0) possa chiarire molte cose dette troppo frettolosamente.<\/p>\n<p style=\"text-align: justify;\">Molto utile sar\u00e0, poi, una riflessione e monitoraggio dei compensi erogati agli amministratori delle tre societ\u00e0 controllate dal Comune (Civitas, Ventimiglia servizi e Aiga) rispetto alle previsioni di legge in materia. Se gli errori vengono riconosciuti oggi e le somme eventualmente erogate in pi\u00f9 restituite, nessuno dovr\u00e0 risponderne personalmente in futuro. E cos\u00ec via di seguito, ci sono troppe cose che la Corte dei Conti andr\u00e0 a guardare. E sono tante le cose che possono ancora, i Signori Commissari, sistemare.<\/p>\n<p style=\"text-align: justify;\">Qualcuno si aspetta, dopo di loro, mancano pochi mesi, che prevalga la sete di rivincita, io cerco invece solo giustizia e la possibilit\u00e0 di perdonare chi dimostrer\u00e0 di aver agito in buona fede.<\/p>\n<p style=\"text-align: justify;\">Fate la cosa che ritenete pi\u00f9 giusta, ve ne saremo comunque tutti grati.<\/p>\n<p style=\"text-align: justify;\">5 novembre 2013 &#8211; Marco Prestileo<\/p>\n\t<div class=\"quickshare-container\">\r\n\t<ul class=\"quickshare-text qs-genericons quickshare-small\">\r\n\t\t<li class=\"quickshare-share\">Condividi :<\/li> \r\n\t\t<li><a href=\"https:\/\/facebook.com\/sharer.php?u=https%3A%2F%2Fwww.ventimigliablog.it%2Fblog%2Fsaro-un-illuso-ma%2F&amp;t=Sar%C3%B2+un+illuso+ma+%26%238230%3B..+<+Ventimigliablog\" target=\"_blank\" title=\"Share on Facebook\"><span class=\"quickshare-facebook\">Facebook<\/span><\/a><\/li>\t\t<li><a href=\"https:\/\/twitter.com\/intent\/tweet?url=https%3A%2F%2Fwww.ventimigliablog.it%2Fblog%2Fsaro-un-illuso-ma%2F&amp;text=Sar%C3%B2+un+illuso+ma+%26%238230%3B..+<+Ventimigliablog\" target=\"_blank\" title=\"Share on Twitter\"><span class=\"quickshare-twitter\">Twitter<\/span><\/a><\/li>\t\t\t\t\t\t<li><a href=\"https:\/\/plus.google.com\/share?url=https%3A%2F%2Fwww.ventimigliablog.it%2Fblog%2Fsaro-un-illuso-ma%2F\" target=\"_blank\" title=\"Share on Google+\"><span class=\"quickshare-googleplus\">Google+<\/span><\/a><\/li>\t\t\t\t\t\t\t\t<li><a href=\"mailto:?subject=Ventimigliablog:+Sar%C3%B2+un+illuso+ma+%26%238230%3B..&amp;body=https%3A%2F%2Fwww.ventimigliablog.it%2Fblog%2Fsaro-un-illuso-ma%2F\" target=\"_blank\" title=\"Share via Email\"><span class=\"quickshare-email\">Email<\/span><\/a><\/li>\t<\/ul>\r\n\t<\/div>\r\n","protected":false},"excerpt":{"rendered":"<p>Si, consideratemi un illuso ma non posso smettere di pensare che i Commissari straordinari sappiano essere giusti. Sappiano rimediare a errori che loro stessi riconosceranno essere stati compiuti sotto la loro gestione. Sono consapevole che hanno avuto direttive chiare, che &hellip; <a href=\"https:\/\/www.ventimigliablog.it\/blog\/saro-un-illuso-ma\/\">Continua a leggere<span class=\"meta-nav\">&rarr;<\/span><\/a><\/p>\n","protected":false},"author":10,"featured_media":0,"comment_status":"open","ping_status":"closed","sticky":false,"template":"","format":"standard","meta":{"ngg_post_thumbnail":0,"footnotes":""},"categories":[3,1,6],"tags":[],"_links":{"self":[{"href":"https:\/\/www.ventimigliablog.it\/blog\/wp-json\/wp\/v2\/posts\/3249"}],"collection":[{"href":"https:\/\/www.ventimigliablog.it\/blog\/wp-json\/wp\/v2\/posts"}],"about":[{"href":"https:\/\/www.ventimigliablog.it\/blog\/wp-json\/wp\/v2\/types\/post"}],"author":[{"embeddable":true,"href":"https:\/\/www.ventimigliablog.it\/blog\/wp-json\/wp\/v2\/users\/10"}],"replies":[{"embeddable":true,"href":"https:\/\/www.ventimigliablog.it\/blog\/wp-json\/wp\/v2\/comments?post=3249"}],"version-history":[{"count":0,"href":"https:\/\/www.ventimigliablog.it\/blog\/wp-json\/wp\/v2\/posts\/3249\/revisions"}],"wp:attachment":[{"href":"https:\/\/www.ventimigliablog.it\/blog\/wp-json\/wp\/v2\/media?parent=3249"}],"wp:term":[{"taxonomy":"category","embeddable":true,"href":"https:\/\/www.ventimigliablog.it\/blog\/wp-json\/wp\/v2\/categories?post=3249"},{"taxonomy":"post_tag","embeddable":true,"href":"https:\/\/www.ventimigliablog.it\/blog\/wp-json\/wp\/v2\/tags?post=3249"}],"curies":[{"name":"wp","href":"https:\/\/api.w.org\/{rel}","templated":true}]}}