{"id":3288,"date":"2013-11-14T23:43:05","date_gmt":"2013-11-14T22:43:05","guid":{"rendered":"http:\/\/www.ventimigliablog.it\/blog\/?p=3288"},"modified":"2013-11-14T23:43:05","modified_gmt":"2013-11-14T22:43:05","slug":"ventimiglia-got-talents","status":"publish","type":"post","link":"https:\/\/www.ventimigliablog.it\/blog\/ventimiglia-got-talents\/","title":{"rendered":"Ventimiglia got talents"},"content":{"rendered":"<p>Ecco, volevo solo dire questo stasera a tutti i giovani che incontro per strada e che mi chiedono &#8220;ma davvero ti metti in politica!?&#8221;. Lo fanno, in genere, aspettandosi, quasi sperando che io lo faccia. A loro voglio solo dire che a me la politica non interessa, mi interessa il mio lavoro, la mia ricchezza, la mia casa, la mia famiglia, la mia fidanzata. Mi interesso solo di questo.<!--more--> Ed \u00e8 proprio il mio massimo egoismo a generare la volont\u00e0 di una citt\u00e0 migliore: il singolo cittadino Ventimigliese deve comprendere che l&#8217;unico modo per liberarsi dall&#8217;umiliazione della fuga in Padania o dal senso di oppressione e povert\u00e0 di cui \u00e8 marchiato fin dalla nascita \u00e8 lottare per se stesso migliorando questa citt\u00e0. A questi giovani dico di esprimere al massimo il loro pi\u00f9 profondo egoismo e riprendersi ci\u00f2 che gli appartiene, ci\u00f2 che \u00e8 loro. La politica non mi e non ci interessa. Ventimiglia got talents.<\/p>\n<p>14 novembre 2013 &#8211; Albino Dicerto<\/p>\n<p>Al giovane che mi segue assiduamente chiedo di fare gli auguri alla sua fidanzata da parte mia: ormai e tardi e credo stia gi\u00e0 dormendo&#8230;<\/p>\n<p>&nbsp;<\/p>\n\t<div class=\"quickshare-container\">\r\n\t<ul class=\"quickshare-text qs-genericons quickshare-small\">\r\n\t\t<li class=\"quickshare-share\">Condividi :<\/li> \r\n\t\t<li><a href=\"https:\/\/facebook.com\/sharer.php?u=https%3A%2F%2Fwww.ventimigliablog.it%2Fblog%2Fventimiglia-got-talents%2F&amp;t=Ventimiglia+got+talents+<+Ventimigliablog\" target=\"_blank\" title=\"Share on Facebook\"><span class=\"quickshare-facebook\">Facebook<\/span><\/a><\/li>\t\t<li><a href=\"https:\/\/twitter.com\/intent\/tweet?url=https%3A%2F%2Fwww.ventimigliablog.it%2Fblog%2Fventimiglia-got-talents%2F&amp;text=Ventimiglia+got+talents+<+Ventimigliablog\" target=\"_blank\" title=\"Share on Twitter\"><span class=\"quickshare-twitter\">Twitter<\/span><\/a><\/li>\t\t\t\t\t\t<li><a href=\"https:\/\/plus.google.com\/share?url=https%3A%2F%2Fwww.ventimigliablog.it%2Fblog%2Fventimiglia-got-talents%2F\" target=\"_blank\" title=\"Share on Google+\"><span class=\"quickshare-googleplus\">Google+<\/span><\/a><\/li>\t\t\t\t\t\t\t\t<li><a href=\"mailto:?subject=Ventimigliablog:+Ventimiglia+got+talents&amp;body=https%3A%2F%2Fwww.ventimigliablog.it%2Fblog%2Fventimiglia-got-talents%2F\" target=\"_blank\" title=\"Share via Email\"><span class=\"quickshare-email\">Email<\/span><\/a><\/li>\t<\/ul>\r\n\t<\/div>\r\n","protected":false},"excerpt":{"rendered":"<p>Ecco, volevo solo dire questo stasera a tutti i giovani che incontro per strada e che mi chiedono &#8220;ma davvero ti metti in politica!?&#8221;. Lo fanno, in genere, aspettandosi, quasi sperando che io lo faccia. A loro voglio solo dire &hellip; <a href=\"https:\/\/www.ventimigliablog.it\/blog\/ventimiglia-got-talents\/\">Continua a leggere<span class=\"meta-nav\">&rarr;<\/span><\/a><\/p>\n","protected":false},"author":12,"featured_media":0,"comment_status":"open","ping_status":"closed","sticky":false,"template":"","format":"standard","meta":{"ngg_post_thumbnail":0,"footnotes":""},"categories":[1],"tags":[],"_links":{"self":[{"href":"https:\/\/www.ventimigliablog.it\/blog\/wp-json\/wp\/v2\/posts\/3288"}],"collection":[{"href":"https:\/\/www.ventimigliablog.it\/blog\/wp-json\/wp\/v2\/posts"}],"about":[{"href":"https:\/\/www.ventimigliablog.it\/blog\/wp-json\/wp\/v2\/types\/post"}],"author":[{"embeddable":true,"href":"https:\/\/www.ventimigliablog.it\/blog\/wp-json\/wp\/v2\/users\/12"}],"replies":[{"embeddable":true,"href":"https:\/\/www.ventimigliablog.it\/blog\/wp-json\/wp\/v2\/comments?post=3288"}],"version-history":[{"count":0,"href":"https:\/\/www.ventimigliablog.it\/blog\/wp-json\/wp\/v2\/posts\/3288\/revisions"}],"wp:attachment":[{"href":"https:\/\/www.ventimigliablog.it\/blog\/wp-json\/wp\/v2\/media?parent=3288"}],"wp:term":[{"taxonomy":"category","embeddable":true,"href":"https:\/\/www.ventimigliablog.it\/blog\/wp-json\/wp\/v2\/categories?post=3288"},{"taxonomy":"post_tag","embeddable":true,"href":"https:\/\/www.ventimigliablog.it\/blog\/wp-json\/wp\/v2\/tags?post=3288"}],"curies":[{"name":"wp","href":"https:\/\/api.w.org\/{rel}","templated":true}]}}