{"id":3316,"date":"2013-11-22T00:40:27","date_gmt":"2013-11-21T23:40:27","guid":{"rendered":"http:\/\/www.ventimigliablog.it\/blog\/?p=3316"},"modified":"2013-11-22T00:44:39","modified_gmt":"2013-11-21T23:44:39","slug":"e-inaudito-deve-intervenire-la-procura-e-la-corte-dei-conti","status":"publish","type":"post","link":"https:\/\/www.ventimigliablog.it\/blog\/e-inaudito-deve-intervenire-la-procura-e-la-corte-dei-conti\/","title":{"rendered":"E&#8217; inaudito, deve intervenire la Procura e la Corte dei Conti"},"content":{"rendered":"<p style=\"text-align: justify;\">Come ho gi\u00e0 avuto modo di dire, non credo che sia colpa dei Commissari straordinari. Il dubbio \u00e8 che vi sia stata un po&#8217; di impreparazione su tematiche complesse e una buona dose di difficolt\u00e0 nell&#8217;affrontare situazioni per alcuni troppo difficili. E&#8217; possibile che abbia prevalso la voglia di confermare, a tutti i costi, che il lavoro fatto in precedenza non andasse bene.<\/p>\n<p><strong>&#8216;Ventimiglia Servizi&#8217; non esiste pi\u00f9: non \u00e8 pi\u00f9 possibile ottenere lo sgravio per l&#8217;ICI&#8221;\u00a0<!--more--><\/strong><\/p>\n<p style=\"text-align: justify;\">Leggete l&#8217;articolo <a href=\"http:\/\/www.sanremonews.it\/2013\/11\/21\/leggi-notizia\/argomenti\/altre-notizie\/articolo\/ventimiglia-servizi-non-esiste-piu-non-e-piu-possibile-ottenere-lo-sgravio-per-lici.html\" target=\"_blank\">cliccando qui<\/a>, il giornalista l&#8217;ha definito un caso surreale. Possiamo dire che \u00e8 stato gentile.<\/p>\n<p style=\"text-align: justify;\">Questo \u00e8 solo un primo risultato di questa pessima decisione di sciogliere la Ventimiglia Servizi. Cosa pu\u00f2 esserci di peggio? La prescrizione di alcuni tributi locali sino ad oggi non pagati, ad esempio, oppure il rischio che non si riescano pi\u00f9 ad incassare le ingiunzioni fiscali emesse da Ventimiglia Servizi, ecc.<\/p>\n<div style=\"text-align: justify;\" data-ref=\".Uo34MSbOT8A.like\" data-width=\"66\" data-layout=\"box_count\" data-show_faces=\"false\" data-action=\"like\" data-font=\"arial\" data-href=\"http:\/\/www.sanremonews.it\/2013\/11\/21\/leggi-notizia\/argomenti\/altre-notizie\/articolo\/ventimiglia-servizi-non-esiste-piu-non-e-piu-possibile-ottenere-lo-sgravio-per-lici.html\" data-send=\"false\"><span style=\"text-align: justify;\">Per di pi\u00f9 hanno anche licenziato due persone senza pensarci troppo e svuotato la Ventimiglia Servizi dai contratti che aveva con delle decisioni attaccabili, da ogni fronte. Senza pensare, questa \u00e8 una semplice convinzione personale, ai riflessi sulle entrate erariali. La societ\u00e0 aveva gi\u00e0 fatto incassare al Comune ben oltre 600.000 euro! E&#8217; il progetto di avviare una seria lotta all&#8217;evasione dei tributi locali?<\/span><\/div>\n<p style=\"text-align: justify;\">Pur di svuotare la Ventimiglia Servizi hanno affidato velocemente il servizio di affissione e pubblicit\u00e0 nuovamente all&#8217;esterno, in modo cos\u00ec poco organizzato e pensato che la ditta vincitrice l&#8217;appalto ha dovuto prendere tempo prima di iniziare (non vi parlo adesso dei problemi con la banca dati e con il locale centralino).<\/p>\n<p style=\"text-align: justify;\">Prima ancora avevano, frettolosamente, affidato direttamente ad una cooperativa un servizio che poi hanno, altrettanto frettolosamente, revocato. Improvvisazione? Scelte dettate dal&#8217;obiettivo principale di sciogliere e liquidare la Ventimiglia Servizi tanto per dimostrare che fosse una societ\u00e0 inutile, senza capire l&#8217;importanza di questa struttura?<\/p>\n<p style=\"text-align: justify;\">Vorrei sapere che parere tecnico ha espresso, se \u00e8 stato richiesto, la ragioneria sullo scioglimento anticipato della Ventimiglia Servizi. E&#8217; il segretario generale \u00e8 stato coinvolto? Non credo che un segretario comunale possa aver legittimato un&#8217;operazione cos\u00ec, ma \u00e8 una mia semplice supposizione. Vorrei sapere il responsabile delle Entrate comunali, che era il &#8220;vice ragionerie capo&#8221; (nonch\u00e9, sotto la gestione commissariale, direttore amministrativo e finanziario di Civitas e non so cos&#8217;altro in Ventimiglia Servizi) che consigli ha dato, se sono stati a lui richiesti. Vorrei tanto sapere come ha pensato di sostituire la Ventimiglia Servizi. Ma soprattutto vorrei sapere quanti master e corsi formativi ha fatto da quando io ho lasciato la direzione generale, al punto da essere diventato di colpo esperto in diritto societario e tributario, con la necessaria comparazione tra il diritto privato e quello pubblico. Che fosse molto preparato e bravo l&#8217;ho sempre saputo ma ha stupito anche me che ho sempre creduto in lui. Vorrei ricordare che la Ventimiglia Servizi, nonostante gli sforzi avversi ad essa, era passata indenne al controllo della Guardia di Finanza e dalle fantasiose conclusioni di ispettori e accusatori vari.<\/p>\n<p style=\"text-align: justify;\">Sembra per\u00f2 un vizio comportamentale che durer\u00e0 ancora per qualche mese. \u00a0Hanno iniziato anche con l&#8217;AIGA, sulla quale sembra si voglia, ma non sar\u00e0 sicuramente vero, intervenire con il solo desiderio di punire qualcuno, anzi uno. La gestione della societ\u00e0 sembra passare in secondo piano. Si \u00e8 arrivati all&#8217;assurdo che se i bilancio delle varie societ\u00e0 chiudevano negli anni precedenti in utile, e adesso chiudono in perdita, la colpa vada ricerca solo nei numeri di bilancio. Quindi incarichi professionali su incarichi, per giungere alla conclusione che va tutto bene. Non si chiedono per\u00f2 se gli uomini che gestiscono possono fare la differenza! Se le motivazioni e il tempo dedicato dagli uomini che gestiscono, possono fare la differenza! Di tutte e tre le societ\u00e0 pubbliche del Comune non vi \u00e8 un amministratore che abiti in provincia di Imperia o che ci stia almeno qualche giorno alla settimana. Partendo dal presupposto che sono certamente pi\u00f9 bravi dei loro predecessori, ma \u00e8 possibile che uno dalla Toscana o dal Piemonte amministri come un &#8220;nostrano&#8221; che ci dedica 12 ore al giorno? Secondo me &#8230;.. ci vuole un incarico professionale anche per rispondere a questa domanda.<\/p>\n<p style=\"text-align: justify;\">Sarebbe meglio pensare all&#8217;interesse pubblico, piuttosto che curare la spasmodica voglia di trovare gli errori degli altri, se non altro per egoismo personale, cio\u00e8 per tutelare il proprio patrimonio privato dalle possibili richieste di danni che potrebbero presto arrivare su chi ha sbagliato, anche di recente.<\/p>\n<p style=\"text-align: justify;\">21 novembre 2013 &#8211; Marco Prestileo<\/p>\n\t<div class=\"quickshare-container\">\r\n\t<ul class=\"quickshare-text qs-genericons quickshare-small\">\r\n\t\t<li class=\"quickshare-share\">Condividi :<\/li> \r\n\t\t<li><a href=\"https:\/\/facebook.com\/sharer.php?u=https%3A%2F%2Fwww.ventimigliablog.it%2Fblog%2Fe-inaudito-deve-intervenire-la-procura-e-la-corte-dei-conti%2F&amp;t=E%26%238217%3B+inaudito%2C+deve+intervenire+la+Procura+e+la+Corte+dei+Conti+<+Ventimigliablog\" target=\"_blank\" title=\"Share on Facebook\"><span class=\"quickshare-facebook\">Facebook<\/span><\/a><\/li>\t\t<li><a href=\"https:\/\/twitter.com\/intent\/tweet?url=https%3A%2F%2Fwww.ventimigliablog.it%2Fblog%2Fe-inaudito-deve-intervenire-la-procura-e-la-corte-dei-conti%2F&amp;text=E%26%238217%3B+inaudito%2C+deve+intervenire+la+Procura+e+la+Corte+dei+Conti+<+Ventimigliablog\" target=\"_blank\" title=\"Share on Twitter\"><span class=\"quickshare-twitter\">Twitter<\/span><\/a><\/li>\t\t\t\t\t\t<li><a href=\"https:\/\/plus.google.com\/share?url=https%3A%2F%2Fwww.ventimigliablog.it%2Fblog%2Fe-inaudito-deve-intervenire-la-procura-e-la-corte-dei-conti%2F\" target=\"_blank\" title=\"Share on Google+\"><span class=\"quickshare-googleplus\">Google+<\/span><\/a><\/li>\t\t\t\t\t\t\t\t<li><a href=\"mailto:?subject=Ventimigliablog:+E%26%238217%3B+inaudito%2C+deve+intervenire+la+Procura+e+la+Corte+dei+Conti&amp;body=https%3A%2F%2Fwww.ventimigliablog.it%2Fblog%2Fe-inaudito-deve-intervenire-la-procura-e-la-corte-dei-conti%2F\" target=\"_blank\" title=\"Share via Email\"><span class=\"quickshare-email\">Email<\/span><\/a><\/li>\t<\/ul>\r\n\t<\/div>\r\n","protected":false},"excerpt":{"rendered":"<p>Come ho gi\u00e0 avuto modo di dire, non credo che sia colpa dei Commissari straordinari. Il dubbio \u00e8 che vi sia stata un po&#8217; di impreparazione su tematiche complesse e una buona dose di difficolt\u00e0 nell&#8217;affrontare situazioni per alcuni troppo &hellip; <a href=\"https:\/\/www.ventimigliablog.it\/blog\/e-inaudito-deve-intervenire-la-procura-e-la-corte-dei-conti\/\">Continua a leggere<span class=\"meta-nav\">&rarr;<\/span><\/a><\/p>\n","protected":false},"author":10,"featured_media":0,"comment_status":"open","ping_status":"closed","sticky":false,"template":"","format":"standard","meta":{"ngg_post_thumbnail":0,"footnotes":""},"categories":[3,1,6],"tags":[],"_links":{"self":[{"href":"https:\/\/www.ventimigliablog.it\/blog\/wp-json\/wp\/v2\/posts\/3316"}],"collection":[{"href":"https:\/\/www.ventimigliablog.it\/blog\/wp-json\/wp\/v2\/posts"}],"about":[{"href":"https:\/\/www.ventimigliablog.it\/blog\/wp-json\/wp\/v2\/types\/post"}],"author":[{"embeddable":true,"href":"https:\/\/www.ventimigliablog.it\/blog\/wp-json\/wp\/v2\/users\/10"}],"replies":[{"embeddable":true,"href":"https:\/\/www.ventimigliablog.it\/blog\/wp-json\/wp\/v2\/comments?post=3316"}],"version-history":[{"count":0,"href":"https:\/\/www.ventimigliablog.it\/blog\/wp-json\/wp\/v2\/posts\/3316\/revisions"}],"wp:attachment":[{"href":"https:\/\/www.ventimigliablog.it\/blog\/wp-json\/wp\/v2\/media?parent=3316"}],"wp:term":[{"taxonomy":"category","embeddable":true,"href":"https:\/\/www.ventimigliablog.it\/blog\/wp-json\/wp\/v2\/categories?post=3316"},{"taxonomy":"post_tag","embeddable":true,"href":"https:\/\/www.ventimigliablog.it\/blog\/wp-json\/wp\/v2\/tags?post=3316"}],"curies":[{"name":"wp","href":"https:\/\/api.w.org\/{rel}","templated":true}]}}