{"id":3323,"date":"2013-11-21T17:38:46","date_gmt":"2013-11-21T16:38:46","guid":{"rendered":"http:\/\/www.ventimigliablog.it\/blog\/?p=3323"},"modified":"2013-11-21T17:53:08","modified_gmt":"2013-11-21T16:53:08","slug":"ridere-o-piangere","status":"publish","type":"post","link":"https:\/\/www.ventimigliablog.it\/blog\/ridere-o-piangere\/","title":{"rendered":"Ridere o piangere?"},"content":{"rendered":"<p><a href=\"http:\/\/www.sanremonews.it\/2013\/11\/21\/leggi-notizia\/argomenti\/altre-notizie\/articolo\/ventimiglia-servizi-non-esiste-piu-non-e-piu-possibile-ottenere-lo-sgravio-per-lici.html#.Uo4y2dIyJmM\">Leggendo questo articolo<\/a> mi sono trovato di fronte al grande dilemma. Ho poi deciso autonomamente di non ridere. Si tratta di una cosa molto seria. <strong>E se tutte le cartelle ICI, IMU, TARES emesse a Ventimiglia fossero tragicamente NULLE&#8230;!?!?!?<\/strong> <!--more-->Sarebbe possibile impugnarle una per una queste cartelle, giuste o sbagliate che siano. Ho anche deciso autonomamente di non commentare esprimendo cosa penso in questo momento della genialit\u00e0 del gesto di mettere in liquidazione Ventimiglia Servizi e sulle modalit\u00e0 con la quale tale liquidazione \u00e8 stata effettuata&#8230;Ci tengo a non essere querelato proprio prima della campagna elettorale. Spero che non si perdano soldi. E se si perdono, che chi ha preso le decisioni sia cos\u00ec buono da metterceli di tasca sua&#8230;<\/p>\n<p>21 novembre 2013 &#8211; Albino Dicerto<\/p>\n\t<div class=\"quickshare-container\">\r\n\t<ul class=\"quickshare-text qs-genericons quickshare-small\">\r\n\t\t<li class=\"quickshare-share\">Condividi :<\/li> \r\n\t\t<li><a href=\"https:\/\/facebook.com\/sharer.php?u=https%3A%2F%2Fwww.ventimigliablog.it%2Fblog%2Fridere-o-piangere%2F&amp;t=Ridere+o+piangere%3F+<+Ventimigliablog\" target=\"_blank\" title=\"Share on Facebook\"><span class=\"quickshare-facebook\">Facebook<\/span><\/a><\/li>\t\t<li><a href=\"https:\/\/twitter.com\/intent\/tweet?url=https%3A%2F%2Fwww.ventimigliablog.it%2Fblog%2Fridere-o-piangere%2F&amp;text=Ridere+o+piangere%3F+<+Ventimigliablog\" target=\"_blank\" title=\"Share on Twitter\"><span class=\"quickshare-twitter\">Twitter<\/span><\/a><\/li>\t\t\t\t\t\t<li><a href=\"https:\/\/plus.google.com\/share?url=https%3A%2F%2Fwww.ventimigliablog.it%2Fblog%2Fridere-o-piangere%2F\" target=\"_blank\" title=\"Share on Google+\"><span class=\"quickshare-googleplus\">Google+<\/span><\/a><\/li>\t\t\t\t\t\t\t\t<li><a href=\"mailto:?subject=Ventimigliablog:+Ridere+o+piangere%3F&amp;body=https%3A%2F%2Fwww.ventimigliablog.it%2Fblog%2Fridere-o-piangere%2F\" target=\"_blank\" title=\"Share via Email\"><span class=\"quickshare-email\">Email<\/span><\/a><\/li>\t<\/ul>\r\n\t<\/div>\r\n","protected":false},"excerpt":{"rendered":"<p>Leggendo questo articolo mi sono trovato di fronte al grande dilemma. Ho poi deciso autonomamente di non ridere. Si tratta di una cosa molto seria. E se tutte le cartelle ICI, IMU, TARES emesse a Ventimiglia fossero tragicamente NULLE&#8230;!?!?!?<\/p>\n","protected":false},"author":12,"featured_media":0,"comment_status":"open","ping_status":"closed","sticky":false,"template":"","format":"standard","meta":{"ngg_post_thumbnail":0,"footnotes":""},"categories":[1],"tags":[],"_links":{"self":[{"href":"https:\/\/www.ventimigliablog.it\/blog\/wp-json\/wp\/v2\/posts\/3323"}],"collection":[{"href":"https:\/\/www.ventimigliablog.it\/blog\/wp-json\/wp\/v2\/posts"}],"about":[{"href":"https:\/\/www.ventimigliablog.it\/blog\/wp-json\/wp\/v2\/types\/post"}],"author":[{"embeddable":true,"href":"https:\/\/www.ventimigliablog.it\/blog\/wp-json\/wp\/v2\/users\/12"}],"replies":[{"embeddable":true,"href":"https:\/\/www.ventimigliablog.it\/blog\/wp-json\/wp\/v2\/comments?post=3323"}],"version-history":[{"count":0,"href":"https:\/\/www.ventimigliablog.it\/blog\/wp-json\/wp\/v2\/posts\/3323\/revisions"}],"wp:attachment":[{"href":"https:\/\/www.ventimigliablog.it\/blog\/wp-json\/wp\/v2\/media?parent=3323"}],"wp:term":[{"taxonomy":"category","embeddable":true,"href":"https:\/\/www.ventimigliablog.it\/blog\/wp-json\/wp\/v2\/categories?post=3323"},{"taxonomy":"post_tag","embeddable":true,"href":"https:\/\/www.ventimigliablog.it\/blog\/wp-json\/wp\/v2\/tags?post=3323"}],"curies":[{"name":"wp","href":"https:\/\/api.w.org\/{rel}","templated":true}]}}