{"id":3397,"date":"2014-01-12T00:17:49","date_gmt":"2014-01-11T23:17:49","guid":{"rendered":"http:\/\/www.ventimigliablog.it\/blog\/?p=3397"},"modified":"2014-01-12T00:17:49","modified_gmt":"2014-01-11T23:17:49","slug":"il-salvadanaio-del-comune-di-ventimiglia","status":"publish","type":"post","link":"https:\/\/www.ventimigliablog.it\/blog\/il-salvadanaio-del-comune-di-ventimiglia\/","title":{"rendered":"Il salvadanaio del Comune di Ventimiglia"},"content":{"rendered":"<p style=\"text-align: justify;\"><a href=\"http:\/\/www.ventimigliablog.it\/blog\/wp-content\/uploads\/2014\/01\/tesoretto.gif\"><img loading=\"lazy\" decoding=\"async\" class=\"size-medium wp-image-3676 alignleft\" alt=\"tesoretto\" src=\"http:\/\/www.ventimigliablog.it\/blog\/wp-content\/uploads\/2014\/01\/tesoretto-300x215.gif\" width=\"300\" height=\"215\" \/><\/a>Nel Comune di Ventimiglia i soldi ci sono oppure no? Io ho gi\u00e0 detto in un precedente articolo che valutavo la consistenza del &#8220;tesoretto&#8221; (se si sa dove guardare) pari a circa duemilioni di euro, ma era ed \u00e9 una mia opinione.<\/p>\n<p style=\"text-align: justify;\">Vediamo i dati ufficiali. La deliberazione della Commissione Straordinaria n. 17 del 16\/05\/2013,<!--more--> adottata con i poteri del Consiglio Comunale, con la quale \u00e8 stato approvato il Rendiconto della gestione dell\u2019esercizio finanziario 2012, <strong>accerta\u00a0un avanzo di amministrazione complessivo\u00a0di Euro 1.216.059,75<\/strong> di cui vincolato \u20ac 394.194,61 e non vincolato \u20ac 821.865,14.<\/p>\n<p style=\"text-align: justify;\">La mia previsione per il 2013, non abbiamo ancora i dati ufficiali (tra qualche mese verr\u00e0 approvato il Rendiconto del 2013), prevedendo la restituzione della TARES\u00a0che risulter\u00e0 pagata in eccesso rispetto alla copertura del 100% dei costi del servizio (la legge impone che tutti i costi sotenuti dal Comune per detto servizio siano pagati dai cittadini ma non consente di &#8220;guadagnarci&#8221;) \u00e9 altrettanto generosa\u00a0 e ci\u00f2 nonostante sia aumentata la spesa corrente (anche se si continua a parlare di riduzioni della spesa), come accade sempre nelle gestioni eccessivamente burocratizzate.<\/p>\n<p style=\"text-align: justify;\">Tralasciamo poi ogni considerazione, pi\u00f9 tecnica, sulla gestione dei residui che porter\u00e0 certamente ad incrementare la possibilit\u00e0 di spesa, fermo restando il limite del patto di stabilit\u00e0.<\/p>\n<p style=\"text-align: justify;\">Quindi, speriamo che il prossimo assessore al bilancio sia una persona competente, fermo restando che l&#8217;abilit\u00e0 degli addetti dell&#8217;Ufficio ragioneria \u00e8 gi\u00e0 nota e da me sempre stata apprezzata\u00a0 (e riconosicuta, quando dirigevo io).<\/p>\n<p style=\"text-align: justify;\">12 gennaio 2014 &#8211; Marco Prestileo<\/p>\n<p>&nbsp;<\/p>\n<p>&nbsp;<\/p>\n\t<div class=\"quickshare-container\">\r\n\t<ul class=\"quickshare-text qs-genericons quickshare-small\">\r\n\t\t<li class=\"quickshare-share\">Condividi :<\/li> \r\n\t\t<li><a href=\"https:\/\/facebook.com\/sharer.php?u=https%3A%2F%2Fwww.ventimigliablog.it%2Fblog%2Fil-salvadanaio-del-comune-di-ventimiglia%2F&amp;t=Il+salvadanaio+del+Comune+di+Ventimiglia+<+Ventimigliablog\" target=\"_blank\" title=\"Share on Facebook\"><span class=\"quickshare-facebook\">Facebook<\/span><\/a><\/li>\t\t<li><a href=\"https:\/\/twitter.com\/intent\/tweet?url=https%3A%2F%2Fwww.ventimigliablog.it%2Fblog%2Fil-salvadanaio-del-comune-di-ventimiglia%2F&amp;text=Il+salvadanaio+del+Comune+di+Ventimiglia+<+Ventimigliablog\" target=\"_blank\" title=\"Share on Twitter\"><span class=\"quickshare-twitter\">Twitter<\/span><\/a><\/li>\t\t\t\t\t\t<li><a href=\"https:\/\/plus.google.com\/share?url=https%3A%2F%2Fwww.ventimigliablog.it%2Fblog%2Fil-salvadanaio-del-comune-di-ventimiglia%2F\" target=\"_blank\" title=\"Share on Google+\"><span class=\"quickshare-googleplus\">Google+<\/span><\/a><\/li>\t\t\t\t\t\t\t\t<li><a href=\"mailto:?subject=Ventimigliablog:+Il+salvadanaio+del+Comune+di+Ventimiglia&amp;body=https%3A%2F%2Fwww.ventimigliablog.it%2Fblog%2Fil-salvadanaio-del-comune-di-ventimiglia%2F\" target=\"_blank\" title=\"Share via Email\"><span class=\"quickshare-email\">Email<\/span><\/a><\/li>\t<\/ul>\r\n\t<\/div>\r\n","protected":false},"excerpt":{"rendered":"<p>Nel Comune di Ventimiglia i soldi ci sono oppure no? Io ho gi\u00e0 detto in un precedente articolo che valutavo la consistenza del &#8220;tesoretto&#8221; (se si sa dove guardare) pari a circa duemilioni di euro, ma era ed \u00e9 una &hellip; <a href=\"https:\/\/www.ventimigliablog.it\/blog\/il-salvadanaio-del-comune-di-ventimiglia\/\">Continua a leggere<span class=\"meta-nav\">&rarr;<\/span><\/a><\/p>\n","protected":false},"author":10,"featured_media":0,"comment_status":"open","ping_status":"closed","sticky":false,"template":"","format":"standard","meta":{"ngg_post_thumbnail":0,"footnotes":""},"categories":[1,7,6],"tags":[66,35,65,64,14],"_links":{"self":[{"href":"https:\/\/www.ventimigliablog.it\/blog\/wp-json\/wp\/v2\/posts\/3397"}],"collection":[{"href":"https:\/\/www.ventimigliablog.it\/blog\/wp-json\/wp\/v2\/posts"}],"about":[{"href":"https:\/\/www.ventimigliablog.it\/blog\/wp-json\/wp\/v2\/types\/post"}],"author":[{"embeddable":true,"href":"https:\/\/www.ventimigliablog.it\/blog\/wp-json\/wp\/v2\/users\/10"}],"replies":[{"embeddable":true,"href":"https:\/\/www.ventimigliablog.it\/blog\/wp-json\/wp\/v2\/comments?post=3397"}],"version-history":[{"count":0,"href":"https:\/\/www.ventimigliablog.it\/blog\/wp-json\/wp\/v2\/posts\/3397\/revisions"}],"wp:attachment":[{"href":"https:\/\/www.ventimigliablog.it\/blog\/wp-json\/wp\/v2\/media?parent=3397"}],"wp:term":[{"taxonomy":"category","embeddable":true,"href":"https:\/\/www.ventimigliablog.it\/blog\/wp-json\/wp\/v2\/categories?post=3397"},{"taxonomy":"post_tag","embeddable":true,"href":"https:\/\/www.ventimigliablog.it\/blog\/wp-json\/wp\/v2\/tags?post=3397"}],"curies":[{"name":"wp","href":"https:\/\/api.w.org\/{rel}","templated":true}]}}