{"id":3437,"date":"2013-12-06T21:43:40","date_gmt":"2013-12-06T20:43:40","guid":{"rendered":"http:\/\/www.ventimigliablog.it\/blog\/?p=3437"},"modified":"2013-12-07T01:00:31","modified_gmt":"2013-12-07T00:00:31","slug":"grandi-novita-di-scullino-sulle-prossime-elezioni-comunali-ventimiglia","status":"publish","type":"post","link":"https:\/\/www.ventimigliablog.it\/blog\/grandi-novita-di-scullino-sulle-prossime-elezioni-comunali-ventimiglia\/","title":{"rendered":"Grandi novit\u00e0 (di Scullino) sulle prossime elezioni comunali a Ventimiglia"},"content":{"rendered":"<p style=\"text-align: justify;\">Scullino far\u00e0 un passo indietro per creare un unico grande centro di moderati per dare la vera svolta a Ventimiglia. Questa \u00e8 un&#8217;importante e grande novit\u00e0 che leggo oggi nell&#8217;articolo <a href=\"http:\/\/www.riviera24.it\/articoli\/2013\/12\/06\/167144\/scullino-riunisce-i-suoi-fedelissimi-per-gli-auguri-di-natale-e-per-una-riflessione-sulle-elezioni\" target=\"_blank\">&#8220;Scullino riunisce i suoi fedelissimi per gli auguri di Natale e per una riflessione sulle elezioni&#8221;.<\/a>\u00a0Per\u00f2 essere cauti \u00e8 d&#8217;obbligo, cercher\u00f2 di indagare e poi vi dir\u00f2. Voi per\u00f2 non dite nulla \u00a0a Scullino di questi miei propositi, altrimenti terr\u00e0 la bocca cucita!<!--more--><\/p>\n<p style=\"text-align: justify;\">Dall&#8217;articolo si evince l&#8217;idea di un candidato sindaco che <em>&#8220;da una parte rappresenti la svolta (quindi, un volto nuovo), ma dall&#8217;altra dia un segno di continuit\u00e0 col passato, portando a termine le tante opere avviate dalla precedente amministrazione Scullino: a partire dall&#8217;ex parco merci; ai 3 sottopassi, alla &#8220;tanovia&#8221; e via dicendo.&#8221;<\/em><\/p>\n<p style=\"text-align: justify;\">Se questo risultato fuoriesce da una riunione organizzata da Scullino, devo dedurre che Scullino condivida l&#8217;idea di un volto nuovo come candidato Sindaco? Devo quindi dedurre che Scullino abbia maturato l&#8217;idea di non candidarsi per dare spazio ad un &#8220;volto nuovo&#8221; che possa continuare le opere da lui iniziate con la sua amministrazione?<\/p>\n<p style=\"text-align: justify;\">Appena mi capiter\u00e0 di vederlo, glielo chieder\u00f2!<\/p>\n<p style=\"text-align: justify;\">Io avevo gi\u00e0 espresso in questo blog il consiglio a Scullino di fare un passo indietro per onorare la correttezza amministrativa e l&#8217;amore che lui ha sempre dimostrato per la Citt\u00e0 di Ventimiglia. Sia ben chiaro, e credo sia superfluo che sia proprio io a precisarlo, considero Scullino una vittima di quanto accaduto, il miglior sindaco che Ventimiglia abbia avuto, una persona che ha dedicato tutto il tempo a sua disposizione per amministrare bene e con concreti risultati Ventimiglia. Oggi per\u00f2 \u00e8 opportuno e corretto aspettare che la verit\u00e0 emerga, che la giustizia faccia il suo corso e che tutti possano ammettere gli errori fatti gettando ingiustamente fango su delle persone oneste e per bene.<\/p>\n<p style=\"text-align: justify;\">Le grandi manovre quindi continuano. E&#8217; certamente vero che la decisione finale spetter\u00e0 agli elettori di Ventimiglia, nel maggio del 2014, ma essi decideranno scegliendo un candidato sindaco (sostenuto da una propria coalizione) che si presenter\u00e0 dopo queste grandi manovre. Oggi \u00e8 quindi immaginabile che ci troveremo una coalizione, con il proprio candidato sindaco:<\/p>\n<p style=\"text-align: justify;\">&#8211; di centro destra, con simboli ufficiali (Forza Italia + altri)<\/p>\n<p style=\"text-align: justify;\">&#8211; di centro sinistra, con simboli ufficiali (PD + altri)<\/p>\n<p style=\"text-align: justify;\">&#8211; di centro, tendente a sinistra, senza simboli ufficiali (Dott. Iachino + altri)<\/p>\n<p style=\"text-align: justify;\">&#8211; di moderati di centro, tendenti a destra ma non solo, senza simboli (volto nuovo, in continuit\u00e0 con il lavoro fatto dall&#8217;amministrazione Scullino, + altri)<\/p>\n<p style=\"text-align: justify;\">&#8211; \u00a0del movimento 5 stelle<\/p>\n<p style=\"text-align: justify;\">&#8211; dei frontalieri.<\/p>\n<p style=\"text-align: justify;\">Vi sembrano troppi? Personalmente credo di no, anzi, sono pochi. La possibilit\u00e0 di un&#8217;ampia scelta aumenta la forza democratica del voto in un sistema elettorale, come quello vigente per i comuni con oltre 15.000 abitanti, che prevede il ballottaggio nel caso nessun candidato sindaco, con la sua coalizione, raggiunga almeno il 50%+1 dei voti.<\/p>\n<p style=\"text-align: justify;\">I cittadini di Ventimiglia potrebbe essere chiamati a una grande &#8220;scrematura&#8221; tra le tante proposte possibili (vedi sopra) e 15 giorni dopo scegliere tra le migliori due rimaste. Trovo questa possibilit\u00e0 molto stimolante.<\/p>\n<p style=\"text-align: justify;\">Se ci fosse un sistema analogo a livello nazionale non ci troveremmo nelle condizioni in cui siamo.<\/p>\n<p style=\"text-align: justify;\">6 dicembre 2013 &#8211; Marco Prestileo<\/p>\n<p>&nbsp;<\/p>\n<p>&nbsp;<\/p>\n<p>&nbsp;<\/p>\n\t<div class=\"quickshare-container\">\r\n\t<ul class=\"quickshare-text qs-genericons quickshare-small\">\r\n\t\t<li class=\"quickshare-share\">Condividi :<\/li> \r\n\t\t<li><a href=\"https:\/\/facebook.com\/sharer.php?u=https%3A%2F%2Fwww.ventimigliablog.it%2Fblog%2Fgrandi-novita-di-scullino-sulle-prossime-elezioni-comunali-ventimiglia%2F&amp;t=Grandi+novit%C3%A0+%28di+Scullino%29+sulle+prossime+elezioni+comunali+a+Ventimiglia+<+Ventimigliablog\" target=\"_blank\" title=\"Share on Facebook\"><span class=\"quickshare-facebook\">Facebook<\/span><\/a><\/li>\t\t<li><a href=\"https:\/\/twitter.com\/intent\/tweet?url=https%3A%2F%2Fwww.ventimigliablog.it%2Fblog%2Fgrandi-novita-di-scullino-sulle-prossime-elezioni-comunali-ventimiglia%2F&amp;text=Grandi+novit%C3%A0+%28di+Scullino%29+sulle+prossime+elezioni+comunali+a+Ventimiglia+<+Ventimigliablog\" target=\"_blank\" title=\"Share on Twitter\"><span class=\"quickshare-twitter\">Twitter<\/span><\/a><\/li>\t\t\t\t\t\t<li><a href=\"https:\/\/plus.google.com\/share?url=https%3A%2F%2Fwww.ventimigliablog.it%2Fblog%2Fgrandi-novita-di-scullino-sulle-prossime-elezioni-comunali-ventimiglia%2F\" target=\"_blank\" title=\"Share on Google+\"><span class=\"quickshare-googleplus\">Google+<\/span><\/a><\/li>\t\t\t\t\t\t\t\t<li><a href=\"mailto:?subject=Ventimigliablog:+Grandi+novit%C3%A0+%28di+Scullino%29+sulle+prossime+elezioni+comunali+a+Ventimiglia&amp;body=https%3A%2F%2Fwww.ventimigliablog.it%2Fblog%2Fgrandi-novita-di-scullino-sulle-prossime-elezioni-comunali-ventimiglia%2F\" target=\"_blank\" title=\"Share via Email\"><span class=\"quickshare-email\">Email<\/span><\/a><\/li>\t<\/ul>\r\n\t<\/div>\r\n","protected":false},"excerpt":{"rendered":"<p>Scullino far\u00e0 un passo indietro per creare un unico grande centro di moderati per dare la vera svolta a Ventimiglia. Questa \u00e8 un&#8217;importante e grande novit\u00e0 che leggo oggi nell&#8217;articolo &#8220;Scullino riunisce i suoi fedelissimi per gli auguri di Natale &hellip; <a href=\"https:\/\/www.ventimigliablog.it\/blog\/grandi-novita-di-scullino-sulle-prossime-elezioni-comunali-ventimiglia\/\">Continua a leggere<span class=\"meta-nav\">&rarr;<\/span><\/a><\/p>\n","protected":false},"author":10,"featured_media":0,"comment_status":"open","ping_status":"closed","sticky":false,"template":"","format":"standard","meta":{"ngg_post_thumbnail":0,"footnotes":""},"categories":[3,1,7,6],"tags":[],"_links":{"self":[{"href":"https:\/\/www.ventimigliablog.it\/blog\/wp-json\/wp\/v2\/posts\/3437"}],"collection":[{"href":"https:\/\/www.ventimigliablog.it\/blog\/wp-json\/wp\/v2\/posts"}],"about":[{"href":"https:\/\/www.ventimigliablog.it\/blog\/wp-json\/wp\/v2\/types\/post"}],"author":[{"embeddable":true,"href":"https:\/\/www.ventimigliablog.it\/blog\/wp-json\/wp\/v2\/users\/10"}],"replies":[{"embeddable":true,"href":"https:\/\/www.ventimigliablog.it\/blog\/wp-json\/wp\/v2\/comments?post=3437"}],"version-history":[{"count":0,"href":"https:\/\/www.ventimigliablog.it\/blog\/wp-json\/wp\/v2\/posts\/3437\/revisions"}],"wp:attachment":[{"href":"https:\/\/www.ventimigliablog.it\/blog\/wp-json\/wp\/v2\/media?parent=3437"}],"wp:term":[{"taxonomy":"category","embeddable":true,"href":"https:\/\/www.ventimigliablog.it\/blog\/wp-json\/wp\/v2\/categories?post=3437"},{"taxonomy":"post_tag","embeddable":true,"href":"https:\/\/www.ventimigliablog.it\/blog\/wp-json\/wp\/v2\/tags?post=3437"}],"curies":[{"name":"wp","href":"https:\/\/api.w.org\/{rel}","templated":true}]}}