{"id":3450,"date":"2013-12-09T12:18:08","date_gmt":"2013-12-09T11:18:08","guid":{"rendered":"http:\/\/www.ventimigliablog.it\/blog\/?p=3450"},"modified":"2013-12-09T18:01:23","modified_gmt":"2013-12-09T17:01:23","slug":"liberte-egalite-fraternite","status":"publish","type":"post","link":"https:\/\/www.ventimigliablog.it\/blog\/liberte-egalite-fraternite\/","title":{"rendered":"Libert\u00e9, \u00c9galit\u00e9, Fraternit\u00e9"},"content":{"rendered":"<p style=\"text-align: justify;\">\u2026e mentre il governo si diLetta a giocare con le scadenze IMU, gli studenti scioperano, i frontalieri scioperano, i cittadini scioperano, gli autotrasportatori scioperano. Acceleriamo ogni giorno di pi\u00f9 con la vecchia gloriosa fiat topolino degli anni \u201960 verso il nulla, convinti che saremo in grado di saltare fuori all\u2019ultimo, proprio un secondo prima del baratro.<!--more--> La mia, oggi, \u00e8 la sensazione piacevolmente francese di chi sa che presto o tardi i malvagi, tutti, verranno decapitati e il popolo riprender\u00e0 il comando. <em>Altro dirvi non vo&#8217;; ma la tua festa\u00a0ch&#8217;anco tardi a venir non ti sia grave.<\/em><\/p>\n<p style=\"text-align: justify;\">9 dicembre 2013 \u2013 Albino Dicerto<\/p>\n<p style=\"text-align: justify;\">P.s. il testo del presente articolo, pur tinteggiato a parole dure e tinte fosche il pensiero dell\u2019autore, non intende in alcun modo incitare alcunch\u00ec alla violenza fisica nei confronti di qualcuno. Si tratta del desiderio di un cittadino Italo-Ventimigliese di veder \u201cdecapitata\u201d l\u2019attuale casta politico-burocratica italiana che viene ritenuta, da chi scrive, il vero e triste motivo per cui siamo con le pezze al culo. Se moriamo, non \u00e8 certamente colpa dell\u2019evasione fiscale ne\u2019, mi viene tristemente da dire, della delinquenza o delle organizzazioni criminali. Entrambi sono dei fenomeni di marketing creati ad hoc per distogliere il nostro sguardo dalla realt\u00e0. In Italia, purtroppo, c\u2019\u00e8 qualcosa di molto peggiore.<\/p>\n<p style=\"text-align: justify;\">P.p.s. Il presente articolo non intende offendere nessuno in modo specifico: il malcostume di chi ci amministra \u00e8 talmente ampio che mi riterrei scorretto nel prendermela solo con 3 o 4 gatti finiti, per caso, in provincia di Imperia.<\/p>\n<p style=\"text-align: justify;\">P.p.p.s. Mi scuso con la fiat topolino per averla inserita nel medesimo articolo in cui inserisco 3 o 4 gatti.<\/p>\n\t<div class=\"quickshare-container\">\r\n\t<ul class=\"quickshare-text qs-genericons quickshare-small\">\r\n\t\t<li class=\"quickshare-share\">Condividi :<\/li> \r\n\t\t<li><a href=\"https:\/\/facebook.com\/sharer.php?u=https%3A%2F%2Fwww.ventimigliablog.it%2Fblog%2Fliberte-egalite-fraternite%2F&amp;t=Libert%C3%A9%2C+%C3%89galit%C3%A9%2C+Fraternit%C3%A9+<+Ventimigliablog\" target=\"_blank\" title=\"Share on Facebook\"><span class=\"quickshare-facebook\">Facebook<\/span><\/a><\/li>\t\t<li><a href=\"https:\/\/twitter.com\/intent\/tweet?url=https%3A%2F%2Fwww.ventimigliablog.it%2Fblog%2Fliberte-egalite-fraternite%2F&amp;text=Libert%C3%A9%2C+%C3%89galit%C3%A9%2C+Fraternit%C3%A9+<+Ventimigliablog\" target=\"_blank\" title=\"Share on Twitter\"><span class=\"quickshare-twitter\">Twitter<\/span><\/a><\/li>\t\t\t\t\t\t<li><a href=\"https:\/\/plus.google.com\/share?url=https%3A%2F%2Fwww.ventimigliablog.it%2Fblog%2Fliberte-egalite-fraternite%2F\" target=\"_blank\" title=\"Share on Google+\"><span class=\"quickshare-googleplus\">Google+<\/span><\/a><\/li>\t\t\t\t\t\t\t\t<li><a href=\"mailto:?subject=Ventimigliablog:+Libert%C3%A9%2C+%C3%89galit%C3%A9%2C+Fraternit%C3%A9&amp;body=https%3A%2F%2Fwww.ventimigliablog.it%2Fblog%2Fliberte-egalite-fraternite%2F\" target=\"_blank\" title=\"Share via Email\"><span class=\"quickshare-email\">Email<\/span><\/a><\/li>\t<\/ul>\r\n\t<\/div>\r\n","protected":false},"excerpt":{"rendered":"<p>\u2026e mentre il governo si diLetta a giocare con le scadenze IMU, gli studenti scioperano, i frontalieri scioperano, i cittadini scioperano, gli autotrasportatori scioperano. Acceleriamo ogni giorno di pi\u00f9 con la vecchia gloriosa fiat topolino degli anni \u201960 verso il &hellip; <a href=\"https:\/\/www.ventimigliablog.it\/blog\/liberte-egalite-fraternite\/\">Continua a leggere<span class=\"meta-nav\">&rarr;<\/span><\/a><\/p>\n","protected":false},"author":12,"featured_media":0,"comment_status":"open","ping_status":"closed","sticky":false,"template":"","format":"standard","meta":{"ngg_post_thumbnail":0,"footnotes":""},"categories":[1],"tags":[],"_links":{"self":[{"href":"https:\/\/www.ventimigliablog.it\/blog\/wp-json\/wp\/v2\/posts\/3450"}],"collection":[{"href":"https:\/\/www.ventimigliablog.it\/blog\/wp-json\/wp\/v2\/posts"}],"about":[{"href":"https:\/\/www.ventimigliablog.it\/blog\/wp-json\/wp\/v2\/types\/post"}],"author":[{"embeddable":true,"href":"https:\/\/www.ventimigliablog.it\/blog\/wp-json\/wp\/v2\/users\/12"}],"replies":[{"embeddable":true,"href":"https:\/\/www.ventimigliablog.it\/blog\/wp-json\/wp\/v2\/comments?post=3450"}],"version-history":[{"count":0,"href":"https:\/\/www.ventimigliablog.it\/blog\/wp-json\/wp\/v2\/posts\/3450\/revisions"}],"wp:attachment":[{"href":"https:\/\/www.ventimigliablog.it\/blog\/wp-json\/wp\/v2\/media?parent=3450"}],"wp:term":[{"taxonomy":"category","embeddable":true,"href":"https:\/\/www.ventimigliablog.it\/blog\/wp-json\/wp\/v2\/categories?post=3450"},{"taxonomy":"post_tag","embeddable":true,"href":"https:\/\/www.ventimigliablog.it\/blog\/wp-json\/wp\/v2\/tags?post=3450"}],"curies":[{"name":"wp","href":"https:\/\/api.w.org\/{rel}","templated":true}]}}