{"id":3466,"date":"2013-12-11T11:11:10","date_gmt":"2013-12-11T10:11:10","guid":{"rendered":"http:\/\/www.ventimigliablog.it\/blog\/?p=3466"},"modified":"2013-12-11T11:29:37","modified_gmt":"2013-12-11T10:29:37","slug":"40-000-pezze","status":"publish","type":"post","link":"https:\/\/www.ventimigliablog.it\/blog\/40-000-pezze\/","title":{"rendered":"40.000 pezze"},"content":{"rendered":"<p>Domani ci sar\u00f2 anche io alla manifestazione. Se vengono anche gli altri 29 candidati sindaco il corteo si pu\u00f2 fare. Non mi riconoscerete perch\u00e9, rispetto a 10 anni fa, sono quello senza basco, senza kefia ne\u2019 bianca ne\u2019 rossa, senza maglia del Che, senza speranza e senza futuro. <!--more-->Sar\u00f2 un Ventimigliese in mezzo, spero, ad altri 20.000 Ventimigliesi, tutti con le pezze al culo: tutte quelle pezze (e quei culi) qualcosa serviranno prima o poi. Ci saranno i politici? E gli apicoltori? I 1.000 lettori del blog?<\/p>\n<p>11 dicembre 2013 &#8211; Albino Dicerto<\/p>\n\t<div class=\"quickshare-container\">\r\n\t<ul class=\"quickshare-text qs-genericons quickshare-small\">\r\n\t\t<li class=\"quickshare-share\">Condividi :<\/li> \r\n\t\t<li><a href=\"https:\/\/facebook.com\/sharer.php?u=https%3A%2F%2Fwww.ventimigliablog.it%2Fblog%2F40-000-pezze%2F&amp;t=40.000+pezze+<+Ventimigliablog\" target=\"_blank\" title=\"Share on Facebook\"><span class=\"quickshare-facebook\">Facebook<\/span><\/a><\/li>\t\t<li><a href=\"https:\/\/twitter.com\/intent\/tweet?url=https%3A%2F%2Fwww.ventimigliablog.it%2Fblog%2F40-000-pezze%2F&amp;text=40.000+pezze+<+Ventimigliablog\" target=\"_blank\" title=\"Share on Twitter\"><span class=\"quickshare-twitter\">Twitter<\/span><\/a><\/li>\t\t\t\t\t\t<li><a href=\"https:\/\/plus.google.com\/share?url=https%3A%2F%2Fwww.ventimigliablog.it%2Fblog%2F40-000-pezze%2F\" target=\"_blank\" title=\"Share on Google+\"><span class=\"quickshare-googleplus\">Google+<\/span><\/a><\/li>\t\t\t\t\t\t\t\t<li><a href=\"mailto:?subject=Ventimigliablog:+40.000+pezze&amp;body=https%3A%2F%2Fwww.ventimigliablog.it%2Fblog%2F40-000-pezze%2F\" target=\"_blank\" title=\"Share via Email\"><span class=\"quickshare-email\">Email<\/span><\/a><\/li>\t<\/ul>\r\n\t<\/div>\r\n","protected":false},"excerpt":{"rendered":"<p>Domani ci sar\u00f2 anche io alla manifestazione. Se vengono anche gli altri 29 candidati sindaco il corteo si pu\u00f2 fare. Non mi riconoscerete perch\u00e9, rispetto a 10 anni fa, sono quello senza basco, senza kefia ne\u2019 bianca ne\u2019 rossa, senza &hellip; <a href=\"https:\/\/www.ventimigliablog.it\/blog\/40-000-pezze\/\">Continua a leggere<span class=\"meta-nav\">&rarr;<\/span><\/a><\/p>\n","protected":false},"author":12,"featured_media":0,"comment_status":"open","ping_status":"closed","sticky":false,"template":"","format":"standard","meta":{"ngg_post_thumbnail":0,"footnotes":""},"categories":[1],"tags":[],"_links":{"self":[{"href":"https:\/\/www.ventimigliablog.it\/blog\/wp-json\/wp\/v2\/posts\/3466"}],"collection":[{"href":"https:\/\/www.ventimigliablog.it\/blog\/wp-json\/wp\/v2\/posts"}],"about":[{"href":"https:\/\/www.ventimigliablog.it\/blog\/wp-json\/wp\/v2\/types\/post"}],"author":[{"embeddable":true,"href":"https:\/\/www.ventimigliablog.it\/blog\/wp-json\/wp\/v2\/users\/12"}],"replies":[{"embeddable":true,"href":"https:\/\/www.ventimigliablog.it\/blog\/wp-json\/wp\/v2\/comments?post=3466"}],"version-history":[{"count":0,"href":"https:\/\/www.ventimigliablog.it\/blog\/wp-json\/wp\/v2\/posts\/3466\/revisions"}],"wp:attachment":[{"href":"https:\/\/www.ventimigliablog.it\/blog\/wp-json\/wp\/v2\/media?parent=3466"}],"wp:term":[{"taxonomy":"category","embeddable":true,"href":"https:\/\/www.ventimigliablog.it\/blog\/wp-json\/wp\/v2\/categories?post=3466"},{"taxonomy":"post_tag","embeddable":true,"href":"https:\/\/www.ventimigliablog.it\/blog\/wp-json\/wp\/v2\/tags?post=3466"}],"curies":[{"name":"wp","href":"https:\/\/api.w.org\/{rel}","templated":true}]}}