{"id":3472,"date":"2013-12-12T16:32:39","date_gmt":"2013-12-12T15:32:39","guid":{"rendered":"http:\/\/www.ventimigliablog.it\/blog\/?p=3472"},"modified":"2013-12-12T16:37:09","modified_gmt":"2013-12-12T15:37:09","slug":"notizie-dal-fronte","status":"publish","type":"post","link":"https:\/\/www.ventimigliablog.it\/blog\/notizie-dal-fronte\/","title":{"rendered":"Notizie dal fronte"},"content":{"rendered":"<p>La giornata sar\u00e0 ancora lunga pare. La manifestazione \u00e8 strana. Che io ricordi, non avevo mai assistito ad un corteo con cos\u00ec tante differenti anime, segno che la protesta \u00e8 dei cittadini e non di qualche corporazione o in difesa di singoli interessi di qualche gruppetto. E&#8217; difficile prevedere come proseguir\u00e0 l&#8217;azione dei cittadini, se tutto finir\u00e0 di nuovo in una bolla di sapone o questi gruppi disorganizzati, casuali e cos\u00ec variegati sapranno conquistare lo spazio che meritano. <!--more-->Devo ammettere che la disorganizzazione e la mancanza di una strategia di queste persone mi affascina.<\/p>\n<p>12 dicembre 2013 &#8211; Albino Dicerto<\/p>\n<p>P.s. Non ci siamo incrociati ma ho letto che Scullino era alla manifestazione, non so se per caso o per convinzione (magari ce lo dir\u00e0 lui&#8230;). Credo significhi che la gente lo vuole e lui vuole la gente. I Ventimigliesi sognano un ritorno a quando a una domanda seguiva, sempre, una risposta.<\/p>\n\t<div class=\"quickshare-container\">\r\n\t<ul class=\"quickshare-text qs-genericons quickshare-small\">\r\n\t\t<li class=\"quickshare-share\">Condividi :<\/li> \r\n\t\t<li><a href=\"https:\/\/facebook.com\/sharer.php?u=https%3A%2F%2Fwww.ventimigliablog.it%2Fblog%2Fnotizie-dal-fronte%2F&amp;t=Notizie+dal+fronte+<+Ventimigliablog\" target=\"_blank\" title=\"Share on Facebook\"><span class=\"quickshare-facebook\">Facebook<\/span><\/a><\/li>\t\t<li><a href=\"https:\/\/twitter.com\/intent\/tweet?url=https%3A%2F%2Fwww.ventimigliablog.it%2Fblog%2Fnotizie-dal-fronte%2F&amp;text=Notizie+dal+fronte+<+Ventimigliablog\" target=\"_blank\" title=\"Share on Twitter\"><span class=\"quickshare-twitter\">Twitter<\/span><\/a><\/li>\t\t\t\t\t\t<li><a href=\"https:\/\/plus.google.com\/share?url=https%3A%2F%2Fwww.ventimigliablog.it%2Fblog%2Fnotizie-dal-fronte%2F\" target=\"_blank\" title=\"Share on Google+\"><span class=\"quickshare-googleplus\">Google+<\/span><\/a><\/li>\t\t\t\t\t\t\t\t<li><a href=\"mailto:?subject=Ventimigliablog:+Notizie+dal+fronte&amp;body=https%3A%2F%2Fwww.ventimigliablog.it%2Fblog%2Fnotizie-dal-fronte%2F\" target=\"_blank\" title=\"Share via Email\"><span class=\"quickshare-email\">Email<\/span><\/a><\/li>\t<\/ul>\r\n\t<\/div>\r\n","protected":false},"excerpt":{"rendered":"<p>La giornata sar\u00e0 ancora lunga pare. La manifestazione \u00e8 strana. Che io ricordi, non avevo mai assistito ad un corteo con cos\u00ec tante differenti anime, segno che la protesta \u00e8 dei cittadini e non di qualche corporazione o in difesa &hellip; <a href=\"https:\/\/www.ventimigliablog.it\/blog\/notizie-dal-fronte\/\">Continua a leggere<span class=\"meta-nav\">&rarr;<\/span><\/a><\/p>\n","protected":false},"author":12,"featured_media":0,"comment_status":"open","ping_status":"closed","sticky":false,"template":"","format":"standard","meta":{"ngg_post_thumbnail":0,"footnotes":""},"categories":[1],"tags":[],"_links":{"self":[{"href":"https:\/\/www.ventimigliablog.it\/blog\/wp-json\/wp\/v2\/posts\/3472"}],"collection":[{"href":"https:\/\/www.ventimigliablog.it\/blog\/wp-json\/wp\/v2\/posts"}],"about":[{"href":"https:\/\/www.ventimigliablog.it\/blog\/wp-json\/wp\/v2\/types\/post"}],"author":[{"embeddable":true,"href":"https:\/\/www.ventimigliablog.it\/blog\/wp-json\/wp\/v2\/users\/12"}],"replies":[{"embeddable":true,"href":"https:\/\/www.ventimigliablog.it\/blog\/wp-json\/wp\/v2\/comments?post=3472"}],"version-history":[{"count":0,"href":"https:\/\/www.ventimigliablog.it\/blog\/wp-json\/wp\/v2\/posts\/3472\/revisions"}],"wp:attachment":[{"href":"https:\/\/www.ventimigliablog.it\/blog\/wp-json\/wp\/v2\/media?parent=3472"}],"wp:term":[{"taxonomy":"category","embeddable":true,"href":"https:\/\/www.ventimigliablog.it\/blog\/wp-json\/wp\/v2\/categories?post=3472"},{"taxonomy":"post_tag","embeddable":true,"href":"https:\/\/www.ventimigliablog.it\/blog\/wp-json\/wp\/v2\/tags?post=3472"}],"curies":[{"name":"wp","href":"https:\/\/api.w.org\/{rel}","templated":true}]}}