{"id":3486,"date":"2013-12-14T11:03:43","date_gmt":"2013-12-14T10:03:43","guid":{"rendered":"http:\/\/www.ventimigliablog.it\/blog\/?p=3486"},"modified":"2013-12-14T12:50:31","modified_gmt":"2013-12-14T11:50:31","slug":"tares-e-la-dichiaraizone-del-commissario-dott-aversa","status":"publish","type":"post","link":"https:\/\/www.ventimigliablog.it\/blog\/tares-e-la-dichiaraizone-del-commissario-dott-aversa\/","title":{"rendered":"TARES e la dichiarazione del Commissario Dott. Aversa"},"content":{"rendered":"<p>Ieri su &#8220;La Stampa&#8221; \u00e8 apparsa una dichiarazione del Commissario Aversa che in risposta alla delegazione dei commercianti di Ventimiglia che si lamentavano su come \u00e8 stata applicata la TARES a Ventimiglia, sembra abbia detto, in sostanza,\u00a0che &#8220;non esclude che degli errori ci siano stati &#8230;&#8230; la TARES va comunque pagata entro il 16 dicembre&#8221;. E&#8217; stata anche concessa la possibilit\u00e0 di rateizzare.<\/p>\n<p><!--more-->Non abbiamo dubbi sulla sincerit\u00e0 delle dichiarazioni del Dott. Aversa, speriamo che questi controlli ci siano e siano solerti, perch\u00e9 gli errori ci sono. E non solo per i commercianti ma consigliamo di verificare anche per i privati cittadini che hanno pi\u00f9 di un immobile. Non vogliamo passare per i primi della classe enunciandoli in questa sede,\u00a0gli\u00a0addetti dell&#8217;Ufficio Tributi\u00a0sono certamente in grado di evidenziarli da soli, se li lasciano lavorare &#8230;.\u00a0&#8220;dai piani alti&#8221;.<\/p>\n<p>14 dicembre 2013 &#8211; Marco Prestileo<\/p>\n<p>P.S.: Si ringrazia a nome dei fruitori della rateizzazione concessa, non le 4 rate dovute ma 6 e si riporta la delibera che la prevede: <a href=\"http:\/\/www.ventimigliablog.it\/blog\/wp-content\/uploads\/2013\/12\/TARES-rateizzaizone.pdf\">TARES rateizzazione<\/a>\u00a0(la prendiamo per buona, come se\u00a0fosse una modifica al regolamento, una sorta di semplificazione amministrativa concessa alla Commissione, che si chiama Straordinaria non a caso).<\/p>\n<p>P.S.S.: Nel 2014 sar\u00e0 meglio fare un controllo delle entrate da TARES 2013 e magari ci si accorger\u00e0 che il Comune ha incassato pi\u00f9 di quello che ha speso nel 2013 per questo servizio (l&#8217;obbligo di copertura \u00e8 il 100%, se il Comune incassa di pi\u00f9 dovrebbe restituire &#8230;&#8230; meglio sarebbe non incassare dai cittadini che non possono permettersi di fare da Banca, ma\u00a0ci rimettiamo alle decisioni ultime della\u00a0&#8220;Straordinaria&#8221;).<\/p>\n\t<div class=\"quickshare-container\">\r\n\t<ul class=\"quickshare-text qs-genericons quickshare-small\">\r\n\t\t<li class=\"quickshare-share\">Condividi :<\/li> \r\n\t\t<li><a href=\"https:\/\/facebook.com\/sharer.php?u=https%3A%2F%2Fwww.ventimigliablog.it%2Fblog%2Ftares-e-la-dichiaraizone-del-commissario-dott-aversa%2F&amp;t=TARES+e+la+dichiarazione+del+Commissario+Dott.+Aversa+<+Ventimigliablog\" target=\"_blank\" title=\"Share on Facebook\"><span class=\"quickshare-facebook\">Facebook<\/span><\/a><\/li>\t\t<li><a href=\"https:\/\/twitter.com\/intent\/tweet?url=https%3A%2F%2Fwww.ventimigliablog.it%2Fblog%2Ftares-e-la-dichiaraizone-del-commissario-dott-aversa%2F&amp;text=TARES+e+la+dichiarazione+del+Commissario+Dott.+Aversa+<+Ventimigliablog\" target=\"_blank\" title=\"Share on Twitter\"><span class=\"quickshare-twitter\">Twitter<\/span><\/a><\/li>\t\t\t\t\t\t<li><a href=\"https:\/\/plus.google.com\/share?url=https%3A%2F%2Fwww.ventimigliablog.it%2Fblog%2Ftares-e-la-dichiaraizone-del-commissario-dott-aversa%2F\" target=\"_blank\" title=\"Share on Google+\"><span class=\"quickshare-googleplus\">Google+<\/span><\/a><\/li>\t\t\t\t\t\t\t\t<li><a href=\"mailto:?subject=Ventimigliablog:+TARES+e+la+dichiarazione+del+Commissario+Dott.+Aversa&amp;body=https%3A%2F%2Fwww.ventimigliablog.it%2Fblog%2Ftares-e-la-dichiaraizone-del-commissario-dott-aversa%2F\" target=\"_blank\" title=\"Share via Email\"><span class=\"quickshare-email\">Email<\/span><\/a><\/li>\t<\/ul>\r\n\t<\/div>\r\n","protected":false},"excerpt":{"rendered":"<p>Ieri su &#8220;La Stampa&#8221; \u00e8 apparsa una dichiarazione del Commissario Aversa che in risposta alla delegazione dei commercianti di Ventimiglia che si lamentavano su come \u00e8 stata applicata la TARES a Ventimiglia, sembra abbia detto, in sostanza,\u00a0che &#8220;non esclude che &hellip; <a href=\"https:\/\/www.ventimigliablog.it\/blog\/tares-e-la-dichiaraizone-del-commissario-dott-aversa\/\">Continua a leggere<span class=\"meta-nav\">&rarr;<\/span><\/a><\/p>\n","protected":false},"author":10,"featured_media":0,"comment_status":"open","ping_status":"closed","sticky":false,"template":"","format":"standard","meta":{"ngg_post_thumbnail":0,"footnotes":""},"categories":[1],"tags":[],"_links":{"self":[{"href":"https:\/\/www.ventimigliablog.it\/blog\/wp-json\/wp\/v2\/posts\/3486"}],"collection":[{"href":"https:\/\/www.ventimigliablog.it\/blog\/wp-json\/wp\/v2\/posts"}],"about":[{"href":"https:\/\/www.ventimigliablog.it\/blog\/wp-json\/wp\/v2\/types\/post"}],"author":[{"embeddable":true,"href":"https:\/\/www.ventimigliablog.it\/blog\/wp-json\/wp\/v2\/users\/10"}],"replies":[{"embeddable":true,"href":"https:\/\/www.ventimigliablog.it\/blog\/wp-json\/wp\/v2\/comments?post=3486"}],"version-history":[{"count":0,"href":"https:\/\/www.ventimigliablog.it\/blog\/wp-json\/wp\/v2\/posts\/3486\/revisions"}],"wp:attachment":[{"href":"https:\/\/www.ventimigliablog.it\/blog\/wp-json\/wp\/v2\/media?parent=3486"}],"wp:term":[{"taxonomy":"category","embeddable":true,"href":"https:\/\/www.ventimigliablog.it\/blog\/wp-json\/wp\/v2\/categories?post=3486"},{"taxonomy":"post_tag","embeddable":true,"href":"https:\/\/www.ventimigliablog.it\/blog\/wp-json\/wp\/v2\/tags?post=3486"}],"curies":[{"name":"wp","href":"https:\/\/api.w.org\/{rel}","templated":true}]}}