{"id":3547,"date":"2013-12-22T20:28:52","date_gmt":"2013-12-22T19:28:52","guid":{"rendered":"http:\/\/www.ventimigliablog.it\/blog\/?p=3547"},"modified":"2013-12-23T14:59:04","modified_gmt":"2013-12-23T13:59:04","slug":"dedicato-ai-candidati-sindaci-di-ventimiglia","status":"publish","type":"post","link":"https:\/\/www.ventimigliablog.it\/blog\/dedicato-ai-candidati-sindaci-di-ventimiglia\/","title":{"rendered":"Dedicato ai candidati sindaci di Ventimiglia"},"content":{"rendered":"<p style=\"text-align: justify;\">Leggevo oggi i giornali e mi sono imbattuta nell&#8217;esilarante rubrica di Marcello Veneziani intitolata &#8221; Cuc\u00f9 &#8221; , che oggi era rivolta ai sindaci d&#8217;Italia , al loro impegno e a quanto sia divenuto oneroso assolvervi . <!--more--><\/p>\n<p style=\"text-align: justify;\">La riporto con\u00a0piacere sulle pagine di questo Blog , convinta , ogni giorno che passa , che in realt\u00e0 , umorismo di Veneziani a parte , \u00a0ricoprire l&#8217;incarico di Primo Cittadino , sia\u00a0sempre piu&#8217; difficile , fra normative deliranti che non aiutano ma ostacolano l&#8217;azione amministrativa , apparato centrale dello Stato in mano\u00a0, nella migliore delle ipotesi , a funzionari preoccupati solo del 27 del mese e di null&#8217;altro , partiti politici perennemente in stato confusionale e problemi quotidiani che affliggono le nostre citt\u00e0 in maniera cronica e apparentemente senza soluzione &#8230;. Buona lettura !<\/p>\n<p><strong><span style=\"text-decoration: underline;\">&#8221; Fate la carit\u00e0 al povero sindaco &#8220;<\/span> <\/strong><\/p>\n<div>\n<div>\n<div>\n<p style=\"text-align: justify;\"><span style=\"text-decoration: underline;\"><strong>I sindaci vivono ormai da pezzenti, parlano da soli, hanno debiti in bilancio mostruosi e sono i colpevoli di ogni disguido, ogni violenza, ogni buca .<\/strong><\/span><\/p>\n<p style=\"text-align: justify;\">&#8221; Ora che \u00e8 Natale andate in Comune e fate una carezza al vostro sindaco. Anche se lo detestate, abbiate piet\u00e0 di lui. I sindaci vivono ormai da pezzenti, parlano da soli, hanno debiti in bilancio mostruosi e sono i colpevoli di ogni disguido, ogni violenza, ogni buca, traffico, multa e povert\u00e0 della propria citt\u00e0. Ma chi ve l&#8217;ha fatto fare di prendervi una rogna cos\u00ec, perch\u00e9 quest&#8217;operazione martirio con impopolarit\u00e0 finale pi\u00f9 processi? Fassino \u00e8 ormai una larva, pareva impossibile ma \u00e8 perfino dimagrito da quando \u00e8 sindaco e fa economia fino all&#8217;osso. Gli occhi sono definitivamente usciti dalle orbite e implorano tributi. Pisapia \u00e8 sulla via, chiede l&#8217;Imu per strada. De Magistris a Napoli vive tra i rifiuti, \u00e8 riuscito a mettere d&#8217;accordo contro di lui tutti, malavita e vittime, negozianti e disoccupati. Marino, sindaco rom, prende ogni giorno legnate da tutti, assessori inclusi, e Roma \u00e8 davvero un Far West, ieri un conducente di bus \u00e8 stato ferito da una freccia. A Messina il sindaco Accorinti va gi\u00e0 scalzo e svestito. A Bari Emiliano non ha pi\u00f9 cozze da succhiare. \u00c8 per scampare la croce di sindaco che Renzi \u00e8 fuggito alla guida del Pd. Vent&#8217;anni fa era l&#8217;apoteosi dei sindaci alla conquista dell&#8217;Italia. Ora piangono miseria. E guadagnano molto meno dei duemila e rotti deputati nazionali, europei e regionali, per tre quarti pagati per fare solo i figuranti. Quando i sindaci vanno alla Caritas sono accolti in visita ufficiale, ma loro vorrebbero solo un piatto caldo. Fate la carit\u00e0 a un povero sindaco . &#8220;<\/p>\n<p style=\"text-align: justify;\">Buon natale a tutti !<\/p>\n<p style=\"text-align: justify;\">Beatrice M.<\/p>\n<p style=\"text-align: justify;\">P.S.\u00a0: una puntualizzazione necessaria : \u00a0\u00e8 solo un caso che fra i sindaci citati da Veneziani vi siano solo iscritti al PD o simpatizzanti tali . Per quanto mi riguarda\u00a0le difficolt\u00e0 sono di tutti senza distinzione alcuna , \u00e8 per\u00f2 quantomeno strano , che solitamente i sindaci PDL\u00a0vengono dipinti come sporchi , brutti e cattivi\u00a0 , mentre quelli iscritti al PD o di area PD sono dei fenomeni &#8230;&#8230; !<\/p>\n<p>&nbsp;<\/p>\n<\/div>\n<\/div>\n<\/div>\n\t<div class=\"quickshare-container\">\r\n\t<ul class=\"quickshare-text qs-genericons quickshare-small\">\r\n\t\t<li class=\"quickshare-share\">Condividi :<\/li> \r\n\t\t<li><a href=\"https:\/\/facebook.com\/sharer.php?u=https%3A%2F%2Fwww.ventimigliablog.it%2Fblog%2Fdedicato-ai-candidati-sindaci-di-ventimiglia%2F&amp;t=Dedicato+ai+candidati+sindaci+di+Ventimiglia+<+Ventimigliablog\" target=\"_blank\" title=\"Share on Facebook\"><span class=\"quickshare-facebook\">Facebook<\/span><\/a><\/li>\t\t<li><a href=\"https:\/\/twitter.com\/intent\/tweet?url=https%3A%2F%2Fwww.ventimigliablog.it%2Fblog%2Fdedicato-ai-candidati-sindaci-di-ventimiglia%2F&amp;text=Dedicato+ai+candidati+sindaci+di+Ventimiglia+<+Ventimigliablog\" target=\"_blank\" title=\"Share on Twitter\"><span class=\"quickshare-twitter\">Twitter<\/span><\/a><\/li>\t\t\t\t\t\t<li><a href=\"https:\/\/plus.google.com\/share?url=https%3A%2F%2Fwww.ventimigliablog.it%2Fblog%2Fdedicato-ai-candidati-sindaci-di-ventimiglia%2F\" target=\"_blank\" title=\"Share on Google+\"><span class=\"quickshare-googleplus\">Google+<\/span><\/a><\/li>\t\t\t\t\t\t\t\t<li><a href=\"mailto:?subject=Ventimigliablog:+Dedicato+ai+candidati+sindaci+di+Ventimiglia&amp;body=https%3A%2F%2Fwww.ventimigliablog.it%2Fblog%2Fdedicato-ai-candidati-sindaci-di-ventimiglia%2F\" target=\"_blank\" title=\"Share via Email\"><span class=\"quickshare-email\">Email<\/span><\/a><\/li>\t<\/ul>\r\n\t<\/div>\r\n","protected":false},"excerpt":{"rendered":"<p>Leggevo oggi i giornali e mi sono imbattuta nell&#8217;esilarante rubrica di Marcello Veneziani intitolata &#8221; Cuc\u00f9 &#8221; , che oggi era rivolta ai sindaci d&#8217;Italia , al loro impegno e a quanto sia divenuto oneroso assolvervi .<\/p>\n","protected":false},"author":11,"featured_media":0,"comment_status":"open","ping_status":"closed","sticky":false,"template":"","format":"standard","meta":{"ngg_post_thumbnail":0,"footnotes":""},"categories":[3,1,6],"tags":[],"_links":{"self":[{"href":"https:\/\/www.ventimigliablog.it\/blog\/wp-json\/wp\/v2\/posts\/3547"}],"collection":[{"href":"https:\/\/www.ventimigliablog.it\/blog\/wp-json\/wp\/v2\/posts"}],"about":[{"href":"https:\/\/www.ventimigliablog.it\/blog\/wp-json\/wp\/v2\/types\/post"}],"author":[{"embeddable":true,"href":"https:\/\/www.ventimigliablog.it\/blog\/wp-json\/wp\/v2\/users\/11"}],"replies":[{"embeddable":true,"href":"https:\/\/www.ventimigliablog.it\/blog\/wp-json\/wp\/v2\/comments?post=3547"}],"version-history":[{"count":0,"href":"https:\/\/www.ventimigliablog.it\/blog\/wp-json\/wp\/v2\/posts\/3547\/revisions"}],"wp:attachment":[{"href":"https:\/\/www.ventimigliablog.it\/blog\/wp-json\/wp\/v2\/media?parent=3547"}],"wp:term":[{"taxonomy":"category","embeddable":true,"href":"https:\/\/www.ventimigliablog.it\/blog\/wp-json\/wp\/v2\/categories?post=3547"},{"taxonomy":"post_tag","embeddable":true,"href":"https:\/\/www.ventimigliablog.it\/blog\/wp-json\/wp\/v2\/tags?post=3547"}],"curies":[{"name":"wp","href":"https:\/\/api.w.org\/{rel}","templated":true}]}}