{"id":3582,"date":"2013-12-30T16:05:54","date_gmt":"2013-12-30T15:05:54","guid":{"rendered":"http:\/\/www.ventimigliablog.it\/blog\/?p=3582"},"modified":"2013-12-30T16:05:54","modified_gmt":"2013-12-30T15:05:54","slug":"gli-articoli-piu-letti-dicembre-2013","status":"publish","type":"post","link":"https:\/\/www.ventimigliablog.it\/blog\/gli-articoli-piu-letti-dicembre-2013\/","title":{"rendered":"Gli articoli pi\u00f9 letti a dicembre 2013"},"content":{"rendered":"<p>Ecco i 15 articoli pi\u00f9 letti nel mese di dicembre, vi daremo nei prossimi giorni quelli pi\u00f9 letti in tutto l&#8217;anno 2013.\u00a0\u00a0\u00a0\u00a0 <a href=\"http:\/\/www.ventimigliablog.it\/blog\/wp-content\/uploads\/2013\/12\/bollettino-dicembre.jpg\"><img loading=\"lazy\" decoding=\"async\" class=\"size-medium wp-image-3584 alignright\" alt=\"bollettino dicembre\" src=\"http:\/\/www.ventimigliablog.it\/blog\/wp-content\/uploads\/2013\/12\/bollettino-dicembre-300x144.jpg\" width=\"300\" height=\"144\" srcset=\"https:\/\/www.ventimigliablog.it\/blog\/wp-content\/uploads\/2013\/12\/bollettino-dicembre-300x144.jpg 300w, https:\/\/www.ventimigliablog.it\/blog\/wp-content\/uploads\/2013\/12\/bollettino-dicembre.jpg 323w\" sizes=\"(max-width: 300px) 100vw, 300px\" \/><\/a><\/p>\n<p>I primi tre sono stati:<\/p>\n<ol>\n<li><a title=\"Ho visto due veri rappresentanti dello Stato, due eroi rischiare la loro vita\" href=\"http:\/\/www.ventimigliablog.it\/blog\/?p=3441\" target=\"_blank\">Ho visto due veri rappresentanti dello Stato, due eroi rischiare la loro vita<\/a><\/li>\n<li><a title=\"Inaudito e gravissimo, altro che tinteggiatura del mercato coperto!\" href=\"http:\/\/www.ventimigliablog.it\/blog\/?p=3493\" target=\"_blank\">Inaudito e gravissimo, altro che tinteggiatura del mercato coperto!<\/a><\/li>\n<li><a title=\"Grandi novit\u00e0 (di Scullino) sulle prossime elezioni comunali a Ventimiglia\" href=\"http:\/\/www.ventimigliablog.it\/blog\/?p=3437\" target=\"_blank\">Grandi novit\u00e0 (di Scullino) sulle prossime elezioni comunali a Ventimiglia<\/a><\/li>\n<\/ol>\n<p>Seguono: <!--more--><\/p>\n<ol>\n<li><a title=\"TARES e la dichiarazione del Commissario Dott. Aversa\" href=\"http:\/\/www.ventimigliablog.it\/blog\/?p=3486\" target=\"_blank\">TARES e la dichiarazione del Commissario Dott. Aversa<\/a><\/li>\n<li><a title=\"Lesa maest\u00e0 o abuso d'ufficio?\" href=\"http:\/\/www.ventimigliablog.it\/blog\/?p=3540\" target=\"_blank\">Lesa maest\u00e0 o abuso d&#8217;ufficio?<\/a><\/li>\n<li><a title=\"Auguri e dintorni\" href=\"http:\/\/www.ventimigliablog.it\/blog\/?p=3532\" target=\"_blank\">Auguri e dintorni<\/a><\/li>\n<li><a title=\"Ventimiglia Servizi: i tre saggi, gli esperti e occhi azzurri\" href=\"http:\/\/www.ventimigliablog.it\/blog\/?p=3395\" target=\"_blank\">Ventimiglia Servizi: i tre saggi, gli esperti e occhi azzurri<\/a><\/li>\n<li><a title=\"Perplessitudine\u2026\" href=\"http:\/\/www.ventimigliablog.it\/blog\/?p=3462\" target=\"_blank\">Perplessitudine\u2026<\/a><\/li>\n<li><a title=\"Assoluzione piena dalla Corte dei Conti per Scullino e la sua Giunta nella vicenda delle nomine dei due dirigenti a tempo determinato Bosio e Grassano\" href=\"http:\/\/www.ventimigliablog.it\/blog\/?p=3564\" target=\"_blank\">Assoluzione piena dalla Corte dei Conti per Scullino e la sua Giunta nella vicenda delle nomine dei due dirigenti a tempo determinato Bosio e Grassano<\/a><\/li>\n<li><a title=\"Un nostro lettore che inizier\u00e0 a lavorare in Francia ci pone un quesito di interesse generale\" href=\"http:\/\/www.ventimigliablog.it\/blog\/?p=1166\" target=\"_blank\">Un nostro lettore che inizier\u00e0 a lavorare in Francia ci pone un quesito di interesse generale<\/a><\/li>\n<li><a title=\"40.000 pezze\" href=\"http:\/\/www.ventimigliablog.it\/blog\/?p=3466\" target=\"_blank\">40.000 pezze<\/a><\/li>\n<li><a title=\"I numeri sono numeri e non mentono\" href=\"http:\/\/www.ventimigliablog.it\/blog\/?p=3508\" target=\"_blank\">I numeri sono numeri e non mentono<\/a><\/li>\n<li><a title=\"E' Natale, avete ricevuto gli auguri?\" href=\"http:\/\/www.ventimigliablog.it\/blog\/?p=3558\" target=\"_blank\">E&#8217; Natale, avete ricevuto gli auguri?<\/a><\/li>\n<li><a title=\"Assegnati i lavori del Chiostro di S. Agostino\" href=\"http:\/\/www.ventimigliablog.it\/blog\/?p=3434\" target=\"_blank\">Assegnati i lavori del Chiostro di S. Agostino<\/a><\/li>\n<li><a title=\"Non \u00e8 mai tardi per ravvedersi: vediamo come reagir\u00e0 il Dott. Bruno alle dichiarazioni di Sergio Scibilia\" href=\"http:\/\/www.ventimigliablog.it\/blog\/?p=2106\" target=\"_blank\">Non \u00e8 mai tardi per ravvedersi: vediamo come reagir\u00e0 il Dott. Bruno alle dichiarazioni di Sergio Scibilia<\/a><\/li>\n<\/ol>\n<p style=\"text-align: justify;\">A nome della Redazione ringraziamo tutti i nostri lettori, i nostri articoli sono da Voi letti mediamente \u00a0600 volte ogni giorno, la media durante i 5 giorni lavorativi settimanali, dal luned\u00ec al venerd\u00ec, sale a 850\u00a0volte ogni giorno, se togliamo i giorni festivi di tutto l&#8217;anno abbiamo registrato che la lettura dei nostri articoli sale a una media giornaliera di 1.000 (mille) volte.<\/p>\n<p style=\"text-align: justify;\">Auguri &#8230;&#8230;&#8230;<a href=\"http:\/\/www.ventimigliablog.it\/blog\/wp-content\/uploads\/2013\/12\/buon-2014.jpg\"><img loading=\"lazy\" decoding=\"async\" class=\"alignnone size-full wp-image-3585\" alt=\"buon 2014\" src=\"http:\/\/www.ventimigliablog.it\/blog\/wp-content\/uploads\/2013\/12\/buon-2014.jpg\" width=\"246\" height=\"205\" \/><\/a><\/p>\n<p style=\"text-align: justify;\">30 dicembre 2013 &#8211; Marco Prestileo<\/p>\n<p style=\"text-align: justify;\">\n\t<div class=\"quickshare-container\">\r\n\t<ul class=\"quickshare-text qs-genericons quickshare-small\">\r\n\t\t<li class=\"quickshare-share\">Condividi :<\/li> \r\n\t\t<li><a href=\"https:\/\/facebook.com\/sharer.php?u=https%3A%2F%2Fwww.ventimigliablog.it%2Fblog%2Fgli-articoli-piu-letti-dicembre-2013%2F&amp;t=Gli+articoli+pi%C3%B9+letti+a+dicembre+2013+<+Ventimigliablog\" target=\"_blank\" title=\"Share on Facebook\"><span class=\"quickshare-facebook\">Facebook<\/span><\/a><\/li>\t\t<li><a href=\"https:\/\/twitter.com\/intent\/tweet?url=https%3A%2F%2Fwww.ventimigliablog.it%2Fblog%2Fgli-articoli-piu-letti-dicembre-2013%2F&amp;text=Gli+articoli+pi%C3%B9+letti+a+dicembre+2013+<+Ventimigliablog\" target=\"_blank\" title=\"Share on Twitter\"><span class=\"quickshare-twitter\">Twitter<\/span><\/a><\/li>\t\t\t\t\t\t<li><a href=\"https:\/\/plus.google.com\/share?url=https%3A%2F%2Fwww.ventimigliablog.it%2Fblog%2Fgli-articoli-piu-letti-dicembre-2013%2F\" target=\"_blank\" title=\"Share on Google+\"><span class=\"quickshare-googleplus\">Google+<\/span><\/a><\/li>\t\t\t\t\t\t\t\t<li><a href=\"mailto:?subject=Ventimigliablog:+Gli+articoli+pi%C3%B9+letti+a+dicembre+2013&amp;body=https%3A%2F%2Fwww.ventimigliablog.it%2Fblog%2Fgli-articoli-piu-letti-dicembre-2013%2F\" target=\"_blank\" title=\"Share via Email\"><span class=\"quickshare-email\">Email<\/span><\/a><\/li>\t<\/ul>\r\n\t<\/div>\r\n","protected":false},"excerpt":{"rendered":"<p>Ecco i 15 articoli pi\u00f9 letti nel mese di dicembre, vi daremo nei prossimi giorni quelli pi\u00f9 letti in tutto l&#8217;anno 2013.\u00a0\u00a0\u00a0\u00a0 I primi tre sono stati: Ho visto due veri rappresentanti dello Stato, due eroi rischiare la loro vita &hellip; <a href=\"https:\/\/www.ventimigliablog.it\/blog\/gli-articoli-piu-letti-dicembre-2013\/\">Continua a leggere<span class=\"meta-nav\">&rarr;<\/span><\/a><\/p>\n","protected":false},"author":10,"featured_media":0,"comment_status":"open","ping_status":"closed","sticky":false,"template":"","format":"standard","meta":{"ngg_post_thumbnail":0,"footnotes":""},"categories":[3,1,6,10],"tags":[],"_links":{"self":[{"href":"https:\/\/www.ventimigliablog.it\/blog\/wp-json\/wp\/v2\/posts\/3582"}],"collection":[{"href":"https:\/\/www.ventimigliablog.it\/blog\/wp-json\/wp\/v2\/posts"}],"about":[{"href":"https:\/\/www.ventimigliablog.it\/blog\/wp-json\/wp\/v2\/types\/post"}],"author":[{"embeddable":true,"href":"https:\/\/www.ventimigliablog.it\/blog\/wp-json\/wp\/v2\/users\/10"}],"replies":[{"embeddable":true,"href":"https:\/\/www.ventimigliablog.it\/blog\/wp-json\/wp\/v2\/comments?post=3582"}],"version-history":[{"count":0,"href":"https:\/\/www.ventimigliablog.it\/blog\/wp-json\/wp\/v2\/posts\/3582\/revisions"}],"wp:attachment":[{"href":"https:\/\/www.ventimigliablog.it\/blog\/wp-json\/wp\/v2\/media?parent=3582"}],"wp:term":[{"taxonomy":"category","embeddable":true,"href":"https:\/\/www.ventimigliablog.it\/blog\/wp-json\/wp\/v2\/categories?post=3582"},{"taxonomy":"post_tag","embeddable":true,"href":"https:\/\/www.ventimigliablog.it\/blog\/wp-json\/wp\/v2\/tags?post=3582"}],"curies":[{"name":"wp","href":"https:\/\/api.w.org\/{rel}","templated":true}]}}