{"id":3587,"date":"2014-01-02T00:41:53","date_gmt":"2014-01-01T23:41:53","guid":{"rendered":"http:\/\/www.ventimigliablog.it\/blog\/?p=3587"},"modified":"2014-01-02T00:41:53","modified_gmt":"2014-01-01T23:41:53","slug":"franchigia-per-frontalieri-regime","status":"publish","type":"post","link":"https:\/\/www.ventimigliablog.it\/blog\/franchigia-per-frontalieri-regime\/","title":{"rendered":"Franchigia per i frontalieri a regime"},"content":{"rendered":"<p>La Legge di stabilit\u00e0 per il 2014, nonostante i patemi d\u2019animo a cui siamo abituati, conferma la soglia di esenzione fino a 6.700 euro per i frontalieri, con una grande novit\u00e0. Non \u00e8 pi\u00f9 prevista come norma \u201ca tempo\u201d, come era stato fatto finora, ma a regime, a partire dal periodo di imposta 2014.<!--more--><\/p>\n<p>L\u2019ultima proroga del regime agevolativo era stata dettata dalla Legge di stabilit\u00e0 per il 2013 (L. 228\/2012) con riferimento all\u2019anno 2013. Tale ultima disposizione, peraltro, aveva previsto che gli acconti Irpef dovuti per il 2013 e il 2014 andavano calcolati senza considerare la franchigia di 6.700 euro (si ricorda che fino al periodo di imposta 2012 era pari a 8.000 euro).<\/p>\n<p>Un altro piccolo passo in avanti \u00e8 stato fatto (la norma \u00e8 a regime) , ma non basta. Tutto invariato per i pensionati \u00a0frontalieri (nessuna franchigia) e nessun\u2019altra \u00a0particolare agevolazione come invece \u00e8 prevista \u00a0per i frontalieri italiani che risiedono in Italia e lavorano in Svizzera, i quali continuano a godere del particolare regime di favore previsto dall\u2019Accordo del 3 ottobre 1974 stipulato fra i due Paesi con tassazione esclusiva in Svizzera.<\/p>\n<p>E\u2019 bene ricordare che, secondo la costante interpretazione dell\u2019amministrazione finanziaria (circ. n. 1\/E del 2001, par. 1.2.2 e circ. n. 2\/E del 2003, par. 9) si considera \u201cfrontaliere\u201d il lavoratore dipendente che ogni giorno oltrepassa la frontiera e si reca a lavorare dall\u2019Italia all\u2019estero, in zone di confine (nel nostro caso la Francia) e Paesi limitrofi (per noi, \u00a0il Principato di Monaco).<\/p>\n<p>Ricordiamo anche che a differenza di altri frontalieri (convenzione Italia \u2013 Austria), nessun requisito circa la \u201cfrequenza temporale\u201d degli spostamenti, invece, \u00e8 prevista nella Convenzione con la Francia, secondo cui\u00a0 i redditi derivanti dal lavoro dipendente di persone abitanti nella zona di frontiera di uno degli Stati (l\u2019Italia) e che lavorano nella zona di frontiera dell\u2019altro Stato (la Francia), sono imponibili soltanto nello Stato in cui dette persone sono residenti (ossia, in Italia).<\/p>\n<p>Con il Principato di Monaco, in assenza di Convenzione con l\u2019Italia, si applicano le sole disposizioni interne. I redditi prodotti nel Principato dai nostri frontalieri rimangono tassati in Italia se ivi residenti, applicando sempre la citata franchigia.<\/p>\n<p>2 gennaio 2014 &#8211; Marco Prestileo<\/p>\n\t<div class=\"quickshare-container\">\r\n\t<ul class=\"quickshare-text qs-genericons quickshare-small\">\r\n\t\t<li class=\"quickshare-share\">Condividi :<\/li> \r\n\t\t<li><a href=\"https:\/\/facebook.com\/sharer.php?u=https%3A%2F%2Fwww.ventimigliablog.it%2Fblog%2Ffranchigia-per-frontalieri-regime%2F&amp;t=Franchigia+per+i+frontalieri+a+regime+<+Ventimigliablog\" target=\"_blank\" title=\"Share on Facebook\"><span class=\"quickshare-facebook\">Facebook<\/span><\/a><\/li>\t\t<li><a href=\"https:\/\/twitter.com\/intent\/tweet?url=https%3A%2F%2Fwww.ventimigliablog.it%2Fblog%2Ffranchigia-per-frontalieri-regime%2F&amp;text=Franchigia+per+i+frontalieri+a+regime+<+Ventimigliablog\" target=\"_blank\" title=\"Share on Twitter\"><span class=\"quickshare-twitter\">Twitter<\/span><\/a><\/li>\t\t\t\t\t\t<li><a href=\"https:\/\/plus.google.com\/share?url=https%3A%2F%2Fwww.ventimigliablog.it%2Fblog%2Ffranchigia-per-frontalieri-regime%2F\" target=\"_blank\" title=\"Share on Google+\"><span class=\"quickshare-googleplus\">Google+<\/span><\/a><\/li>\t\t\t\t\t\t\t\t<li><a href=\"mailto:?subject=Ventimigliablog:+Franchigia+per+i+frontalieri+a+regime&amp;body=https%3A%2F%2Fwww.ventimigliablog.it%2Fblog%2Ffranchigia-per-frontalieri-regime%2F\" target=\"_blank\" title=\"Share via Email\"><span class=\"quickshare-email\">Email<\/span><\/a><\/li>\t<\/ul>\r\n\t<\/div>\r\n","protected":false},"excerpt":{"rendered":"<p>La Legge di stabilit\u00e0 per il 2014, nonostante i patemi d\u2019animo a cui siamo abituati, conferma la soglia di esenzione fino a 6.700 euro per i frontalieri, con una grande novit\u00e0. Non \u00e8 pi\u00f9 prevista come norma \u201ca tempo\u201d, come &hellip; <a href=\"https:\/\/www.ventimigliablog.it\/blog\/franchigia-per-frontalieri-regime\/\">Continua a leggere<span class=\"meta-nav\">&rarr;<\/span><\/a><\/p>\n","protected":false},"author":10,"featured_media":0,"comment_status":"open","ping_status":"closed","sticky":false,"template":"","format":"standard","meta":{"ngg_post_thumbnail":0,"footnotes":""},"categories":[3,9,1,7,6,10],"tags":[],"_links":{"self":[{"href":"https:\/\/www.ventimigliablog.it\/blog\/wp-json\/wp\/v2\/posts\/3587"}],"collection":[{"href":"https:\/\/www.ventimigliablog.it\/blog\/wp-json\/wp\/v2\/posts"}],"about":[{"href":"https:\/\/www.ventimigliablog.it\/blog\/wp-json\/wp\/v2\/types\/post"}],"author":[{"embeddable":true,"href":"https:\/\/www.ventimigliablog.it\/blog\/wp-json\/wp\/v2\/users\/10"}],"replies":[{"embeddable":true,"href":"https:\/\/www.ventimigliablog.it\/blog\/wp-json\/wp\/v2\/comments?post=3587"}],"version-history":[{"count":0,"href":"https:\/\/www.ventimigliablog.it\/blog\/wp-json\/wp\/v2\/posts\/3587\/revisions"}],"wp:attachment":[{"href":"https:\/\/www.ventimigliablog.it\/blog\/wp-json\/wp\/v2\/media?parent=3587"}],"wp:term":[{"taxonomy":"category","embeddable":true,"href":"https:\/\/www.ventimigliablog.it\/blog\/wp-json\/wp\/v2\/categories?post=3587"},{"taxonomy":"post_tag","embeddable":true,"href":"https:\/\/www.ventimigliablog.it\/blog\/wp-json\/wp\/v2\/tags?post=3587"}],"curies":[{"name":"wp","href":"https:\/\/api.w.org\/{rel}","templated":true}]}}