{"id":3589,"date":"2013-12-31T13:26:47","date_gmt":"2013-12-31T12:26:47","guid":{"rendered":"http:\/\/www.ventimigliablog.it\/blog\/?p=3589"},"modified":"2013-12-31T13:56:39","modified_gmt":"2013-12-31T12:56:39","slug":"2014-se-sai-di-essere-nel-giusto-ti-aspetti-giustizia","status":"publish","type":"post","link":"https:\/\/www.ventimigliablog.it\/blog\/2014-se-sai-di-essere-nel-giusto-ti-aspetti-giustizia\/","title":{"rendered":"2014: se sai di essere nel giusto, ti aspetti giustizia"},"content":{"rendered":"<p>Il 2013 \u00e9 finito, \u00e9 stato decisamente un anno particolare per me, un anno in cui ho dovuto prendere atto che \u00e9 possibile che accada l&#8217;inimmaginabile, senza esserne minimamente responsabile. Mi capitava di sentire dire un detto che spesso ripetevo anch&#8217;io: &#8220;male non fare paura non avere&#8221;. Sono ancora convinto che non sia sbagliato pensarlo ma &#8230;&#8230;.in futuro lo ripeter\u00f2 di meno. Posso comunque dire che &#8220;se sai di essere nel giusto, ti aspetti giustizia&#8221;, ed io sto aspettando con serenit\u00e0.<!--more--><\/p>\n<p>Pi\u00fa in generale posso dire che il 2013 \u00e9 stato un anno ondivago, alti e bassi. Tra i punti bassi metto certamente lo stato di degrado manutentivo della Citt\u00e0: peccato davvero che non solo si sia fermato il miglioramento continuo a cui ci eravamo ben abituati, ma sono riusciti a rovinare tutto cos\u00ec bene da portarci in una situazione di non facile recupero, anche se \u00e9 possibile.<\/p>\n<p>Tra i punti alti, del 2013, metto certamente \u00a0l&#8217;apprezzamento e la vicinanza dei cittadini, mi hanno dato forza e coraggio, mi hanno spronato, mi sono continuato a sentire amato dalla \u00a0mia Citt\u00e0 che anch&#8217;io amo tantissimo.<\/p>\n<p>Adesso aspettiamo il 2014, sar\u00e0 un anno certamente positivo sia perch\u00e9 torneremo ad essere liberi, gli &#8220;invasori&#8221; saranno allontanati e sostituiti attraverso libere e democratiche elezioni, sia perch\u00e9 \u00e9 l&#8217;anno in cui arriveranno i primi giudizi su quanto \u00e9 accaduto da persone terze, che giudicheranno sulla base delle prove e non delle dicerie, come sino ad oggi fatto.<\/p>\n<p>Sorridiamo e accogliamo a braccia aperte l&#8217;anno 2014, che sia un anno giusto e benevolo nei confronti di tutti coloro che hanno sofferto ingiustamente, qualunque sia stata la ragione. E&#8217; questo l&#8217;augurio che rivolgo a tutti. Infine, voglio ringraziare tutti coloro continuano ad inviarmi segni di solidariet\u00e0, amicizia e stima. Ricambio a tutti i miei pi\u00f9 sentiti auguri e grazie della fiducia, sono moltissimi i messaggi che mi invogliano a continuare con la passione e l&#8217;impegno di sempre. Auguri a tutti, cari amici, a voi e ai vostri cari.<\/p>\n<p>31 dicembre 2013 &#8211; Gaetano Antonio Scullino<\/p>\n\t<div class=\"quickshare-container\">\r\n\t<ul class=\"quickshare-text qs-genericons quickshare-small\">\r\n\t\t<li class=\"quickshare-share\">Condividi :<\/li> \r\n\t\t<li><a href=\"https:\/\/facebook.com\/sharer.php?u=https%3A%2F%2Fwww.ventimigliablog.it%2Fblog%2F2014-se-sai-di-essere-nel-giusto-ti-aspetti-giustizia%2F&amp;t=2014%3A+se+sai+di+essere+nel+giusto%2C+ti+aspetti+giustizia+<+Ventimigliablog\" target=\"_blank\" title=\"Share on Facebook\"><span class=\"quickshare-facebook\">Facebook<\/span><\/a><\/li>\t\t<li><a href=\"https:\/\/twitter.com\/intent\/tweet?url=https%3A%2F%2Fwww.ventimigliablog.it%2Fblog%2F2014-se-sai-di-essere-nel-giusto-ti-aspetti-giustizia%2F&amp;text=2014%3A+se+sai+di+essere+nel+giusto%2C+ti+aspetti+giustizia+<+Ventimigliablog\" target=\"_blank\" title=\"Share on Twitter\"><span class=\"quickshare-twitter\">Twitter<\/span><\/a><\/li>\t\t\t\t\t\t<li><a href=\"https:\/\/plus.google.com\/share?url=https%3A%2F%2Fwww.ventimigliablog.it%2Fblog%2F2014-se-sai-di-essere-nel-giusto-ti-aspetti-giustizia%2F\" target=\"_blank\" title=\"Share on Google+\"><span class=\"quickshare-googleplus\">Google+<\/span><\/a><\/li>\t\t\t\t\t\t\t\t<li><a href=\"mailto:?subject=Ventimigliablog:+2014%3A+se+sai+di+essere+nel+giusto%2C+ti+aspetti+giustizia&amp;body=https%3A%2F%2Fwww.ventimigliablog.it%2Fblog%2F2014-se-sai-di-essere-nel-giusto-ti-aspetti-giustizia%2F\" target=\"_blank\" title=\"Share via Email\"><span class=\"quickshare-email\">Email<\/span><\/a><\/li>\t<\/ul>\r\n\t<\/div>\r\n","protected":false},"excerpt":{"rendered":"<p>Il 2013 \u00e9 finito, \u00e9 stato decisamente un anno particolare per me, un anno in cui ho dovuto prendere atto che \u00e9 possibile che accada l&#8217;inimmaginabile, senza esserne minimamente responsabile. Mi capitava di sentire dire un detto che spesso ripetevo &hellip; <a href=\"https:\/\/www.ventimigliablog.it\/blog\/2014-se-sai-di-essere-nel-giusto-ti-aspetti-giustizia\/\">Continua a leggere<span class=\"meta-nav\">&rarr;<\/span><\/a><\/p>\n","protected":false},"author":10,"featured_media":0,"comment_status":"open","ping_status":"closed","sticky":false,"template":"","format":"standard","meta":{"ngg_post_thumbnail":0,"footnotes":""},"categories":[3,1,6,10],"tags":[],"_links":{"self":[{"href":"https:\/\/www.ventimigliablog.it\/blog\/wp-json\/wp\/v2\/posts\/3589"}],"collection":[{"href":"https:\/\/www.ventimigliablog.it\/blog\/wp-json\/wp\/v2\/posts"}],"about":[{"href":"https:\/\/www.ventimigliablog.it\/blog\/wp-json\/wp\/v2\/types\/post"}],"author":[{"embeddable":true,"href":"https:\/\/www.ventimigliablog.it\/blog\/wp-json\/wp\/v2\/users\/10"}],"replies":[{"embeddable":true,"href":"https:\/\/www.ventimigliablog.it\/blog\/wp-json\/wp\/v2\/comments?post=3589"}],"version-history":[{"count":0,"href":"https:\/\/www.ventimigliablog.it\/blog\/wp-json\/wp\/v2\/posts\/3589\/revisions"}],"wp:attachment":[{"href":"https:\/\/www.ventimigliablog.it\/blog\/wp-json\/wp\/v2\/media?parent=3589"}],"wp:term":[{"taxonomy":"category","embeddable":true,"href":"https:\/\/www.ventimigliablog.it\/blog\/wp-json\/wp\/v2\/categories?post=3589"},{"taxonomy":"post_tag","embeddable":true,"href":"https:\/\/www.ventimigliablog.it\/blog\/wp-json\/wp\/v2\/tags?post=3589"}],"curies":[{"name":"wp","href":"https:\/\/api.w.org\/{rel}","templated":true}]}}