{"id":3628,"date":"2014-01-05T14:34:20","date_gmt":"2014-01-05T13:34:20","guid":{"rendered":"http:\/\/www.ventimigliablog.it\/blog\/?p=3628"},"modified":"2014-01-05T14:34:20","modified_gmt":"2014-01-05T13:34:20","slug":"immobili-ma-non-del-tutto","status":"publish","type":"post","link":"https:\/\/www.ventimigliablog.it\/blog\/immobili-ma-non-del-tutto\/","title":{"rendered":"Immobili ma non del tutto"},"content":{"rendered":"<p>Vado in ferie e torno fan della Commissione Straordinaria che finalmente ne azzecca una: con l&#8217;ordinanza 2013\/304 si interviene sull&#8217;ex calzaturificio Taverna per segnalarne lo stato di pericolosit\u00e0 e la necessit\u00e0 di un intervento. Se completassero con un&#8217;ordinanza di demolizione immediata (sar\u00e0 possibile?) diventerebbero i miei eroi. E poi proseguiamo<!--more--> con tutti gli altri immobili decadenti della passeggiata mare, ivi compreso l&#8217;ex dispensario: ai cittadini Ventimigliesi non frega nulla di chi sono i proprietari di questi obbrobri quanto, piuttosto, quanto tempo bisogna concedergli per portar via le macerie ed, eventualmente, ricostruire qualcosa di decente. Non si tratta certamente di poveri proprietari con le pezze al culo quanto, con ogni probabilit\u00e0, di persone che hanno tentato di fare un affare comprando un immobile 40 anni fa e che poi han cambiato idea e programmi.<\/p>\n<p>5 gennaio 2014 &#8211; Albino Dicerto<\/p>\n<p>P.s. Ma perch\u00e8 ho il sentore che ci terremo quell&#8217;immobile l\u00ec, in mezzo alla passeggiata, ancora per molti e molti e molti altri anni?<\/p>\n\t<div class=\"quickshare-container\">\r\n\t<ul class=\"quickshare-text qs-genericons quickshare-small\">\r\n\t\t<li class=\"quickshare-share\">Condividi :<\/li> \r\n\t\t<li><a href=\"https:\/\/facebook.com\/sharer.php?u=https%3A%2F%2Fwww.ventimigliablog.it%2Fblog%2Fimmobili-ma-non-del-tutto%2F&amp;t=Immobili+ma+non+del+tutto+<+Ventimigliablog\" target=\"_blank\" title=\"Share on Facebook\"><span class=\"quickshare-facebook\">Facebook<\/span><\/a><\/li>\t\t<li><a href=\"https:\/\/twitter.com\/intent\/tweet?url=https%3A%2F%2Fwww.ventimigliablog.it%2Fblog%2Fimmobili-ma-non-del-tutto%2F&amp;text=Immobili+ma+non+del+tutto+<+Ventimigliablog\" target=\"_blank\" title=\"Share on Twitter\"><span class=\"quickshare-twitter\">Twitter<\/span><\/a><\/li>\t\t\t\t\t\t<li><a href=\"https:\/\/plus.google.com\/share?url=https%3A%2F%2Fwww.ventimigliablog.it%2Fblog%2Fimmobili-ma-non-del-tutto%2F\" target=\"_blank\" title=\"Share on Google+\"><span class=\"quickshare-googleplus\">Google+<\/span><\/a><\/li>\t\t\t\t\t\t\t\t<li><a href=\"mailto:?subject=Ventimigliablog:+Immobili+ma+non+del+tutto&amp;body=https%3A%2F%2Fwww.ventimigliablog.it%2Fblog%2Fimmobili-ma-non-del-tutto%2F\" target=\"_blank\" title=\"Share via Email\"><span class=\"quickshare-email\">Email<\/span><\/a><\/li>\t<\/ul>\r\n\t<\/div>\r\n","protected":false},"excerpt":{"rendered":"<p>Vado in ferie e torno fan della Commissione Straordinaria che finalmente ne azzecca una: con l&#8217;ordinanza 2013\/304 si interviene sull&#8217;ex calzaturificio Taverna per segnalarne lo stato di pericolosit\u00e0 e la necessit\u00e0 di un intervento. Se completassero con un&#8217;ordinanza di demolizione &hellip; <a href=\"https:\/\/www.ventimigliablog.it\/blog\/immobili-ma-non-del-tutto\/\">Continua a leggere<span class=\"meta-nav\">&rarr;<\/span><\/a><\/p>\n","protected":false},"author":12,"featured_media":0,"comment_status":"open","ping_status":"closed","sticky":false,"template":"","format":"standard","meta":{"ngg_post_thumbnail":0,"footnotes":""},"categories":[1],"tags":[],"_links":{"self":[{"href":"https:\/\/www.ventimigliablog.it\/blog\/wp-json\/wp\/v2\/posts\/3628"}],"collection":[{"href":"https:\/\/www.ventimigliablog.it\/blog\/wp-json\/wp\/v2\/posts"}],"about":[{"href":"https:\/\/www.ventimigliablog.it\/blog\/wp-json\/wp\/v2\/types\/post"}],"author":[{"embeddable":true,"href":"https:\/\/www.ventimigliablog.it\/blog\/wp-json\/wp\/v2\/users\/12"}],"replies":[{"embeddable":true,"href":"https:\/\/www.ventimigliablog.it\/blog\/wp-json\/wp\/v2\/comments?post=3628"}],"version-history":[{"count":0,"href":"https:\/\/www.ventimigliablog.it\/blog\/wp-json\/wp\/v2\/posts\/3628\/revisions"}],"wp:attachment":[{"href":"https:\/\/www.ventimigliablog.it\/blog\/wp-json\/wp\/v2\/media?parent=3628"}],"wp:term":[{"taxonomy":"category","embeddable":true,"href":"https:\/\/www.ventimigliablog.it\/blog\/wp-json\/wp\/v2\/categories?post=3628"},{"taxonomy":"post_tag","embeddable":true,"href":"https:\/\/www.ventimigliablog.it\/blog\/wp-json\/wp\/v2\/tags?post=3628"}],"curies":[{"name":"wp","href":"https:\/\/api.w.org\/{rel}","templated":true}]}}