{"id":3630,"date":"2014-01-06T13:15:45","date_gmt":"2014-01-06T12:15:45","guid":{"rendered":"http:\/\/www.ventimigliablog.it\/blog\/?p=3630"},"modified":"2014-01-06T13:19:37","modified_gmt":"2014-01-06T12:19:37","slug":"lepifania-tutte-le-feste-porta-via","status":"publish","type":"post","link":"https:\/\/www.ventimigliablog.it\/blog\/lepifania-tutte-le-feste-porta-via\/","title":{"rendered":"L\u2019Epifania: &#8220;tutte le feste porta via&#8221;."},"content":{"rendered":"<p style=\"text-align: justify;\">Oggi finiscono i festeggiamenti iniziati a Natale. Il giorno dell&#8217;Epifania, come dice la saggezza popolare, &#8220;tutte le feste porta via&#8221;.\u00a0<a href=\"http:\/\/www.ventimigliablog.it\/blog\/wp-content\/uploads\/2014\/01\/la-befana.gif\"><img loading=\"lazy\" decoding=\"async\" class=\"size-medium wp-image-3631 alignleft\" alt=\"la befana\" src=\"http:\/\/www.ventimigliablog.it\/blog\/wp-content\/uploads\/2014\/01\/la-befana-300x238.gif\" width=\"300\" height=\"238\" \/><\/a><\/p>\n<p style=\"text-align: justify;\">Forse non tutti sanno che la dodicesima notte dopo il Natale, ossia dopo il solstizio invernale, era ritenuta una notte speciale dedicata alla luna, di qui il termine \u201cepifania\u201d dal greco\u00a0 \u201cT\u00e0 epiphaneia\u201d\u00a0 cio\u00e8 apparizione, rivelazione della divinit\u00e0 e \u201cmanifestazione\u201d della luce lunare.\u00a0A differenza del Natale che era una festa solare, l\u2019Epifania si viene a connotare invece come una festa della luna.<!--more--><\/p>\n<p style=\"text-align: justify;\">Come\u00a0 per le altre tradizioni italiane\u00a0 che si svolgono in tutto l&#8217;arco dell&#8217;anno, molte nostre festivit\u00e0 hanno un&#8217;origine rurale, affondando le loro radici nel nostro passato agricolo. Cos\u00ec \u00e8 anche per la Befana. Nella tradizione popolare per\u00f2 il termine Epifania, storpiato in Befana, ha assunto un significato diverso, andando a designare la figura di una vecchina particolare che prima di morire\u00a0passava a distribuire doni e dolci a tutti, in modo da piantare semi che sarebbero nati durante l&#8217;anno successivo.<\/p>\n<p style=\"text-align: justify;\">La figura della Befana ha origini antichissime. I romani celebravano l\u2019inizio dell\u2019anno con\u00a0\u00a0 le \u201cSigillarie\u201d, feste in cui ci si scambiavano doni in forma di statuette dette appunto Sigilla.<\/p>\n<p style=\"text-align: justify;\">Con il passar del tempo l\u2019Epifania divenne una\u00a0 ricorrenza\u00a0 della tradizione cristiana per designare la prima manifestazione della divinit\u00e0 di Ges\u00f9 Cristo, avvenuta in presenza dei re Magi.<\/p>\n<p style=\"text-align: justify;\">Nel Medioevo l\u2019 Epifania\u00a0 rappresentava, come detto, \u00a0la\u00a0 \u201cDodicesima notte\u201d\u00a0 nel\u00a0 periodo\u00a0 tra\u00a0 Natale e\u00a0 il\u00a0 6 gennaio.\u00a0\u00a0 Da questo periodo, che viene dopo la seminagione, dipendeva il raccolto futuro e quindi la sopravvivenza del nuovo anno.\u00a0Durante queste notti i contadini credevano di vedere volare sopra i campi seminati Diana, dea della fertilit\u00e0. La Chiesa condann\u00f2 questa figura pagana e Diana, da dea della fecondit\u00e0, divent\u00f2 una divinit\u00e0 infernale.\u00a0Da qui nascono i racconti di vere e proprie streghe e dei loro voli e convegni a cavallo tra il vecchio e il nuovo anno.<\/p>\n<p style=\"text-align: justify;\">Dal XIII al XVI secolo la Befana non \u00e8 ancora una persona ma solamente una festa, una delle pi\u00f9 importanti e gioiose dell\u2019anno.\u00a0Nel tardo 1500 si comincia a parlare di Befane come figure femminili che vanno in giro di notte a far paura ai bambini.<\/p>\n<p style=\"text-align: justify;\">In seguito la Befana diventa una benefica vecchina che, a cavallo di una scopa, porta doni nella dodicesima notte.<\/p>\n<p style=\"text-align: justify;\">Il suo culto si ritrova in varie parti del mondo.\u00a0In Francia, come ai ventimigliesi ben noto, si fa un dolce speciale (gateau des rois) al cui interno si nasconde una fava. Chi la trova viene nominato Re o Regina della festa. In alcune pasticcerie di Ventimiglia, la fava \u00e8 sostituita da una statuina del presepe (quest\u2019anno mi \u00e8 capitato il bue).<\/p>\n<p style=\"text-align: justify;\">6 gennaio 2014 \u2013 Marco Prestileo<\/p>\n<p style=\"text-align: justify;\">P.S. Le Signore avranno apprezzato che non ho fatto loro gli auguri (ih.ih.ih)<\/p>\n\t<div class=\"quickshare-container\">\r\n\t<ul class=\"quickshare-text qs-genericons quickshare-small\">\r\n\t\t<li class=\"quickshare-share\">Condividi :<\/li> \r\n\t\t<li><a href=\"https:\/\/facebook.com\/sharer.php?u=https%3A%2F%2Fwww.ventimigliablog.it%2Fblog%2Flepifania-tutte-le-feste-porta-via%2F&amp;t=L%E2%80%99Epifania%3A+%26%238220%3Btutte+le+feste+porta+via%26%238221%3B.+<+Ventimigliablog\" target=\"_blank\" title=\"Share on Facebook\"><span class=\"quickshare-facebook\">Facebook<\/span><\/a><\/li>\t\t<li><a href=\"https:\/\/twitter.com\/intent\/tweet?url=https%3A%2F%2Fwww.ventimigliablog.it%2Fblog%2Flepifania-tutte-le-feste-porta-via%2F&amp;text=L%E2%80%99Epifania%3A+%26%238220%3Btutte+le+feste+porta+via%26%238221%3B.+<+Ventimigliablog\" target=\"_blank\" title=\"Share on Twitter\"><span class=\"quickshare-twitter\">Twitter<\/span><\/a><\/li>\t\t\t\t\t\t<li><a href=\"https:\/\/plus.google.com\/share?url=https%3A%2F%2Fwww.ventimigliablog.it%2Fblog%2Flepifania-tutte-le-feste-porta-via%2F\" target=\"_blank\" title=\"Share on Google+\"><span class=\"quickshare-googleplus\">Google+<\/span><\/a><\/li>\t\t\t\t\t\t\t\t<li><a href=\"mailto:?subject=Ventimigliablog:+L%E2%80%99Epifania%3A+%26%238220%3Btutte+le+feste+porta+via%26%238221%3B.&amp;body=https%3A%2F%2Fwww.ventimigliablog.it%2Fblog%2Flepifania-tutte-le-feste-porta-via%2F\" target=\"_blank\" title=\"Share via Email\"><span class=\"quickshare-email\">Email<\/span><\/a><\/li>\t<\/ul>\r\n\t<\/div>\r\n","protected":false},"excerpt":{"rendered":"<p>Oggi finiscono i festeggiamenti iniziati a Natale. Il giorno dell&#8217;Epifania, come dice la saggezza popolare, &#8220;tutte le feste porta via&#8221;.\u00a0 Forse non tutti sanno che la dodicesima notte dopo il Natale, ossia dopo il solstizio invernale, era ritenuta una notte &hellip; <a href=\"https:\/\/www.ventimigliablog.it\/blog\/lepifania-tutte-le-feste-porta-via\/\">Continua a leggere<span class=\"meta-nav\">&rarr;<\/span><\/a><\/p>\n","protected":false},"author":10,"featured_media":0,"comment_status":"open","ping_status":"closed","sticky":false,"template":"","format":"standard","meta":{"ngg_post_thumbnail":0,"footnotes":""},"categories":[1,6],"tags":[60,14],"_links":{"self":[{"href":"https:\/\/www.ventimigliablog.it\/blog\/wp-json\/wp\/v2\/posts\/3630"}],"collection":[{"href":"https:\/\/www.ventimigliablog.it\/blog\/wp-json\/wp\/v2\/posts"}],"about":[{"href":"https:\/\/www.ventimigliablog.it\/blog\/wp-json\/wp\/v2\/types\/post"}],"author":[{"embeddable":true,"href":"https:\/\/www.ventimigliablog.it\/blog\/wp-json\/wp\/v2\/users\/10"}],"replies":[{"embeddable":true,"href":"https:\/\/www.ventimigliablog.it\/blog\/wp-json\/wp\/v2\/comments?post=3630"}],"version-history":[{"count":0,"href":"https:\/\/www.ventimigliablog.it\/blog\/wp-json\/wp\/v2\/posts\/3630\/revisions"}],"wp:attachment":[{"href":"https:\/\/www.ventimigliablog.it\/blog\/wp-json\/wp\/v2\/media?parent=3630"}],"wp:term":[{"taxonomy":"category","embeddable":true,"href":"https:\/\/www.ventimigliablog.it\/blog\/wp-json\/wp\/v2\/categories?post=3630"},{"taxonomy":"post_tag","embeddable":true,"href":"https:\/\/www.ventimigliablog.it\/blog\/wp-json\/wp\/v2\/tags?post=3630"}],"curies":[{"name":"wp","href":"https:\/\/api.w.org\/{rel}","templated":true}]}}