{"id":3637,"date":"2014-01-08T22:06:34","date_gmt":"2014-01-08T21:06:34","guid":{"rendered":"http:\/\/www.ventimigliablog.it\/blog\/?p=3637"},"modified":"2014-01-08T22:06:34","modified_gmt":"2014-01-08T21:06:34","slug":"il-lavoro-mobilita-luomo-ce-tempo-per-la-pensione","status":"publish","type":"post","link":"https:\/\/www.ventimigliablog.it\/blog\/il-lavoro-mobilita-luomo-ce-tempo-per-la-pensione\/","title":{"rendered":"Il lavoro mobilita l&#8217;uomo!"},"content":{"rendered":"<p style=\"text-align: justify;\">Il nuovo anno ha portato con se anche importanti modifiche alla normativa sulle pensioni.<a href=\"http:\/\/www.ventimigliablog.it\/blog\/wp-content\/uploads\/2014\/01\/pensione-lontana.jpg\"><img loading=\"lazy\" decoding=\"async\" class=\"size-full wp-image-3645 alignleft\" alt=\"pensione lontana\" src=\"http:\/\/www.ventimigliablog.it\/blog\/wp-content\/uploads\/2014\/01\/pensione-lontana.jpg\" width=\"265\" height=\"190\" \/><\/a>Con la legge di stabilit\u00e0 2014 abbiamo avuto la conferma del blocco all\u2019indicizzazione per gli assegni fino a sei volte il minimo e l\u2019aggiornamento di alcuni requisiti chiave che renderanno pi\u00f9 difficile ritirarsi dal lavoro, in particolare per le donne.<\/p>\n<p style=\"text-align: justify;\">Vediamo come cambiano i requisiti per andare in pensione a partire dal primo gennaio 2014.<!--more--><\/p>\n<p style=\"text-align: justify;\">Saranno penalizzate le lavoratrici del settore privato che, per effetto del processo di riavvicinamento tra i generi sempre introdotto con la riforma Fornero in prospettiva 2018, d\u2019ora in avanti dovranno aver raggiunto i 63 anni e 9 mesi, un anno e mezzo in pi\u00f9 rispetto a quanto vigente fino alla scorsa settimana. Questa nuova regola non si applica alle lavoratrici nate prima del 30 settembre 1951.<\/p>\n<p style=\"text-align: justify;\">Nel 2016, ci sar\u00e0 un nuovo aumento dell\u2019et\u00e0 pensionabile, che passer\u00e0 a 65 anni e 3 mesi, cui andr\u00e0 oltretutto sommato l\u2019incremento dovuto alla speranza di vita.<\/p>\n<p style=\"text-align: justify;\">Le donne invece che lavorano in forma autonoma (non dipendenti), dal 2014, \u00a0serviranno almeno 64 anni e 9 mesi, dunque uno in pi\u00f9 rispetto al 2013, mentre dal 2016, saranno necessari non meno di 65 anni e 9 mesi, cui andr\u00e0 ovviamente aggiunto il coefficiente di speranza di vita.<\/p>\n<p style=\"text-align: justify;\">Per gli uomini, resteranno validi i requisiti vigenti nel 2013, e dunque si andr\u00e0 in pensione a 66 anni e 3 mesi, che verranno, comunque, aggiornati alla speranza di vita valida al 2016, come per le altre fasce di lavoratori.<\/p>\n<p style=\"text-align: justify;\">Infine, arrivando alle pensioni per cumulo di anni di contributi, e non di anzianit\u00e0, dal 2014 serviranno non meno di 42 anni e 6 mesi versati all\u2019Inps, dunque un mese di lavoro in pi\u00f9 rispetto all\u2019anno appena concluso. Lo stesso accade per e donne, che potranno andare in pensione non appena avranno raggiunto 41 anni e 6 mesi di versamenti. Anche questi requisiti per la pensione contributiva, andranno aggiornati al regime di speranza di vita nel 2016.<\/p>\n<p style=\"text-align: justify;\">Basta avere tanta salute &#8230;.. e se dobbiamo lavorare, lavoreremo.<\/p>\n<p style=\"text-align: justify;\">\n\t<div class=\"quickshare-container\">\r\n\t<ul class=\"quickshare-text qs-genericons quickshare-small\">\r\n\t\t<li class=\"quickshare-share\">Condividi :<\/li> \r\n\t\t<li><a href=\"https:\/\/facebook.com\/sharer.php?u=https%3A%2F%2Fwww.ventimigliablog.it%2Fblog%2Fil-lavoro-mobilita-luomo-ce-tempo-per-la-pensione%2F&amp;t=Il+lavoro+mobilita+l%26%238217%3Buomo%21+<+Ventimigliablog\" target=\"_blank\" title=\"Share on Facebook\"><span class=\"quickshare-facebook\">Facebook<\/span><\/a><\/li>\t\t<li><a href=\"https:\/\/twitter.com\/intent\/tweet?url=https%3A%2F%2Fwww.ventimigliablog.it%2Fblog%2Fil-lavoro-mobilita-luomo-ce-tempo-per-la-pensione%2F&amp;text=Il+lavoro+mobilita+l%26%238217%3Buomo%21+<+Ventimigliablog\" target=\"_blank\" title=\"Share on Twitter\"><span class=\"quickshare-twitter\">Twitter<\/span><\/a><\/li>\t\t\t\t\t\t<li><a href=\"https:\/\/plus.google.com\/share?url=https%3A%2F%2Fwww.ventimigliablog.it%2Fblog%2Fil-lavoro-mobilita-luomo-ce-tempo-per-la-pensione%2F\" target=\"_blank\" title=\"Share on Google+\"><span class=\"quickshare-googleplus\">Google+<\/span><\/a><\/li>\t\t\t\t\t\t\t\t<li><a href=\"mailto:?subject=Ventimigliablog:+Il+lavoro+mobilita+l%26%238217%3Buomo%21&amp;body=https%3A%2F%2Fwww.ventimigliablog.it%2Fblog%2Fil-lavoro-mobilita-luomo-ce-tempo-per-la-pensione%2F\" target=\"_blank\" title=\"Share via Email\"><span class=\"quickshare-email\">Email<\/span><\/a><\/li>\t<\/ul>\r\n\t<\/div>\r\n","protected":false},"excerpt":{"rendered":"<p>Il nuovo anno ha portato con se anche importanti modifiche alla normativa sulle pensioni.Con la legge di stabilit\u00e0 2014 abbiamo avuto la conferma del blocco all\u2019indicizzazione per gli assegni fino a sei volte il minimo e l\u2019aggiornamento di alcuni requisiti &hellip; <a href=\"https:\/\/www.ventimigliablog.it\/blog\/il-lavoro-mobilita-luomo-ce-tempo-per-la-pensione\/\">Continua a leggere<span class=\"meta-nav\">&rarr;<\/span><\/a><\/p>\n","protected":false},"author":10,"featured_media":0,"comment_status":"open","ping_status":"closed","sticky":false,"template":"","format":"standard","meta":{"ngg_post_thumbnail":0,"footnotes":""},"categories":[3,1,7],"tags":[],"_links":{"self":[{"href":"https:\/\/www.ventimigliablog.it\/blog\/wp-json\/wp\/v2\/posts\/3637"}],"collection":[{"href":"https:\/\/www.ventimigliablog.it\/blog\/wp-json\/wp\/v2\/posts"}],"about":[{"href":"https:\/\/www.ventimigliablog.it\/blog\/wp-json\/wp\/v2\/types\/post"}],"author":[{"embeddable":true,"href":"https:\/\/www.ventimigliablog.it\/blog\/wp-json\/wp\/v2\/users\/10"}],"replies":[{"embeddable":true,"href":"https:\/\/www.ventimigliablog.it\/blog\/wp-json\/wp\/v2\/comments?post=3637"}],"version-history":[{"count":0,"href":"https:\/\/www.ventimigliablog.it\/blog\/wp-json\/wp\/v2\/posts\/3637\/revisions"}],"wp:attachment":[{"href":"https:\/\/www.ventimigliablog.it\/blog\/wp-json\/wp\/v2\/media?parent=3637"}],"wp:term":[{"taxonomy":"category","embeddable":true,"href":"https:\/\/www.ventimigliablog.it\/blog\/wp-json\/wp\/v2\/categories?post=3637"},{"taxonomy":"post_tag","embeddable":true,"href":"https:\/\/www.ventimigliablog.it\/blog\/wp-json\/wp\/v2\/tags?post=3637"}],"curies":[{"name":"wp","href":"https:\/\/api.w.org\/{rel}","templated":true}]}}