{"id":3735,"date":"2014-01-23T17:54:50","date_gmt":"2014-01-23T16:54:50","guid":{"rendered":"http:\/\/www.ventimigliablog.it\/blog\/?p=3735"},"modified":"2014-01-23T19:17:02","modified_gmt":"2014-01-23T18:17:02","slug":"guardandomi-nella-palle-degli-occhi","status":"publish","type":"post","link":"https:\/\/www.ventimigliablog.it\/blog\/guardandomi-nella-palle-degli-occhi\/","title":{"rendered":"Guardandomi nelle palle (degli occhi)"},"content":{"rendered":"<p>Per molti versi, sapere che oggi \u00e8 gioved\u00ec inoltrato e che, quindi, stiamo puntando dritti dritti al venerd\u00ec, preludio del weekend, mi consegna una stupida leggerissima serenit\u00e0.<!--more--><\/p>\n<p>E\u2019 pi\u00f9 o meno la sensazione che provavo a dicembre nel pensare che, in fondo, l\u2019anno nuovo avrebbe determinato la fine di questo biennio (2 anni lunghissimi e cortissimi allo stesso tempo) di un\u2019amministrazione non adeguata ai bisogni della citt\u00e0. Quel che ho sbagliato negli ultimi due anni, animato forse da un carattere non sempre facilissimo e genericamente iracondo, \u00e8 stato prendermela con loro: loro sono solo il prodotto di quest\u2019Italia, di anni di errori nella lotta alla mafia e da leggi costruite, in buona parte, dallo stesso sistema che avrebbe dovuto essere combattuto. Quel che hanno sbagliato loro, negli unici due anni in cui mi auguro avranno il piacere di governare la mia citt\u00e0, \u00e8 stato comprendere che la mafia qui non esisteva e cercare obiettivi diversi da raggiungere senza avere per\u00f2 i necessari mezzi: hanno fatto propaganda politica sventolando l\u2019interesse alla Zona Franca, all\u2019IKEA, al porto turistico, alla viabilit\u00e0 illudendo i miei concittadini che avrebbero almeno continuato le opere gi\u00e0 iniziate dall\u2019Amministrazione Scullino. Della lotta alla mafia non c\u2019\u00e8 traccia, non viene nemmeno mai menzionata nei molteplici spazi occupati, a turno, da uno o dall\u2019altra commissario. Delle opere e degli investimenti, le uniche notizie che abbiamo ricevuto in questi due anni sono i proclami ed i successivi, puntuali, fallimenti.<\/p>\n<p>Mi interrogavo, quindi, su questo punto: ma quale deve essere il programma della nuova amministrazione? E\u2019 possibile migliorare quello gi\u00e0 presentato nel 2007? Sar\u00e0 possibile ricreare quelle condizioni, probabilmente uniche ed irripetibili, che avevano determinato la fioritura della nostra citt\u00e0? Ecco. Mi sono chiesto se io, come sindaco, sarei in grado di portare avanti il programma gi\u00e0 elaborato a suo tempo da Tano. Io mi sono convinto, in definitiva, che il candidato sindaco di questa citt\u00e0 debba guardarsi nella palle degli occhi e chiedersi se se la sente di portare almeno a termine quanto gi\u00e0 progettato da Scullino (o di smentire, senza troppi giri di parole, la bont\u00e0 di quanto progettato).<\/p>\n<p>Una candidatura di Scullino mi farebbe sperare, pensare ed illudere che un nuovo quinquennio di opere e ordine \u00e8 alle porte.<\/p>\n<p>Un\u2019altra ora \u00e8 passata, sono pi\u00f9 vicino al venerd\u00ec, la mia citt\u00e0 \u00e8 pi\u00f9 vicina al momento delle elezioni.<\/p>\n<p>23 gennaio 2014 \u2013 Albino Dicerto<\/p>\n\t<div class=\"quickshare-container\">\r\n\t<ul class=\"quickshare-text qs-genericons quickshare-small\">\r\n\t\t<li class=\"quickshare-share\">Condividi :<\/li> \r\n\t\t<li><a href=\"https:\/\/facebook.com\/sharer.php?u=https%3A%2F%2Fwww.ventimigliablog.it%2Fblog%2Fguardandomi-nella-palle-degli-occhi%2F&amp;t=Guardandomi+nelle+palle+%28degli+occhi%29+<+Ventimigliablog\" target=\"_blank\" title=\"Share on Facebook\"><span class=\"quickshare-facebook\">Facebook<\/span><\/a><\/li>\t\t<li><a href=\"https:\/\/twitter.com\/intent\/tweet?url=https%3A%2F%2Fwww.ventimigliablog.it%2Fblog%2Fguardandomi-nella-palle-degli-occhi%2F&amp;text=Guardandomi+nelle+palle+%28degli+occhi%29+<+Ventimigliablog\" target=\"_blank\" title=\"Share on Twitter\"><span class=\"quickshare-twitter\">Twitter<\/span><\/a><\/li>\t\t\t\t\t\t<li><a href=\"https:\/\/plus.google.com\/share?url=https%3A%2F%2Fwww.ventimigliablog.it%2Fblog%2Fguardandomi-nella-palle-degli-occhi%2F\" target=\"_blank\" title=\"Share on Google+\"><span class=\"quickshare-googleplus\">Google+<\/span><\/a><\/li>\t\t\t\t\t\t\t\t<li><a href=\"mailto:?subject=Ventimigliablog:+Guardandomi+nelle+palle+%28degli+occhi%29&amp;body=https%3A%2F%2Fwww.ventimigliablog.it%2Fblog%2Fguardandomi-nella-palle-degli-occhi%2F\" target=\"_blank\" title=\"Share via Email\"><span class=\"quickshare-email\">Email<\/span><\/a><\/li>\t<\/ul>\r\n\t<\/div>\r\n","protected":false},"excerpt":{"rendered":"<p>Per molti versi, sapere che oggi \u00e8 gioved\u00ec inoltrato e che, quindi, stiamo puntando dritti dritti al venerd\u00ec, preludio del weekend, mi consegna una stupida leggerissima serenit\u00e0.<\/p>\n","protected":false},"author":12,"featured_media":0,"comment_status":"open","ping_status":"closed","sticky":false,"template":"","format":"standard","meta":{"ngg_post_thumbnail":0,"footnotes":""},"categories":[1],"tags":[],"_links":{"self":[{"href":"https:\/\/www.ventimigliablog.it\/blog\/wp-json\/wp\/v2\/posts\/3735"}],"collection":[{"href":"https:\/\/www.ventimigliablog.it\/blog\/wp-json\/wp\/v2\/posts"}],"about":[{"href":"https:\/\/www.ventimigliablog.it\/blog\/wp-json\/wp\/v2\/types\/post"}],"author":[{"embeddable":true,"href":"https:\/\/www.ventimigliablog.it\/blog\/wp-json\/wp\/v2\/users\/12"}],"replies":[{"embeddable":true,"href":"https:\/\/www.ventimigliablog.it\/blog\/wp-json\/wp\/v2\/comments?post=3735"}],"version-history":[{"count":0,"href":"https:\/\/www.ventimigliablog.it\/blog\/wp-json\/wp\/v2\/posts\/3735\/revisions"}],"wp:attachment":[{"href":"https:\/\/www.ventimigliablog.it\/blog\/wp-json\/wp\/v2\/media?parent=3735"}],"wp:term":[{"taxonomy":"category","embeddable":true,"href":"https:\/\/www.ventimigliablog.it\/blog\/wp-json\/wp\/v2\/categories?post=3735"},{"taxonomy":"post_tag","embeddable":true,"href":"https:\/\/www.ventimigliablog.it\/blog\/wp-json\/wp\/v2\/tags?post=3735"}],"curies":[{"name":"wp","href":"https:\/\/api.w.org\/{rel}","templated":true}]}}