{"id":3747,"date":"2014-01-25T13:29:31","date_gmt":"2014-01-25T12:29:31","guid":{"rendered":"http:\/\/www.ventimigliablog.it\/blog\/?p=3747"},"modified":"2014-01-25T13:32:11","modified_gmt":"2014-01-25T12:32:11","slug":"comunicazione-di-servizio","status":"publish","type":"post","link":"https:\/\/www.ventimigliablog.it\/blog\/comunicazione-di-servizio\/","title":{"rendered":"Comunicazione di servizio"},"content":{"rendered":"<p>Il Comune informa che sta trattando la millesima proroga alla cooperativa che si occupa di gestire i cimiteri cittadini mentre ha proceduto ad inviare formale comunicazione scritta al signore vestito di nero e con la falce in pugno affinch\u00e8 proroghi le esistenze di tutti i cittadini Ventimigliesi sino a che non si saranno sistemate le cose.<!--more--><\/p>\n<p>Nel frattempo, il Comune di Ventimiglia invita cordialmente tutti i cittadini Ventimigliesi a postporre il momento del trapasso a dopo le elezioni di maggio in modo da non creare code all&#8217;accesso delle bare al cimitero.<\/p>\n<p>25 gennaio 2014 &#8211; Albino Dicerto<\/p>\n<p>P.s. Il comunicato di cui sopra \u00e8 frutto della mia fantasia malata di cerebroleso da ricovero immediato. Si tratta di satira. Triste satira, se vogliamo, di chi vive in una citt\u00e0 dove non \u00e8 pi\u00f9 nemmeno facile avere una sepoltura degna.<\/p>\n\t<div class=\"quickshare-container\">\r\n\t<ul class=\"quickshare-text qs-genericons quickshare-small\">\r\n\t\t<li class=\"quickshare-share\">Condividi :<\/li> \r\n\t\t<li><a href=\"https:\/\/facebook.com\/sharer.php?u=https%3A%2F%2Fwww.ventimigliablog.it%2Fblog%2Fcomunicazione-di-servizio%2F&amp;t=Comunicazione+di+servizio+<+Ventimigliablog\" target=\"_blank\" title=\"Share on Facebook\"><span class=\"quickshare-facebook\">Facebook<\/span><\/a><\/li>\t\t<li><a href=\"https:\/\/twitter.com\/intent\/tweet?url=https%3A%2F%2Fwww.ventimigliablog.it%2Fblog%2Fcomunicazione-di-servizio%2F&amp;text=Comunicazione+di+servizio+<+Ventimigliablog\" target=\"_blank\" title=\"Share on Twitter\"><span class=\"quickshare-twitter\">Twitter<\/span><\/a><\/li>\t\t\t\t\t\t<li><a href=\"https:\/\/plus.google.com\/share?url=https%3A%2F%2Fwww.ventimigliablog.it%2Fblog%2Fcomunicazione-di-servizio%2F\" target=\"_blank\" title=\"Share on Google+\"><span class=\"quickshare-googleplus\">Google+<\/span><\/a><\/li>\t\t\t\t\t\t\t\t<li><a href=\"mailto:?subject=Ventimigliablog:+Comunicazione+di+servizio&amp;body=https%3A%2F%2Fwww.ventimigliablog.it%2Fblog%2Fcomunicazione-di-servizio%2F\" target=\"_blank\" title=\"Share via Email\"><span class=\"quickshare-email\">Email<\/span><\/a><\/li>\t<\/ul>\r\n\t<\/div>\r\n","protected":false},"excerpt":{"rendered":"<p>Il Comune informa che sta trattando la millesima proroga alla cooperativa che si occupa di gestire i cimiteri cittadini mentre ha proceduto ad inviare formale comunicazione scritta al signore vestito di nero e con la falce in pugno affinch\u00e8 proroghi &hellip; <a href=\"https:\/\/www.ventimigliablog.it\/blog\/comunicazione-di-servizio\/\">Continua a leggere<span class=\"meta-nav\">&rarr;<\/span><\/a><\/p>\n","protected":false},"author":12,"featured_media":0,"comment_status":"open","ping_status":"closed","sticky":false,"template":"","format":"standard","meta":{"ngg_post_thumbnail":0,"footnotes":""},"categories":[1],"tags":[],"_links":{"self":[{"href":"https:\/\/www.ventimigliablog.it\/blog\/wp-json\/wp\/v2\/posts\/3747"}],"collection":[{"href":"https:\/\/www.ventimigliablog.it\/blog\/wp-json\/wp\/v2\/posts"}],"about":[{"href":"https:\/\/www.ventimigliablog.it\/blog\/wp-json\/wp\/v2\/types\/post"}],"author":[{"embeddable":true,"href":"https:\/\/www.ventimigliablog.it\/blog\/wp-json\/wp\/v2\/users\/12"}],"replies":[{"embeddable":true,"href":"https:\/\/www.ventimigliablog.it\/blog\/wp-json\/wp\/v2\/comments?post=3747"}],"version-history":[{"count":0,"href":"https:\/\/www.ventimigliablog.it\/blog\/wp-json\/wp\/v2\/posts\/3747\/revisions"}],"wp:attachment":[{"href":"https:\/\/www.ventimigliablog.it\/blog\/wp-json\/wp\/v2\/media?parent=3747"}],"wp:term":[{"taxonomy":"category","embeddable":true,"href":"https:\/\/www.ventimigliablog.it\/blog\/wp-json\/wp\/v2\/categories?post=3747"},{"taxonomy":"post_tag","embeddable":true,"href":"https:\/\/www.ventimigliablog.it\/blog\/wp-json\/wp\/v2\/tags?post=3747"}],"curies":[{"name":"wp","href":"https:\/\/api.w.org\/{rel}","templated":true}]}}