{"id":3769,"date":"2014-02-02T00:34:29","date_gmt":"2014-02-01T23:34:29","guid":{"rendered":"http:\/\/www.ventimigliablog.it\/blog\/?p=3769"},"modified":"2014-02-02T00:34:29","modified_gmt":"2014-02-01T23:34:29","slug":"ecco-gli-articoli-piu-letti-gennaio-2014","status":"publish","type":"post","link":"https:\/\/www.ventimigliablog.it\/blog\/ecco-gli-articoli-piu-letti-gennaio-2014\/","title":{"rendered":"Ecco gli articoli pi\u00f9 letti a gennaio 2014"},"content":{"rendered":"<p style=\"text-align: justify;\">Come di consueto, per leggere o rileggere gli articoli pi\u00f9 seguiti del mese di gennaio 2014, \u00e8 sufficiente cliccare sul titolo.<\/p>\n<p><a href=\"http:\/\/www.ventimigliablog.it\/blog\/wp-content\/uploads\/2014\/02\/untitled.png\"><img loading=\"lazy\" decoding=\"async\" class=\"size-medium wp-image-3771 alignleft\" alt=\"untitled\" src=\"http:\/\/www.ventimigliablog.it\/blog\/wp-content\/uploads\/2014\/02\/untitled-300x144.png\" width=\"300\" height=\"144\" srcset=\"https:\/\/www.ventimigliablog.it\/blog\/wp-content\/uploads\/2014\/02\/untitled-300x144.png 300w, https:\/\/www.ventimigliablog.it\/blog\/wp-content\/uploads\/2014\/02\/untitled.png 323w\" sizes=\"(max-width: 300px) 100vw, 300px\" \/><\/a><\/p>\n<ol>\n<li><a title=\"2014 odissea nell'ospizio\" href=\"http:\/\/www.ventimigliablog.it\/blog\/?p=3705\" target=\"_blank\">2014 odissea nell&#8217;ospizio<\/a>; adesso l&#8217;autore si monter\u00e0 la testa per il primo posto;<\/li>\n<li style=\"text-align: justify;\"><a title=\"A proposito del potere del CERVELLO, dei MASCHILISTI e della CONFUSIONE\" href=\"http:\/\/www.ventimigliablog.it\/blog\/?p=2289\" target=\"_blank\">A proposito del potere del CERVELLO, dei MASCHILISTI e della CONFUSIONE<\/a>\u00a0\u00e8 un vecchio articolo tornato alla ribalta;<\/li>\n<li style=\"text-align: justify;\"><a title=\"La verit\u00e0 \u00e8 come l'olio : prima o poi viene a galla \u2026.\" href=\"http:\/\/www.ventimigliablog.it\/blog\/?p=3665\" target=\"_blank\">La verit\u00e0 \u00e8 come l&#8217;olio : prima o poi viene a galla \u2026.<\/a>\u00a0tratto da &#8220;La Riviera di Fabrizio Tenerelli&#8221;, colpo di scena sull&#8217;indagine &#8220;la Svolta&#8221;;<!--more--><\/li>\n<li style=\"text-align: justify;\"><a title=\"Controllati 24 ore su 24\" href=\"http:\/\/www.ventimigliablog.it\/blog\/?p=3762\" target=\"_blank\">Controllati 24 ore su 24<\/a>,\u00a0nonostante sia un articolo pubblicato la sera del 31 gennaio, \u00e8 stato letto gi\u00e0 cos\u00ec tanto che lo ha portato al 4\u00b0 posto degli articoli pi\u00f9 letti del mese di gennaio!<\/li>\n<li style=\"text-align: justify;\"><a title=\"Scommettiamo 100 euri sonanti\" href=\"http:\/\/www.ventimigliablog.it\/blog\/?p=3713\" target=\"_blank\">Scommettiamo 100 euri sonanti<\/a>\u00a0\u00e8 un invito da non accogliere, ad Albino &#8220;piace vincere facile&#8221;;<\/li>\n<li style=\"text-align: justify;\"><a title=\"Mini IMU 2014, confermato il pagamento entro il 24 gennaio\" href=\"http:\/\/www.ventimigliablog.it\/blog\/?p=3654\" target=\"_blank\">Mini IMU 2014, confermato il pagamento entro il 24 gennaio<\/a>, tralasciando i tecnicismi trattati dall&#8217;articolo, la mini IMU rappresenta uno dei tanti pasticci all&#8217;italiana;<\/li>\n<li style=\"text-align: justify;\"><a title=\"Franchigia per i frontalieri a regime\" href=\"http:\/\/www.ventimigliablog.it\/blog\/?p=3587\" target=\"_blank\">Franchigia per i frontalieri a regime<\/a>\u00a0riporta la novit\u00e0 del 2014 sulla tassazione dei nostri frontalieri;<\/li>\n<li style=\"text-align: justify;\"><a title=\"Un nostro lettore che inizier\u00e0 a lavorare in Francia ci pone un quesito di interesse generale\" href=\"http:\/\/www.ventimigliablog.it\/blog\/?p=1166\" target=\"_blank\">Un nostro lettore che inizier\u00e0 a lavorare in Francia ci pone un quesito di interesse generale<\/a>\u00a0\u00e8 uno degli articoli pi\u00f9 letti dalla nascita del blog che esamina il complicato mondo fiscale dei frontalieri;<\/li>\n<li><a title=\"Il salvadanaio del Comune di Ventimiglia\" href=\"http:\/\/www.ventimigliablog.it\/blog\/?p=3397\" target=\"_blank\">Il salvadanaio del Comune di Ventimiglia<\/a>; il tesoretto esiste!<\/li>\n<li style=\"text-align: justify;\"><a title=\"Immobili ma non del tutto\" href=\"http:\/\/www.ventimigliablog.it\/blog\/?p=3628\" target=\"_blank\">Immobili ma non del tutto<\/a>\u00a0commenta\u00a0l\u2019ordinanza 2013\/304 sull\u2019ex calzaturificio Taverna;<\/li>\n<li><a title=\"La Svizzera \u00e8 sempre la Svizzera\" href=\"http:\/\/www.ventimigliablog.it\/blog\/?p=3625\" target=\"_blank\">La Svizzera \u00e8 sempre la Svizzera<\/a>\u00a0mette a confronto il regime fiscale applicato per i frontalieri svizzeri rispetto a quelli francesi;<\/li>\n<li style=\"text-align: justify;\"><a title=\"L\u2019Epifania: \" href=\"http:\/\/www.ventimigliablog.it\/blog\/?p=3630\" target=\"_blank\">L\u2019Epifania: &#8220;tutte le feste porta via&#8221;<\/a>\u00a0sintetizza le origini di questa festa popolare oggi molto amata dai bambini;<\/li>\n<li style=\"text-align: justify;\"><a title=\"CIVITAS E VENTIMIGLIA SERVIZI POSSONO PROCEDERE PER LEGGE\" href=\"http:\/\/www.ventimigliablog.it\/blog\/?p=3725\" target=\"_blank\">CIVITAS E VENTIMIGLIA SERVIZI POSSONO PROCEDERE PER LEGGE<\/a>\u00a0mette in chiaro che la vigente legge da nuovamente ragione alle scelte dell&#8217;Amministrazione Scullino colpevoli solo di essere innovative;<\/li>\n<li style=\"text-align: justify;\"><a title=\"Guardandomi nelle palle (degli occhi)\" href=\"http:\/\/www.ventimigliablog.it\/blog\/?p=3735\" target=\"_blank\">Guardandomi nelle palle (degli occhi)<\/a>\u00a0\u00e8 un&#8217;opinione sintetica e critica dell&#8217;autore sugli ultimi due anni di amministrazione della Citt\u00e0 (ci sar\u00e0 certamente chi la penser\u00e0 diversamente ma \u00e8 un&#8217;opinione che si ritiene sia condivisa da molti);<\/li>\n<li style=\"text-align: justify;\"><a title=\"Auguri e dintorni\" href=\"http:\/\/www.ventimigliablog.it\/blog\/?p=3532\" target=\"_blank\">Auguri e dintorni<\/a>\u00a0\u00e8 la simpatica risposta all&#8217;appello che il blogger apicoltore aveva lanciato all&#8217;autore dell&#8217;articolo;<\/li>\n<li style=\"text-align: justify;\"><a title=\"Taylorismo applicato\" href=\"http:\/\/www.ventimigliablog.it\/blog\/?p=1318\" target=\"_blank\">Taylorismo applicato<\/a>: <em>&#8220;&#8230;\u00a0se davvero in questa Citt\u00e0 e in questo Stato si vuole sconfiggere la mafia, forse non bisogna tentare di sconfiggere la mafia quanto, invece, la povert\u00e0.&#8221;<\/em><\/li>\n<li style=\"text-align: justify;\"><a title=\"2014: se sai di essere nel giusto, ti aspetti giustizia\" href=\"http:\/\/www.ventimigliablog.it\/blog\/?p=3589\" target=\"_blank\">2014: se sai di essere nel giusto, ti aspetti giustizia<\/a>\u00a0sono gli auguri dell&#8217;ex Sindaco Scullino a tutti gli elettori di buon anno 2014;<\/li>\n<li style=\"text-align: justify;\"><a title=\"Promozione turistica\" href=\"http:\/\/www.ventimigliablog.it\/blog\/?p=3719\" target=\"_blank\">Promozione turistica<\/a>\u00a0e altri articoli concludono la graduatoria del primo mese dell&#8217;anno.<\/li>\n<\/ol>\n<p>2 febbraio 2014 &#8211; Marco Prestileo<\/p>\n\t<div class=\"quickshare-container\">\r\n\t<ul class=\"quickshare-text qs-genericons quickshare-small\">\r\n\t\t<li class=\"quickshare-share\">Condividi :<\/li> \r\n\t\t<li><a href=\"https:\/\/facebook.com\/sharer.php?u=https%3A%2F%2Fwww.ventimigliablog.it%2Fblog%2Fecco-gli-articoli-piu-letti-gennaio-2014%2F&amp;t=Ecco+gli+articoli+pi%C3%B9+letti+a+gennaio+2014+<+Ventimigliablog\" target=\"_blank\" title=\"Share on Facebook\"><span class=\"quickshare-facebook\">Facebook<\/span><\/a><\/li>\t\t<li><a href=\"https:\/\/twitter.com\/intent\/tweet?url=https%3A%2F%2Fwww.ventimigliablog.it%2Fblog%2Fecco-gli-articoli-piu-letti-gennaio-2014%2F&amp;text=Ecco+gli+articoli+pi%C3%B9+letti+a+gennaio+2014+<+Ventimigliablog\" target=\"_blank\" title=\"Share on Twitter\"><span class=\"quickshare-twitter\">Twitter<\/span><\/a><\/li>\t\t\t\t\t\t<li><a href=\"https:\/\/plus.google.com\/share?url=https%3A%2F%2Fwww.ventimigliablog.it%2Fblog%2Fecco-gli-articoli-piu-letti-gennaio-2014%2F\" target=\"_blank\" title=\"Share on Google+\"><span class=\"quickshare-googleplus\">Google+<\/span><\/a><\/li>\t\t\t\t\t\t\t\t<li><a href=\"mailto:?subject=Ventimigliablog:+Ecco+gli+articoli+pi%C3%B9+letti+a+gennaio+2014&amp;body=https%3A%2F%2Fwww.ventimigliablog.it%2Fblog%2Fecco-gli-articoli-piu-letti-gennaio-2014%2F\" target=\"_blank\" title=\"Share via Email\"><span class=\"quickshare-email\">Email<\/span><\/a><\/li>\t<\/ul>\r\n\t<\/div>\r\n","protected":false},"excerpt":{"rendered":"<p>Come di consueto, per leggere o rileggere gli articoli pi\u00f9 seguiti del mese di gennaio 2014, \u00e8 sufficiente cliccare sul titolo. 2014 odissea nell&#8217;ospizio; adesso l&#8217;autore si monter\u00e0 la testa per il primo posto; A proposito del potere del CERVELLO, &hellip; <a href=\"https:\/\/www.ventimigliablog.it\/blog\/ecco-gli-articoli-piu-letti-gennaio-2014\/\">Continua a leggere<span class=\"meta-nav\">&rarr;<\/span><\/a><\/p>\n","protected":false},"author":10,"featured_media":0,"comment_status":"open","ping_status":"closed","sticky":false,"template":"","format":"standard","meta":{"ngg_post_thumbnail":0,"footnotes":""},"categories":[1,6,10],"tags":[35,14],"_links":{"self":[{"href":"https:\/\/www.ventimigliablog.it\/blog\/wp-json\/wp\/v2\/posts\/3769"}],"collection":[{"href":"https:\/\/www.ventimigliablog.it\/blog\/wp-json\/wp\/v2\/posts"}],"about":[{"href":"https:\/\/www.ventimigliablog.it\/blog\/wp-json\/wp\/v2\/types\/post"}],"author":[{"embeddable":true,"href":"https:\/\/www.ventimigliablog.it\/blog\/wp-json\/wp\/v2\/users\/10"}],"replies":[{"embeddable":true,"href":"https:\/\/www.ventimigliablog.it\/blog\/wp-json\/wp\/v2\/comments?post=3769"}],"version-history":[{"count":0,"href":"https:\/\/www.ventimigliablog.it\/blog\/wp-json\/wp\/v2\/posts\/3769\/revisions"}],"wp:attachment":[{"href":"https:\/\/www.ventimigliablog.it\/blog\/wp-json\/wp\/v2\/media?parent=3769"}],"wp:term":[{"taxonomy":"category","embeddable":true,"href":"https:\/\/www.ventimigliablog.it\/blog\/wp-json\/wp\/v2\/categories?post=3769"},{"taxonomy":"post_tag","embeddable":true,"href":"https:\/\/www.ventimigliablog.it\/blog\/wp-json\/wp\/v2\/tags?post=3769"}],"curies":[{"name":"wp","href":"https:\/\/api.w.org\/{rel}","templated":true}]}}