{"id":3801,"date":"2014-02-10T16:39:51","date_gmt":"2014-02-10T15:39:51","guid":{"rendered":"http:\/\/www.ventimigliablog.it\/blog\/?p=3801"},"modified":"2014-02-10T16:43:05","modified_gmt":"2014-02-10T15:43:05","slug":"results","status":"publish","type":"post","link":"https:\/\/www.ventimigliablog.it\/blog\/results\/","title":{"rendered":"And the results&#8230;"},"content":{"rendered":"<table width=\"416\" border=\"0\" cellspacing=\"0\" cellpadding=\"0\">\n<colgroup>\n<col width=\"323\" \/>\n<col width=\"93\" \/><\/colgroup>\n<tbody>\n<tr>\n<td width=\"323\" height=\"20\">\u00a0Immobilizzazioni prodotte da Civitas<\/td>\n<td width=\"93\">\u00a0\u00a0 2.285.412,00<\/td>\n<\/tr>\n<tr>\n<td height=\"20\">\u00a0parte gi\u00e0 &#8220;consumata&#8221;<\/td>\n<td>\u00a0\u00a0\u00a0\u00a0\u00a0\u00a0 576.436,00<\/td>\n<\/tr>\n<tr>\n<td height=\"20\">\u00a0Parte ancora buona<\/td>\n<td>\u00a0\u00a0 1.708.976,00<\/td>\n<\/tr>\n<tr>\n<td height=\"20\">\u00a0IVA che il Comune dovr\u00e0 pagare a Civitas grazie alla geniale idea della messa in liquidazione &#8220;ad casum&#8221;<\/td>\n<td>\u00a0\u00a0\u00a0\u00a0\u00a0\u00a0 375.974,72<\/td>\n<\/tr>\n<tr>\n<td height=\"20\">\u00a0Il numero di contribuenti che verseranno la loro IMU con il metodo sciacquone (ossia, direttamente nel cesso&#8230;)<\/td>\n<td>\u00a0\u00a0\u00a0\u00a0\u00a0\u00a0\u00a0\u00a0\u00a0\u00a0\u00a0\u00a0\u00a0\u00a0 751,95<\/td>\n<\/tr>\n<\/tbody>\n<\/table>\n<p>La cosa terribile \u00e8 che a quei 375.974 euro di IVA (ma quando scatter\u00e0 mai questo momento impositivo? Non sar\u00e0 mica che siamo gi\u00e0 in ritardo!?!?!?) dovranno aggiungersi altri circa 800.000 euro per le imposte di registro (ma le imposte di registro non sono il mio campo, magari sbaglio&#8230;).<!--more-->L&#8217;unica cosa che mi consola \u00e8 che, poich\u00e9 il Comune non ha queste somme, tutto rimarr\u00e0 fermo sino alla nuova (spero) pi\u00f9 illuminata amministrazione. E si raccoglieranno i cocci. Quanti altri soldi riusciremo a buttare nei prossimi 4 mesi? Non \u00e8 terribile che non si trovino i soldi per la Battaglia dei Fiori e salvare il nostro turismo? Non basterebbe forse cercarli al fondo delle nostre condotte fognarie? Perch\u00e8 la Commissione non ci da risposte, perch\u00e8 non ci spiega il motivo di tutti questi soldi in fumo? Se il Comune fosse una loro azienda, manterrebbero davvero il Rag. Fruschelli a dirigerla?<\/p>\n<p>10 febbraio 2014 &#8211; Albino Dicerto<\/p>\n\t<div class=\"quickshare-container\">\r\n\t<ul class=\"quickshare-text qs-genericons quickshare-small\">\r\n\t\t<li class=\"quickshare-share\">Condividi :<\/li> \r\n\t\t<li><a href=\"https:\/\/facebook.com\/sharer.php?u=https%3A%2F%2Fwww.ventimigliablog.it%2Fblog%2Fresults%2F&amp;t=And+the+results%26%238230%3B+<+Ventimigliablog\" target=\"_blank\" title=\"Share on Facebook\"><span class=\"quickshare-facebook\">Facebook<\/span><\/a><\/li>\t\t<li><a href=\"https:\/\/twitter.com\/intent\/tweet?url=https%3A%2F%2Fwww.ventimigliablog.it%2Fblog%2Fresults%2F&amp;text=And+the+results%26%238230%3B+<+Ventimigliablog\" target=\"_blank\" title=\"Share on Twitter\"><span class=\"quickshare-twitter\">Twitter<\/span><\/a><\/li>\t\t\t\t\t\t<li><a href=\"https:\/\/plus.google.com\/share?url=https%3A%2F%2Fwww.ventimigliablog.it%2Fblog%2Fresults%2F\" target=\"_blank\" title=\"Share on Google+\"><span class=\"quickshare-googleplus\">Google+<\/span><\/a><\/li>\t\t\t\t\t\t\t\t<li><a href=\"mailto:?subject=Ventimigliablog:+And+the+results%26%238230%3B&amp;body=https%3A%2F%2Fwww.ventimigliablog.it%2Fblog%2Fresults%2F\" target=\"_blank\" title=\"Share via Email\"><span class=\"quickshare-email\">Email<\/span><\/a><\/li>\t<\/ul>\r\n\t<\/div>\r\n","protected":false},"excerpt":{"rendered":"<p>\u00a0Immobilizzazioni prodotte da Civitas \u00a0\u00a0 2.285.412,00 \u00a0parte gi\u00e0 &#8220;consumata&#8221; \u00a0\u00a0\u00a0\u00a0\u00a0\u00a0 576.436,00 \u00a0Parte ancora buona \u00a0\u00a0 1.708.976,00 \u00a0IVA che il Comune dovr\u00e0 pagare a Civitas grazie alla geniale idea della messa in liquidazione &#8220;ad casum&#8221; \u00a0\u00a0\u00a0\u00a0\u00a0\u00a0 375.974,72 \u00a0Il numero di contribuenti &hellip; <a href=\"https:\/\/www.ventimigliablog.it\/blog\/results\/\">Continua a leggere<span class=\"meta-nav\">&rarr;<\/span><\/a><\/p>\n","protected":false},"author":12,"featured_media":0,"comment_status":"open","ping_status":"closed","sticky":false,"template":"","format":"standard","meta":{"ngg_post_thumbnail":0,"footnotes":""},"categories":[1],"tags":[],"_links":{"self":[{"href":"https:\/\/www.ventimigliablog.it\/blog\/wp-json\/wp\/v2\/posts\/3801"}],"collection":[{"href":"https:\/\/www.ventimigliablog.it\/blog\/wp-json\/wp\/v2\/posts"}],"about":[{"href":"https:\/\/www.ventimigliablog.it\/blog\/wp-json\/wp\/v2\/types\/post"}],"author":[{"embeddable":true,"href":"https:\/\/www.ventimigliablog.it\/blog\/wp-json\/wp\/v2\/users\/12"}],"replies":[{"embeddable":true,"href":"https:\/\/www.ventimigliablog.it\/blog\/wp-json\/wp\/v2\/comments?post=3801"}],"version-history":[{"count":0,"href":"https:\/\/www.ventimigliablog.it\/blog\/wp-json\/wp\/v2\/posts\/3801\/revisions"}],"wp:attachment":[{"href":"https:\/\/www.ventimigliablog.it\/blog\/wp-json\/wp\/v2\/media?parent=3801"}],"wp:term":[{"taxonomy":"category","embeddable":true,"href":"https:\/\/www.ventimigliablog.it\/blog\/wp-json\/wp\/v2\/categories?post=3801"},{"taxonomy":"post_tag","embeddable":true,"href":"https:\/\/www.ventimigliablog.it\/blog\/wp-json\/wp\/v2\/tags?post=3801"}],"curies":[{"name":"wp","href":"https:\/\/api.w.org\/{rel}","templated":true}]}}