{"id":3998,"date":"2014-03-27T02:38:22","date_gmt":"2014-03-27T01:38:22","guid":{"rendered":"http:\/\/www.ventimigliablog.it\/blog\/?p=3998"},"modified":"2014-03-27T02:38:22","modified_gmt":"2014-03-27T01:38:22","slug":"redditometro-nastro-partenza","status":"publish","type":"post","link":"https:\/\/www.ventimigliablog.it\/blog\/redditometro-nastro-partenza\/","title":{"rendered":"Il redditometro al nastro di partenza"},"content":{"rendered":"<p style=\"text-align: justify;\"><a href=\"http:\/\/www.ventimigliablog.it\/blog\/wp-content\/uploads\/2014\/03\/redditometro.png\"><img loading=\"lazy\" decoding=\"async\" class=\" wp-image-3999 alignright\" alt=\"redditometro\" src=\"http:\/\/www.ventimigliablog.it\/blog\/wp-content\/uploads\/2014\/03\/redditometro-300x132.png\" width=\"300\" height=\"132\" srcset=\"https:\/\/www.ventimigliablog.it\/blog\/wp-content\/uploads\/2014\/03\/redditometro-300x132.png 300w, https:\/\/www.ventimigliablog.it\/blog\/wp-content\/uploads\/2014\/03\/redditometro.png 338w\" sizes=\"(max-width: 300px) 100vw, 300px\" \/><\/a>A distanza di 4 anni dalla norma modificativa (il D.L. 78\/2010) il nuovo redditometro pare essere davvero ai nastri di partenza. La C.M. 6\/E\/2014 dovrebbe infatti costituire l&#8217;ultimo atto di una lunga e articolata sceneggiatura<!--more--><\/p>\n<p style=\"text-align: justify;\">Dalla lettura della citata Circolare \u00e8 possibile osservare come l&#8217;Agenzia delle Entrate abbia in gran parte accolto le censure del Garante della Privacy, confermando la portata ridimensionata delle &#8220;spese Istat&#8221; nella ricostruzione sintetica del reddito. Queste, infatti, non saranno prese in considerazione, tanto nella fase di selezione quanto in quella dell&#8217;accertamento. Al contrario, le spese derivanti dal possesso di determinati beni indice (l&#8217;autovettura o l&#8217;abitazione, nella maggior parte dei casi) potranno essere determinate con riferimento al dato statistico, ferma restando la possibilit\u00e0 del contribuente di dare prova di una diversa situazione di fatto.<\/p>\n<p style=\"text-align: justify;\">Attenzione invece al cos\u00ec detto &#8220;fitto figurativo&#8221; che sar\u00e0 attribuito al contribuente, solo nel contraddittorio, qualora lo stesso non detenga un immobile in propriet\u00e0 o altro diritto reale di godimento, locazione o leasing, uso gratuito, nel comune in cui risiede.<\/p>\n<p style=\"text-align: justify;\">Dobbiamo sapere anche tutto sulla nostra &#8220;lifestage&#8221;, sembra essere una cosa complicata ma traducendo si dovr\u00e0 sostanzialmente prendere in considerazione la situazione del contribuente con riferimento alla &#8220;famiglia anagrafica&#8221; e non pi\u00f9 alla &#8220;famiglia fiscale&#8221;. In altre parole, per valutare la coerenza del reddito dichiarato con la spesa sostenuta, occorrer\u00e0 verificarne la compatibilit\u00e0 con i redditi dichiarati dai familiari conviventi, ivi compresi i figli maggiorenni, nonch\u00e9 dai conviventi di fatto, non fiscalmente a carico. L&#8217;Amministrazione Finanziaria si interfaccer\u00e0 con l&#8217;Anagrafe comunale, prima di invitare il contribuente al contraddittorio.<\/p>\n<p style=\"text-align: justify;\">27 marzo 2014 &#8211; Marco Prestileo<\/p>\n\t<div class=\"quickshare-container\">\r\n\t<ul class=\"quickshare-text qs-genericons quickshare-small\">\r\n\t\t<li class=\"quickshare-share\">Condividi :<\/li> \r\n\t\t<li><a href=\"https:\/\/facebook.com\/sharer.php?u=https%3A%2F%2Fwww.ventimigliablog.it%2Fblog%2Fredditometro-nastro-partenza%2F&amp;t=Il+redditometro+al+nastro+di+partenza+<+Ventimigliablog\" target=\"_blank\" title=\"Share on Facebook\"><span class=\"quickshare-facebook\">Facebook<\/span><\/a><\/li>\t\t<li><a href=\"https:\/\/twitter.com\/intent\/tweet?url=https%3A%2F%2Fwww.ventimigliablog.it%2Fblog%2Fredditometro-nastro-partenza%2F&amp;text=Il+redditometro+al+nastro+di+partenza+<+Ventimigliablog\" target=\"_blank\" title=\"Share on Twitter\"><span class=\"quickshare-twitter\">Twitter<\/span><\/a><\/li>\t\t\t\t\t\t<li><a href=\"https:\/\/plus.google.com\/share?url=https%3A%2F%2Fwww.ventimigliablog.it%2Fblog%2Fredditometro-nastro-partenza%2F\" target=\"_blank\" title=\"Share on Google+\"><span class=\"quickshare-googleplus\">Google+<\/span><\/a><\/li>\t\t\t\t\t\t\t\t<li><a href=\"mailto:?subject=Ventimigliablog:+Il+redditometro+al+nastro+di+partenza&amp;body=https%3A%2F%2Fwww.ventimigliablog.it%2Fblog%2Fredditometro-nastro-partenza%2F\" target=\"_blank\" title=\"Share via Email\"><span class=\"quickshare-email\">Email<\/span><\/a><\/li>\t<\/ul>\r\n\t<\/div>\r\n","protected":false},"excerpt":{"rendered":"<p>A distanza di 4 anni dalla norma modificativa (il D.L. 78\/2010) il nuovo redditometro pare essere davvero ai nastri di partenza. La C.M. 6\/E\/2014 dovrebbe infatti costituire l&#8217;ultimo atto di una lunga e articolata sceneggiatura<\/p>\n","protected":false},"author":10,"featured_media":0,"comment_status":"open","ping_status":"closed","sticky":false,"template":"","format":"standard","meta":{"ngg_post_thumbnail":0,"footnotes":""},"categories":[3,7],"tags":[],"_links":{"self":[{"href":"https:\/\/www.ventimigliablog.it\/blog\/wp-json\/wp\/v2\/posts\/3998"}],"collection":[{"href":"https:\/\/www.ventimigliablog.it\/blog\/wp-json\/wp\/v2\/posts"}],"about":[{"href":"https:\/\/www.ventimigliablog.it\/blog\/wp-json\/wp\/v2\/types\/post"}],"author":[{"embeddable":true,"href":"https:\/\/www.ventimigliablog.it\/blog\/wp-json\/wp\/v2\/users\/10"}],"replies":[{"embeddable":true,"href":"https:\/\/www.ventimigliablog.it\/blog\/wp-json\/wp\/v2\/comments?post=3998"}],"version-history":[{"count":0,"href":"https:\/\/www.ventimigliablog.it\/blog\/wp-json\/wp\/v2\/posts\/3998\/revisions"}],"wp:attachment":[{"href":"https:\/\/www.ventimigliablog.it\/blog\/wp-json\/wp\/v2\/media?parent=3998"}],"wp:term":[{"taxonomy":"category","embeddable":true,"href":"https:\/\/www.ventimigliablog.it\/blog\/wp-json\/wp\/v2\/categories?post=3998"},{"taxonomy":"post_tag","embeddable":true,"href":"https:\/\/www.ventimigliablog.it\/blog\/wp-json\/wp\/v2\/tags?post=3998"}],"curies":[{"name":"wp","href":"https:\/\/api.w.org\/{rel}","templated":true}]}}