{"id":4014,"date":"2014-03-28T06:56:46","date_gmt":"2014-03-28T05:56:46","guid":{"rendered":"http:\/\/www.ventimigliablog.it\/blog\/?p=4014"},"modified":"2014-03-28T06:56:46","modified_gmt":"2014-03-28T05:56:46","slug":"niente-elezioni-provinciali-niente-compensi","status":"publish","type":"post","link":"https:\/\/www.ventimigliablog.it\/blog\/niente-elezioni-provinciali-niente-compensi\/","title":{"rendered":"Niente elezioni provinciali e niente compensi"},"content":{"rendered":"<div id=\"attachment_4015\" style=\"width: 310px\" class=\"wp-caption alignleft\"><a href=\"http:\/\/www.ventimigliablog.it\/blog\/wp-content\/uploads\/2014\/03\/parlamento.png\"><img loading=\"lazy\" decoding=\"async\" aria-describedby=\"caption-attachment-4015\" class=\" wp-image-4015\" alt=\"Fonte: pmi \" src=\"http:\/\/www.ventimigliablog.it\/blog\/wp-content\/uploads\/2014\/03\/parlamento-300x150.png\" width=\"300\" height=\"150\" srcset=\"https:\/\/www.ventimigliablog.it\/blog\/wp-content\/uploads\/2014\/03\/parlamento-300x150.png 300w, https:\/\/www.ventimigliablog.it\/blog\/wp-content\/uploads\/2014\/03\/parlamento-500x250.png 500w, https:\/\/www.ventimigliablog.it\/blog\/wp-content\/uploads\/2014\/03\/parlamento.png 600w\" sizes=\"(max-width: 300px) 100vw, 300px\" \/><\/a><p id=\"caption-attachment-4015\" class=\"wp-caption-text\">Fonte: pmi<\/p><\/div>\n<p>Nell\u2019attesa che si proceda con una riforma costituzionale (tempi lunghi e volont\u00e0 politica da verificare) \u00e8 in dirittura d\u2019arrivo il Disegno di Legge di riordino (Ddl del Rio). Il Governo ha dovuto chiedere la fiducia al Senato, poi il testo dovr\u00e0 tornare in terza lettura alla Camera.<!--more--><\/p>\n<p>Non cambia il numero delle Province italiane (107) ma ne vengono limitate le funzioni e abolite le elezioni. Il tutto comporter\u00e0 qualche risparmio pubblico: niente stipendio per i nuovi rappresentanti degli organi provinciali, che sostituiranno gli attuali 3 mila consiglieri retribuiti. Se l\u2019iter proseguir\u00e0 senza intoppi, i nuovi enti entreranno in funzione nel 2015 ma si eviteranno le elezioni gi\u00e0 da maggio 2014 per i consigli in scadenza.<\/p>\n<p style=\"text-align: justify;\">Tecnicamente, le Province diventano enti di secondo livello. Tutti gli attuali compiti passano ai Comuni e i dipendenti delle province diventeranno dipendenti comunali. Le nuove Province avranno una semplice funzione di pianificazione, nei seguenti ambiti: territorio e valorizzazione ambiente, trasporti, rete scolastico. Restano compiti pi\u00f9 ampi (simili a quelli attuali) in materia di edilizia scolastica.<\/p>\n<p style=\"text-align: justify;\">Ma si risparmier\u00e0 davvero e quanto? Non ci sono pi\u00f9 cariche elettive. Il presidente della Provincia sar\u00e0 il sindaco del Comune capoluogo. Il consiglio provinciale sar\u00e0 formato da 10-16 membri (a seconda dell\u2019ampiezza del territorio) scelti fra i sindaci e i consiglieri di zona. Si istituisce l\u2019assemblea dei sindaci, che raggruppa tutti i primi cittadini dell\u2019area provinciale. Nessuna di queste cariche prevede un\u2019indennit\u00e0.<\/p>\n<p style=\"text-align: justify;\">Sulla quantificazione dei risparmi ci sono al momento cifre diverse, comunque poco o tanto qualcosa si risparmier\u00e0.<\/p>\n<p style=\"text-align: justify;\">28 marzo 2014 &#8211; Marco Prestileo<\/p>\n\t<div class=\"quickshare-container\">\r\n\t<ul class=\"quickshare-text qs-genericons quickshare-small\">\r\n\t\t<li class=\"quickshare-share\">Condividi :<\/li> \r\n\t\t<li><a href=\"https:\/\/facebook.com\/sharer.php?u=https%3A%2F%2Fwww.ventimigliablog.it%2Fblog%2Fniente-elezioni-provinciali-niente-compensi%2F&amp;t=Niente+elezioni+provinciali+e+niente+compensi+<+Ventimigliablog\" target=\"_blank\" title=\"Share on Facebook\"><span class=\"quickshare-facebook\">Facebook<\/span><\/a><\/li>\t\t<li><a href=\"https:\/\/twitter.com\/intent\/tweet?url=https%3A%2F%2Fwww.ventimigliablog.it%2Fblog%2Fniente-elezioni-provinciali-niente-compensi%2F&amp;text=Niente+elezioni+provinciali+e+niente+compensi+<+Ventimigliablog\" target=\"_blank\" title=\"Share on Twitter\"><span class=\"quickshare-twitter\">Twitter<\/span><\/a><\/li>\t\t\t\t\t\t<li><a href=\"https:\/\/plus.google.com\/share?url=https%3A%2F%2Fwww.ventimigliablog.it%2Fblog%2Fniente-elezioni-provinciali-niente-compensi%2F\" target=\"_blank\" title=\"Share on Google+\"><span class=\"quickshare-googleplus\">Google+<\/span><\/a><\/li>\t\t\t\t\t\t\t\t<li><a href=\"mailto:?subject=Ventimigliablog:+Niente+elezioni+provinciali+e+niente+compensi&amp;body=https%3A%2F%2Fwww.ventimigliablog.it%2Fblog%2Fniente-elezioni-provinciali-niente-compensi%2F\" target=\"_blank\" title=\"Share via Email\"><span class=\"quickshare-email\">Email<\/span><\/a><\/li>\t<\/ul>\r\n\t<\/div>\r\n","protected":false},"excerpt":{"rendered":"<p>Nell\u2019attesa che si proceda con una riforma costituzionale (tempi lunghi e volont\u00e0 politica da verificare) \u00e8 in dirittura d\u2019arrivo il Disegno di Legge di riordino (Ddl del Rio). Il Governo ha dovuto chiedere la fiducia al Senato, poi il testo &hellip; <a href=\"https:\/\/www.ventimigliablog.it\/blog\/niente-elezioni-provinciali-niente-compensi\/\">Continua a leggere<span class=\"meta-nav\">&rarr;<\/span><\/a><\/p>\n","protected":false},"author":10,"featured_media":0,"comment_status":"open","ping_status":"closed","sticky":false,"template":"","format":"standard","meta":{"ngg_post_thumbnail":0,"footnotes":""},"categories":[3,1,7],"tags":[],"_links":{"self":[{"href":"https:\/\/www.ventimigliablog.it\/blog\/wp-json\/wp\/v2\/posts\/4014"}],"collection":[{"href":"https:\/\/www.ventimigliablog.it\/blog\/wp-json\/wp\/v2\/posts"}],"about":[{"href":"https:\/\/www.ventimigliablog.it\/blog\/wp-json\/wp\/v2\/types\/post"}],"author":[{"embeddable":true,"href":"https:\/\/www.ventimigliablog.it\/blog\/wp-json\/wp\/v2\/users\/10"}],"replies":[{"embeddable":true,"href":"https:\/\/www.ventimigliablog.it\/blog\/wp-json\/wp\/v2\/comments?post=4014"}],"version-history":[{"count":0,"href":"https:\/\/www.ventimigliablog.it\/blog\/wp-json\/wp\/v2\/posts\/4014\/revisions"}],"wp:attachment":[{"href":"https:\/\/www.ventimigliablog.it\/blog\/wp-json\/wp\/v2\/media?parent=4014"}],"wp:term":[{"taxonomy":"category","embeddable":true,"href":"https:\/\/www.ventimigliablog.it\/blog\/wp-json\/wp\/v2\/categories?post=4014"},{"taxonomy":"post_tag","embeddable":true,"href":"https:\/\/www.ventimigliablog.it\/blog\/wp-json\/wp\/v2\/tags?post=4014"}],"curies":[{"name":"wp","href":"https:\/\/api.w.org\/{rel}","templated":true}]}}