{"id":4018,"date":"2014-03-28T16:19:15","date_gmt":"2014-03-28T15:19:15","guid":{"rendered":"http:\/\/www.ventimigliablog.it\/blog\/?p=4018"},"modified":"2014-03-28T16:19:15","modified_gmt":"2014-03-28T15:19:15","slug":"dolce-risveglio","status":"publish","type":"post","link":"https:\/\/www.ventimigliablog.it\/blog\/dolce-risveglio\/","title":{"rendered":"Dolce risveglio"},"content":{"rendered":"<p>Ho sorriso quando ho letto che il M5S, risvegliandosi dal nulla, ha scoperto che negli ultimi due anni la raccolta differenziata \u00e8 stata uno sfacelo. Probabilmente, chi dovr\u00e0 guardare il resto scoprir\u00e0 cose ben peggiori. Possiamo stare cmq certi di una cosa: chi pagher\u00e0 tutti questi disastri saremo noi cittadini. <!--more-->A meno che il Fruskelli non sia riuscito nella geniale manovra di vendere beni di altri spacciandoli per beni in piena propriet\u00e0. Il bando scadeva ieri e avr\u00e0 riscosso, con certezza, ampissimo consenso. Venghino consulenti venghino! Ancora per due mesi, soldi ce ne sono per tutti!!!<\/p>\n<p>28 marzo 2014 &#8211; Albino Dicerto<\/p>\n\t<div class=\"quickshare-container\">\r\n\t<ul class=\"quickshare-text qs-genericons quickshare-small\">\r\n\t\t<li class=\"quickshare-share\">Condividi :<\/li> \r\n\t\t<li><a href=\"https:\/\/facebook.com\/sharer.php?u=https%3A%2F%2Fwww.ventimigliablog.it%2Fblog%2Fdolce-risveglio%2F&amp;t=Dolce+risveglio+<+Ventimigliablog\" target=\"_blank\" title=\"Share on Facebook\"><span class=\"quickshare-facebook\">Facebook<\/span><\/a><\/li>\t\t<li><a href=\"https:\/\/twitter.com\/intent\/tweet?url=https%3A%2F%2Fwww.ventimigliablog.it%2Fblog%2Fdolce-risveglio%2F&amp;text=Dolce+risveglio+<+Ventimigliablog\" target=\"_blank\" title=\"Share on Twitter\"><span class=\"quickshare-twitter\">Twitter<\/span><\/a><\/li>\t\t\t\t\t\t<li><a href=\"https:\/\/plus.google.com\/share?url=https%3A%2F%2Fwww.ventimigliablog.it%2Fblog%2Fdolce-risveglio%2F\" target=\"_blank\" title=\"Share on Google+\"><span class=\"quickshare-googleplus\">Google+<\/span><\/a><\/li>\t\t\t\t\t\t\t\t<li><a href=\"mailto:?subject=Ventimigliablog:+Dolce+risveglio&amp;body=https%3A%2F%2Fwww.ventimigliablog.it%2Fblog%2Fdolce-risveglio%2F\" target=\"_blank\" title=\"Share via Email\"><span class=\"quickshare-email\">Email<\/span><\/a><\/li>\t<\/ul>\r\n\t<\/div>\r\n","protected":false},"excerpt":{"rendered":"<p>Ho sorriso quando ho letto che il M5S, risvegliandosi dal nulla, ha scoperto che negli ultimi due anni la raccolta differenziata \u00e8 stata uno sfacelo. Probabilmente, chi dovr\u00e0 guardare il resto scoprir\u00e0 cose ben peggiori. Possiamo stare cmq certi di &hellip; <a href=\"https:\/\/www.ventimigliablog.it\/blog\/dolce-risveglio\/\">Continua a leggere<span class=\"meta-nav\">&rarr;<\/span><\/a><\/p>\n","protected":false},"author":12,"featured_media":0,"comment_status":"open","ping_status":"closed","sticky":false,"template":"","format":"standard","meta":{"ngg_post_thumbnail":0,"footnotes":""},"categories":[1],"tags":[],"_links":{"self":[{"href":"https:\/\/www.ventimigliablog.it\/blog\/wp-json\/wp\/v2\/posts\/4018"}],"collection":[{"href":"https:\/\/www.ventimigliablog.it\/blog\/wp-json\/wp\/v2\/posts"}],"about":[{"href":"https:\/\/www.ventimigliablog.it\/blog\/wp-json\/wp\/v2\/types\/post"}],"author":[{"embeddable":true,"href":"https:\/\/www.ventimigliablog.it\/blog\/wp-json\/wp\/v2\/users\/12"}],"replies":[{"embeddable":true,"href":"https:\/\/www.ventimigliablog.it\/blog\/wp-json\/wp\/v2\/comments?post=4018"}],"version-history":[{"count":0,"href":"https:\/\/www.ventimigliablog.it\/blog\/wp-json\/wp\/v2\/posts\/4018\/revisions"}],"wp:attachment":[{"href":"https:\/\/www.ventimigliablog.it\/blog\/wp-json\/wp\/v2\/media?parent=4018"}],"wp:term":[{"taxonomy":"category","embeddable":true,"href":"https:\/\/www.ventimigliablog.it\/blog\/wp-json\/wp\/v2\/categories?post=4018"},{"taxonomy":"post_tag","embeddable":true,"href":"https:\/\/www.ventimigliablog.it\/blog\/wp-json\/wp\/v2\/tags?post=4018"}],"curies":[{"name":"wp","href":"https:\/\/api.w.org\/{rel}","templated":true}]}}