{"id":4153,"date":"2014-05-05T12:37:30","date_gmt":"2014-05-05T10:37:30","guid":{"rendered":"http:\/\/www.ventimigliablog.it\/blog\/?p=4153"},"modified":"2014-05-06T06:39:23","modified_gmt":"2014-05-06T04:39:23","slug":"tasi-tassa-sui-servizi-indivisibili-2","status":"publish","type":"post","link":"https:\/\/www.ventimigliablog.it\/blog\/tasi-tassa-sui-servizi-indivisibili-2\/","title":{"rendered":"La TASI &#8211; Tassa sui servizi indivisibili &#8211; ( 2 )"},"content":{"rendered":"<p style=\"text-align: justify;\">Cari lettori di Ventimigliablog , come promesso eccomi nuovamente a voi con un ulteriore riflessione sulla TASI .<!--more--><\/p>\n<p style=\"text-align: justify;\">Forse non tutti sanno che nei Comuni nei quali l&#8217;aliquota IMU su seconde abitazioni e altri fabbricati \u00e8 stata applicata al massimo ( leggi 10,6 per mille ) , la Tasi \u00e8 pari a zero . Direte voi : bene , finalmente una buona notizia ! Mi spiace ma devo contraddirvi : questo meccanismo ha infatti costretto gli stessi enti locali a scaricare l&#8217;intero costo dei servizi indivisibili sui possessori di prime abitazioni ( vedi articolo pubblicato in precedenza ) . Non solo : per gli addetti ai lavori , la Tasi a zero implica una serie di problematiche tecniche e non solo che ora cerchero&#8217; di illustrare .<\/p>\n<p style=\"text-align: justify;\">Sono diversi i Comuni che intendono mantenere la TASI a zero, nella maggior parte dei casi in quanto dispongono di margini sull&#8217;IMU e preferiscono agire su tale imposta evitando l&#8217;applicazione della TASI.\u00a0\u00a0\u00a0\u00a0 Dalla lettura di alcuni regolamenti comunali ( quello di Ventimiglia non \u00e8 ancora stato pubblicato &#8230; ) , si rileva come la maggior parte di tali enti non stia tenendo conto di un aspetto procedurale importante: la conversione in legge del D.L. 16\/2014 (e la novit\u00e0 \u00e8 oramai certa, in quanto il testo \u00e8 stato approvato definitivamente anche dal Senato, si attende la pubblicazione per una circolare esplicativa) che introduce il sistema per il quale <strong>se il Comune non pubblica nulla entro il 31 maggio<\/strong> (tramite inserimento entro il 23 maggio della delibera delle aliquote nel consueto sito ministeriale), <strong>i possessori di abitazione principale non verseranno nulla al 16 giugno e sposteranno l&#8217;adempimento al 16 dicembre, mentre gli altri soggetti passivi dovranno comunque procedere al versamento del 16 giugno, ma applicando l&#8217;aliquota di base dell&#8217; 1 per mille. <\/strong><\/p>\n<p style=\"text-align: justify;\">Se quindi, come si \u00e8\u00a0rilevato in molti casi, gli uffici ignorano l&#8217;adempimento di pubblicazione (comportamento peraltro comprensibile, in quanto viene spontaneo non procedere ad alcuna pubblicazione se la tassa non viene applicata), <strong>il risultato \u00e8 che, per gli immobili diversi dall&#8217;abitazione principale, i contribuenti dovranno procedere al versamento di giugno utilizzando l&#8217;aliquota dell&#8217; 1 per mille, con la conseguenza che tutti i versamenti effettuati dovranno essere oggetto di rimborso da parte del Comune, un rimborso che, peraltro, sar\u00e0 dovuto d&#8217;ufficio,<\/strong> in quanto non oggetto di valutazioni bens\u00ec sistematico in quanto riguardante qualsiasi versamento a prescindere (avendo deliberato l&#8217;aliquota a zero), per cui l&#8217;ufficio non potr\u00e0 sostenere di non aver rilevato la spettanza dei rimborsi . Alcuni Comuni confidano nell&#8217;avvertire i contribuenti tramite note informative inviate ai cittadini, ma \u00e8 evidente che ci\u00f2 andrebbe innanzitutto esteso anche ai non residenti che possiedono immobili sul territorio (oltre alle seconde case, pi\u00f9 diffuse nei Comuni turistici, il problema riguarda, in tutti i Comuni, buona parte degli immobili commerciali, industriali e artigianali e delle aree fabbricabili), ma anche con tale accorgimento sarebbero comunque diffusi i versamenti, per il fatto che la maggior parte dei contribuenti utilizzano CAF e commercialisti (si pensi a tutte le attivit\u00e0 economiche), i quali, se aventi sede al di fuori del Comune, ben difficilmente saranno a conoscenza delle decisioni assunte dagli amministratori .<\/p>\n<p style=\"text-align: justify;\">Pertanto \u00a0\u00e8 consigliabile verificare , da parte di CAF e commercialisti che\u00a0 gli uffici tributi che intendono applicare l&#8217;aliquota TASI a zero ,\u00a0 si siano premurati\u00a0di preparare apposita\u00a0\u00a0delibera con conseguente\u00a0 inserimento\u00a0della stessa\u00a0nel sito ministeriale entro il 23 maggio, onde consentire la fruibilit\u00e0\u00a0dei relativi contenuti\u00a0da parte di tutti gli operatori del settore.<\/p>\n<p style=\"text-align: justify;\">&#8230;. In sintesi : siamo di fronte alla solita confusione normativa che non agevola\u00a0i contribuenti onesti , gli impiegati che vogliono ben operare e i liberi professionisti che devono tradurre in pratica una serie di norme contradditorie &#8230;. Tanti auguri !<\/p>\n<p style=\"text-align: justify;\">5 maggio 2014 &#8211; Beatrice Manzini &#8211;<\/p>\n\t<div class=\"quickshare-container\">\r\n\t<ul class=\"quickshare-text qs-genericons quickshare-small\">\r\n\t\t<li class=\"quickshare-share\">Condividi :<\/li> \r\n\t\t<li><a href=\"https:\/\/facebook.com\/sharer.php?u=https%3A%2F%2Fwww.ventimigliablog.it%2Fblog%2Ftasi-tassa-sui-servizi-indivisibili-2%2F&amp;t=La+TASI+%26%238211%3B+Tassa+sui+servizi+indivisibili+%26%238211%3B+%28+2+%29+<+Ventimigliablog\" target=\"_blank\" title=\"Share on Facebook\"><span class=\"quickshare-facebook\">Facebook<\/span><\/a><\/li>\t\t<li><a href=\"https:\/\/twitter.com\/intent\/tweet?url=https%3A%2F%2Fwww.ventimigliablog.it%2Fblog%2Ftasi-tassa-sui-servizi-indivisibili-2%2F&amp;text=La+TASI+%26%238211%3B+Tassa+sui+servizi+indivisibili+%26%238211%3B+%28+2+%29+<+Ventimigliablog\" target=\"_blank\" title=\"Share on Twitter\"><span class=\"quickshare-twitter\">Twitter<\/span><\/a><\/li>\t\t\t\t\t\t<li><a href=\"https:\/\/plus.google.com\/share?url=https%3A%2F%2Fwww.ventimigliablog.it%2Fblog%2Ftasi-tassa-sui-servizi-indivisibili-2%2F\" target=\"_blank\" title=\"Share on Google+\"><span class=\"quickshare-googleplus\">Google+<\/span><\/a><\/li>\t\t\t\t\t\t\t\t<li><a href=\"mailto:?subject=Ventimigliablog:+La+TASI+%26%238211%3B+Tassa+sui+servizi+indivisibili+%26%238211%3B+%28+2+%29&amp;body=https%3A%2F%2Fwww.ventimigliablog.it%2Fblog%2Ftasi-tassa-sui-servizi-indivisibili-2%2F\" target=\"_blank\" title=\"Share via Email\"><span class=\"quickshare-email\">Email<\/span><\/a><\/li>\t<\/ul>\r\n\t<\/div>\r\n","protected":false},"excerpt":{"rendered":"<p>Cari lettori di Ventimigliablog , come promesso eccomi nuovamente a voi con un ulteriore riflessione sulla TASI .<\/p>\n","protected":false},"author":11,"featured_media":0,"comment_status":"open","ping_status":"closed","sticky":false,"template":"","format":"standard","meta":{"ngg_post_thumbnail":0,"footnotes":""},"categories":[3,1,7],"tags":[],"_links":{"self":[{"href":"https:\/\/www.ventimigliablog.it\/blog\/wp-json\/wp\/v2\/posts\/4153"}],"collection":[{"href":"https:\/\/www.ventimigliablog.it\/blog\/wp-json\/wp\/v2\/posts"}],"about":[{"href":"https:\/\/www.ventimigliablog.it\/blog\/wp-json\/wp\/v2\/types\/post"}],"author":[{"embeddable":true,"href":"https:\/\/www.ventimigliablog.it\/blog\/wp-json\/wp\/v2\/users\/11"}],"replies":[{"embeddable":true,"href":"https:\/\/www.ventimigliablog.it\/blog\/wp-json\/wp\/v2\/comments?post=4153"}],"version-history":[{"count":0,"href":"https:\/\/www.ventimigliablog.it\/blog\/wp-json\/wp\/v2\/posts\/4153\/revisions"}],"wp:attachment":[{"href":"https:\/\/www.ventimigliablog.it\/blog\/wp-json\/wp\/v2\/media?parent=4153"}],"wp:term":[{"taxonomy":"category","embeddable":true,"href":"https:\/\/www.ventimigliablog.it\/blog\/wp-json\/wp\/v2\/categories?post=4153"},{"taxonomy":"post_tag","embeddable":true,"href":"https:\/\/www.ventimigliablog.it\/blog\/wp-json\/wp\/v2\/tags?post=4153"}],"curies":[{"name":"wp","href":"https:\/\/api.w.org\/{rel}","templated":true}]}}