{"id":4173,"date":"2014-05-19T13:33:49","date_gmt":"2014-05-19T11:33:49","guid":{"rendered":"http:\/\/www.ventimigliablog.it\/blog\/?p=4173"},"modified":"2014-05-20T19:45:35","modified_gmt":"2014-05-20T17:45:35","slug":"corrotti-cretini-brutto-derby-marcello-veneziani","status":"publish","type":"post","link":"https:\/\/www.ventimigliablog.it\/blog\/corrotti-cretini-brutto-derby-marcello-veneziani\/","title":{"rendered":"&#8220;Corrotti-cretini, che brutto derby&#8221;- di Marcello Veneziani"},"content":{"rendered":"<p style=\"text-align: justify;\">Pubblico\u00a0un estratto della quotidiana rubrica &#8220;Cuc\u00f9&#8221; a firma di Marcello Veneziani, che a mio medesto parere ben illustra il clima generale di sbandamento nel quale l&#8217;italico paese \u00e8 sprofondato &#8230; Ai lettori il giudizio &#8230;. &#8211; Beatrice M.-<!--more-->\u00a0<\/p>\n<p style=\"text-align: justify;\">&#8220;Perch\u00e9 non scrivi nulla sui malfattori finiti in carcere? Perch\u00e9 vedo crescere due partiti: da una parte i lestofanti e dall&#8217;altra i fanatici e non parteggio per nessuno dei due.<\/p>\n<p style=\"text-align: justify;\">\u00c8 il nuovo bipolarismo in cui si sta infognando la democrazia italiana. Furfanti in affari e idioti incarogniti sono i nuovi opposti estremismi, in parlamento e fuori. Ogni giorno spunta qualcuno che ha abusato del potere. E ogni giorno una canea di cretini risentiti esulta per le manette e invoca feroci castighi. Ambedue costruiscono le loro carriere sullo sfascio del Paese, chi lucrando sul potere e chi gufando sul collasso. Siamo ridotti a questa alternativa inscenata dai media, mani sporche e bocche urlanti. Se a pi\u00f9 di vent&#8217;anni da Tangentopoli siamo ancora l\u00ec, vuol dire che la via giudiziaria non \u00e8 il rimedio.<br \/>\nN\u00e9 funziona elevare tutto il malaffare al rango di associazione criminale e vedere in ogni abuso l&#8217;ombra di una Cupola mafiosa per sbattere in carcere chi vogliono, senza distinguere. Se il difetto fosse invece nel manico, cio\u00e8 su come si recluta la classe politica e come si assegnano i ruoli e i compiti prima che gli appalti? E se la chiave del problema fosse la selezione del personale politico sulla base della motivazione e delle effettive capacit\u00e0? Se fate un censimento nelle due schiere su cosa li muove in politica e che meriti hanno per occupare quei posti, trovate un dato politico che li accomuna: sono inadeguati e bassamente motivati, da interessi o da rancori. Il dramma \u00e8 quello e ha un titolo: I Miserabili &#8221; .<\/p>\n<p style=\"text-align: justify;\">da : &#8221; Il Giornale &#8221; &#8211; 19 maggio 2014 a firma Marcello Veneziani &#8211;<\/p>\n<p style=\"text-align: justify;\"><strong>p.s: visto che non a tutti \u00e8 concessa la libert\u00e0 di pensiero e di parola , preciso che l&#8217;iniziativa di pubblicare questo articolo \u00e8 da ricondurre alla scrivente e a nessun altro .<\/strong><\/p>\n\t<div class=\"quickshare-container\">\r\n\t<ul class=\"quickshare-text qs-genericons quickshare-small\">\r\n\t\t<li class=\"quickshare-share\">Condividi :<\/li> \r\n\t\t<li><a href=\"https:\/\/facebook.com\/sharer.php?u=https%3A%2F%2Fwww.ventimigliablog.it%2Fblog%2Fcorrotti-cretini-brutto-derby-marcello-veneziani%2F&amp;t=%26%238220%3BCorrotti-cretini%2C+che+brutto+derby%26%238221%3B-+di+Marcello+Veneziani+<+Ventimigliablog\" target=\"_blank\" title=\"Share on Facebook\"><span class=\"quickshare-facebook\">Facebook<\/span><\/a><\/li>\t\t<li><a href=\"https:\/\/twitter.com\/intent\/tweet?url=https%3A%2F%2Fwww.ventimigliablog.it%2Fblog%2Fcorrotti-cretini-brutto-derby-marcello-veneziani%2F&amp;text=%26%238220%3BCorrotti-cretini%2C+che+brutto+derby%26%238221%3B-+di+Marcello+Veneziani+<+Ventimigliablog\" target=\"_blank\" title=\"Share on Twitter\"><span class=\"quickshare-twitter\">Twitter<\/span><\/a><\/li>\t\t\t\t\t\t<li><a href=\"https:\/\/plus.google.com\/share?url=https%3A%2F%2Fwww.ventimigliablog.it%2Fblog%2Fcorrotti-cretini-brutto-derby-marcello-veneziani%2F\" target=\"_blank\" title=\"Share on Google+\"><span class=\"quickshare-googleplus\">Google+<\/span><\/a><\/li>\t\t\t\t\t\t\t\t<li><a href=\"mailto:?subject=Ventimigliablog:+%26%238220%3BCorrotti-cretini%2C+che+brutto+derby%26%238221%3B-+di+Marcello+Veneziani&amp;body=https%3A%2F%2Fwww.ventimigliablog.it%2Fblog%2Fcorrotti-cretini-brutto-derby-marcello-veneziani%2F\" target=\"_blank\" title=\"Share via Email\"><span class=\"quickshare-email\">Email<\/span><\/a><\/li>\t<\/ul>\r\n\t<\/div>\r\n","protected":false},"excerpt":{"rendered":"<p>Pubblico\u00a0un estratto della quotidiana rubrica &#8220;Cuc\u00f9&#8221; a firma di Marcello Veneziani, che a mio medesto parere ben illustra il clima generale di sbandamento nel quale l&#8217;italico paese \u00e8 sprofondato &#8230; Ai lettori il giudizio &#8230;. &#8211; Beatrice M.-<\/p>\n","protected":false},"author":11,"featured_media":0,"comment_status":"open","ping_status":"closed","sticky":false,"template":"","format":"standard","meta":{"ngg_post_thumbnail":0,"footnotes":""},"categories":[3,1],"tags":[],"_links":{"self":[{"href":"https:\/\/www.ventimigliablog.it\/blog\/wp-json\/wp\/v2\/posts\/4173"}],"collection":[{"href":"https:\/\/www.ventimigliablog.it\/blog\/wp-json\/wp\/v2\/posts"}],"about":[{"href":"https:\/\/www.ventimigliablog.it\/blog\/wp-json\/wp\/v2\/types\/post"}],"author":[{"embeddable":true,"href":"https:\/\/www.ventimigliablog.it\/blog\/wp-json\/wp\/v2\/users\/11"}],"replies":[{"embeddable":true,"href":"https:\/\/www.ventimigliablog.it\/blog\/wp-json\/wp\/v2\/comments?post=4173"}],"version-history":[{"count":0,"href":"https:\/\/www.ventimigliablog.it\/blog\/wp-json\/wp\/v2\/posts\/4173\/revisions"}],"wp:attachment":[{"href":"https:\/\/www.ventimigliablog.it\/blog\/wp-json\/wp\/v2\/media?parent=4173"}],"wp:term":[{"taxonomy":"category","embeddable":true,"href":"https:\/\/www.ventimigliablog.it\/blog\/wp-json\/wp\/v2\/categories?post=4173"},{"taxonomy":"post_tag","embeddable":true,"href":"https:\/\/www.ventimigliablog.it\/blog\/wp-json\/wp\/v2\/tags?post=4173"}],"curies":[{"name":"wp","href":"https:\/\/api.w.org\/{rel}","templated":true}]}}