{"id":4177,"date":"2014-05-20T20:08:08","date_gmt":"2014-05-20T18:08:08","guid":{"rendered":"http:\/\/www.ventimigliablog.it\/blog\/?p=4177"},"modified":"2014-05-20T20:12:04","modified_gmt":"2014-05-20T18:12:04","slug":"tasi-nessun-rinvio-per-immobile-ventimiglia","status":"publish","type":"post","link":"https:\/\/www.ventimigliablog.it\/blog\/tasi-nessun-rinvio-per-immobile-ventimiglia\/","title":{"rendered":"TASI, si paga sulla prima casa e nessun rinvio per chi ha un immobile a Ventimiglia"},"content":{"rendered":"<h2 style=\"text-align: justify;\"><strong>Nei Comuni che non avranno deliberato l&#8217;aliquota TASI entro il 23 maggio, il termine di pagamento della prima rata dell&#8217;imposta \u00e8 rinviato a settembre<\/strong>, <span style=\"text-decoration: underline;\">non \u00e8 per\u00f2 il caso del Comune di Ventimiglia<\/span>, in cui si prevede il pagamento della TASI (tassa servizi indivisibili) anche sulla prima casa e con l&#8217;aliquota massima originariamente consentita per il 2014, il 2,5 per mille (che non si applica per\u00f2 sui\u00a0immobili di lusso).<\/h2>\n<p><!--more--><\/p>\n<div class=\"nero13px\">\n<div style=\"text-align: justify;\">Il termine per il pagamento della prima rata della TASI \u00e8 prorogato a settembre nei Comuni che entro il 23 maggio non avranno deliberato le aliquote. La scadenza resta, invece, confermata al 16 giugno nei Comuni che deliberano le aliquote entro il 23 maggio. Ad annunciarlo \u00e8 lo stesso Ministero dell&#8217;Economia e delle Finanze con il comunicato stampa n. 128 del 19 maggio 2014. La decisione \u00e8 stata presa dal Governo dopo aver incontrato l\u2019Anci, per venire incontro da un lato alle esigenze determinate dal rinnovo dei consigli comunali, e dall\u2019altro all\u2019esigenza di garantire ai contribuenti certezza sugli adempimenti fiscali. Per i Comuni dove varr\u00e0 la proroga, il comunicato fa riferimento in modo generico al mese di settembre, ma si ipotizza che la data possa essere il 16 settembre\u00a0(Fonte: Ministero dell&#8217;Economia e delle Finanze).<\/div>\n<div style=\"text-align: justify;\"><\/div>\n<div style=\"text-align: justify;\">Nel caso di Ventimiglia, quindi, che ha gi\u00e0 deliberato (nei termini),\u00a0la scadenza resta, invece, confermata al 16 giugno 2014. In questo caso la\u00a0COMMISSIONE STRAORDINARIA \u00e8 stata certamente molto solerte e, con i poteri del CONSIGLIO COMUNALE che avremo entro breve, ha approvato con la delibera d<span style=\"font-size: medium;\">el 08\/05\/2014,\u00a0numero 20, quanto segue:<\/span><\/div>\n<div style=\"text-align: justify;\">1) <span style=\"font-size: medium;\">DI APPROVARE,\u00a0<\/span><span style=\"font-family: Times New Roman,Times New Roman PSMT; font-size: medium;\"><span style=\"font-family: Times New Roman,Times New Roman PSMT; font-size: medium;\">le seguenti aliquote per l\u2019applicazione della componente TASI (Tributo Servizi indivisibili) anno 2014:<\/span><\/span><\/div>\n<div style=\"text-align: justify;\"><strong><span style=\"font-size: medium;\">&#8211;\u00a0ALIQUOTA 2.5 per mille <\/span><\/strong><span style=\"font-family: Times New Roman,Times New Roman PSMT; font-size: medium;\"><span style=\"font-family: Times New Roman,Times New Roman PSMT; font-size: medium;\">\u2013 <span style=\"text-decoration: underline;\">da applicare alle Abitazioni Principali e relative pertinenze <\/span>come definite ai fini IMU con esclusione delle categorie A\/1 A\/8 e A\/9;<\/span><\/span><\/div>\n<div style=\"text-align: justify;\"><strong><span style=\"font-size: medium;\">&#8211; ALIQUOTA 0.50 per mille <\/span><\/strong><span style=\"font-family: Times New Roman,Times New Roman PSMT; font-size: medium;\"><span style=\"font-family: Times New Roman,Times New Roman PSMT; font-size: medium;\">\u2013 da applicare agli &#8220;immobili produttivi e strumentali agricoli&#8221; cos\u00ec come definiti dall\u2019art. 9 comma 3 bis DL 557\/1993 e s.m.i;<\/span><\/span><\/div>\n<div style=\"text-align: justify;\">2) <span style=\"font-size: medium;\">DI STABILIRE <\/span><span style=\"font-family: Times New Roman,Times New Roman PSMT; font-size: medium;\"><span style=\"font-family: Times New Roman,Times New Roman PSMT; font-size: medium;\">l\u2019azzeramento dell\u2019aliquota di base TASI, ai sensi del comma 676 della Legge 27\/12\/2013 n.147, per tutti i fabbricati DIVERSI da quelli indicati al precedente punto 1) e per tutte le restanti aree scoperte, aree edificabili e terreni agricoli, a qualsiasi uso adibiti e per le categorie A\/1, A\/8 e A\/9 (ndr: cos\u00ec detti beni di lusso) adibite ad abitazione principale.<\/span><\/span><\/div>\n<div style=\"text-align: justify;\"><\/div>\n<div style=\"text-align: justify;\">Evitando ogni commento, mi pare non utile, la commissione straordinaria entro non molti giorni lascer\u00e0 Ventimiglia e i nuovi governanti saranno ben lieti che non siano loro a dover subito mettere le mani nelle tasche dei ventimigliesi, qualora si volesse calcolare l&#8217;importo da pagare con il sistema &#8220;fai da te&#8221;, si pu\u00f2 cliccare <a href=\"http:\/\/www.amministrazionicomunali.it\/imutasi\/calcolo_imu_tasi.php\" target=\"_blank\">qui<\/a>\u00a0e, se vorrete provarci, buona fortuna!<\/div>\n<div style=\"text-align: justify;\">20 maggio 2014 &#8211; Marco Prestileo<\/div>\n<div style=\"text-align: justify;\"><\/div>\n<\/div>\n\t<div class=\"quickshare-container\">\r\n\t<ul class=\"quickshare-text qs-genericons quickshare-small\">\r\n\t\t<li class=\"quickshare-share\">Condividi :<\/li> \r\n\t\t<li><a href=\"https:\/\/facebook.com\/sharer.php?u=https%3A%2F%2Fwww.ventimigliablog.it%2Fblog%2Ftasi-nessun-rinvio-per-immobile-ventimiglia%2F&amp;t=TASI%2C+si+paga+sulla+prima+casa+e+nessun+rinvio+per+chi+ha+un+immobile+a+Ventimiglia+<+Ventimigliablog\" target=\"_blank\" title=\"Share on Facebook\"><span class=\"quickshare-facebook\">Facebook<\/span><\/a><\/li>\t\t<li><a href=\"https:\/\/twitter.com\/intent\/tweet?url=https%3A%2F%2Fwww.ventimigliablog.it%2Fblog%2Ftasi-nessun-rinvio-per-immobile-ventimiglia%2F&amp;text=TASI%2C+si+paga+sulla+prima+casa+e+nessun+rinvio+per+chi+ha+un+immobile+a+Ventimiglia+<+Ventimigliablog\" target=\"_blank\" title=\"Share on Twitter\"><span class=\"quickshare-twitter\">Twitter<\/span><\/a><\/li>\t\t\t\t\t\t<li><a href=\"https:\/\/plus.google.com\/share?url=https%3A%2F%2Fwww.ventimigliablog.it%2Fblog%2Ftasi-nessun-rinvio-per-immobile-ventimiglia%2F\" target=\"_blank\" title=\"Share on Google+\"><span class=\"quickshare-googleplus\">Google+<\/span><\/a><\/li>\t\t\t\t\t\t\t\t<li><a href=\"mailto:?subject=Ventimigliablog:+TASI%2C+si+paga+sulla+prima+casa+e+nessun+rinvio+per+chi+ha+un+immobile+a+Ventimiglia&amp;body=https%3A%2F%2Fwww.ventimigliablog.it%2Fblog%2Ftasi-nessun-rinvio-per-immobile-ventimiglia%2F\" target=\"_blank\" title=\"Share via Email\"><span class=\"quickshare-email\">Email<\/span><\/a><\/li>\t<\/ul>\r\n\t<\/div>\r\n","protected":false},"excerpt":{"rendered":"<p>Nei Comuni che non avranno deliberato l&#8217;aliquota TASI entro il 23 maggio, il termine di pagamento della prima rata dell&#8217;imposta \u00e8 rinviato a settembre, non \u00e8 per\u00f2 il caso del Comune di Ventimiglia, in cui si prevede il pagamento della &hellip; <a href=\"https:\/\/www.ventimigliablog.it\/blog\/tasi-nessun-rinvio-per-immobile-ventimiglia\/\">Continua a leggere<span class=\"meta-nav\">&rarr;<\/span><\/a><\/p>\n","protected":false},"author":10,"featured_media":0,"comment_status":"open","ping_status":"closed","sticky":false,"template":"","format":"standard","meta":{"ngg_post_thumbnail":0,"footnotes":""},"categories":[3,1,7,6],"tags":[],"_links":{"self":[{"href":"https:\/\/www.ventimigliablog.it\/blog\/wp-json\/wp\/v2\/posts\/4177"}],"collection":[{"href":"https:\/\/www.ventimigliablog.it\/blog\/wp-json\/wp\/v2\/posts"}],"about":[{"href":"https:\/\/www.ventimigliablog.it\/blog\/wp-json\/wp\/v2\/types\/post"}],"author":[{"embeddable":true,"href":"https:\/\/www.ventimigliablog.it\/blog\/wp-json\/wp\/v2\/users\/10"}],"replies":[{"embeddable":true,"href":"https:\/\/www.ventimigliablog.it\/blog\/wp-json\/wp\/v2\/comments?post=4177"}],"version-history":[{"count":0,"href":"https:\/\/www.ventimigliablog.it\/blog\/wp-json\/wp\/v2\/posts\/4177\/revisions"}],"wp:attachment":[{"href":"https:\/\/www.ventimigliablog.it\/blog\/wp-json\/wp\/v2\/media?parent=4177"}],"wp:term":[{"taxonomy":"category","embeddable":true,"href":"https:\/\/www.ventimigliablog.it\/blog\/wp-json\/wp\/v2\/categories?post=4177"},{"taxonomy":"post_tag","embeddable":true,"href":"https:\/\/www.ventimigliablog.it\/blog\/wp-json\/wp\/v2\/tags?post=4177"}],"curies":[{"name":"wp","href":"https:\/\/api.w.org\/{rel}","templated":true}]}}