{"id":4288,"date":"2014-07-17T09:17:43","date_gmt":"2014-07-17T07:17:43","guid":{"rendered":"http:\/\/www.ventimigliablog.it\/blog\/?p=4288"},"modified":"2014-07-17T09:17:43","modified_gmt":"2014-07-17T07:17:43","slug":"figlio-wazzup","status":"publish","type":"post","link":"https:\/\/www.ventimigliablog.it\/blog\/figlio-wazzup\/","title":{"rendered":"Sono solo un figlio di wazzup"},"content":{"rendered":"<p>Ho letto con interesse il programma amministrativo del quinquennio targato Ioculano. Faccio ormai una fatica tremenda a leggere un documento di 7 pagine, sono figlio della cultura degli sms e del wazzup, non va bene. Condivido, ovviamente, un po\u2019 tutte le cose che vengono descritte nel programma. Mi sembra in linea con quanto impostato gi\u00e0 8 anni fa dall\u2019Amministrazione Scullino, credo quindi vada nella giusta direzione. Peccato aver perso quasi 3 anni nel nulla. Sono stati anni in cui c\u2019\u00e8 chi ha gioito e chi ha pianto, ma soprattutto, sono stati anni in cui, sicuramente, Ventimiglia \u00e8 scivolata ancora qualche gradino pi\u00f9 in basso di quello a cui si trovava in precedenza (mi viene da dire, gi\u00e0 molto in basso).<!--more--><\/p>\n<p>Per quanto riguarda il porto, spero di poterlo vedere realizzato a breve. Lo stesso per quanto riguarda la passerella sul Nervia. Unico appunto: Civitas non \u00e8 nelle mani del Commissario Liquidatore per due semplici motivi: 1) non esiste un Commissario Liquidatore; 2) Civitas \u00e8 sottoposta al controllo analogo anche nella fase di liquidazione e, pertanto, gli unici che possono decidere cosa fare di quei beni sono il Sindaco, la Giunta e il Consiglio Comunale, ognuno secondo competenza. Dopo tanto chiacchierare nel corso della campagna elettorale, si riuscir\u00e0 a fare la cosa giusta? E a proposito di campagna elettorale: ma quel teorema secondo cui Scibilia si era venduto le elezioni comunali in cambio di quelle regionali sar\u00e0 ancora valido? Verr\u00e0 smentito da chi lo aveva elaborato e pubblicizzato? Il movimento 5 stelle ha veramente preso i voti della mafia come suggerito il giorno prima delle elezioni?<\/p>\n<p>17 luglio 2014 &#8211; Albino Dicerto<\/p>\n\t<div class=\"quickshare-container\">\r\n\t<ul class=\"quickshare-text qs-genericons quickshare-small\">\r\n\t\t<li class=\"quickshare-share\">Condividi :<\/li> \r\n\t\t<li><a href=\"https:\/\/facebook.com\/sharer.php?u=https%3A%2F%2Fwww.ventimigliablog.it%2Fblog%2Ffiglio-wazzup%2F&amp;t=Sono+solo+un+figlio+di+wazzup+<+Ventimigliablog\" target=\"_blank\" title=\"Share on Facebook\"><span class=\"quickshare-facebook\">Facebook<\/span><\/a><\/li>\t\t<li><a href=\"https:\/\/twitter.com\/intent\/tweet?url=https%3A%2F%2Fwww.ventimigliablog.it%2Fblog%2Ffiglio-wazzup%2F&amp;text=Sono+solo+un+figlio+di+wazzup+<+Ventimigliablog\" target=\"_blank\" title=\"Share on Twitter\"><span class=\"quickshare-twitter\">Twitter<\/span><\/a><\/li>\t\t\t\t\t\t<li><a href=\"https:\/\/plus.google.com\/share?url=https%3A%2F%2Fwww.ventimigliablog.it%2Fblog%2Ffiglio-wazzup%2F\" target=\"_blank\" title=\"Share on Google+\"><span class=\"quickshare-googleplus\">Google+<\/span><\/a><\/li>\t\t\t\t\t\t\t\t<li><a href=\"mailto:?subject=Ventimigliablog:+Sono+solo+un+figlio+di+wazzup&amp;body=https%3A%2F%2Fwww.ventimigliablog.it%2Fblog%2Ffiglio-wazzup%2F\" target=\"_blank\" title=\"Share via Email\"><span class=\"quickshare-email\">Email<\/span><\/a><\/li>\t<\/ul>\r\n\t<\/div>\r\n","protected":false},"excerpt":{"rendered":"<p>Ho letto con interesse il programma amministrativo del quinquennio targato Ioculano. Faccio ormai una fatica tremenda a leggere un documento di 7 pagine, sono figlio della cultura degli sms e del wazzup, non va bene. Condivido, ovviamente, un po\u2019 tutte &hellip; <a href=\"https:\/\/www.ventimigliablog.it\/blog\/figlio-wazzup\/\">Continua a leggere<span class=\"meta-nav\">&rarr;<\/span><\/a><\/p>\n","protected":false},"author":12,"featured_media":0,"comment_status":"open","ping_status":"closed","sticky":false,"template":"","format":"standard","meta":{"ngg_post_thumbnail":0,"footnotes":""},"categories":[1],"tags":[],"_links":{"self":[{"href":"https:\/\/www.ventimigliablog.it\/blog\/wp-json\/wp\/v2\/posts\/4288"}],"collection":[{"href":"https:\/\/www.ventimigliablog.it\/blog\/wp-json\/wp\/v2\/posts"}],"about":[{"href":"https:\/\/www.ventimigliablog.it\/blog\/wp-json\/wp\/v2\/types\/post"}],"author":[{"embeddable":true,"href":"https:\/\/www.ventimigliablog.it\/blog\/wp-json\/wp\/v2\/users\/12"}],"replies":[{"embeddable":true,"href":"https:\/\/www.ventimigliablog.it\/blog\/wp-json\/wp\/v2\/comments?post=4288"}],"version-history":[{"count":0,"href":"https:\/\/www.ventimigliablog.it\/blog\/wp-json\/wp\/v2\/posts\/4288\/revisions"}],"wp:attachment":[{"href":"https:\/\/www.ventimigliablog.it\/blog\/wp-json\/wp\/v2\/media?parent=4288"}],"wp:term":[{"taxonomy":"category","embeddable":true,"href":"https:\/\/www.ventimigliablog.it\/blog\/wp-json\/wp\/v2\/categories?post=4288"},{"taxonomy":"post_tag","embeddable":true,"href":"https:\/\/www.ventimigliablog.it\/blog\/wp-json\/wp\/v2\/tags?post=4288"}],"curies":[{"name":"wp","href":"https:\/\/api.w.org\/{rel}","templated":true}]}}