{"id":4341,"date":"2014-08-02T19:58:34","date_gmt":"2014-08-02T17:58:34","guid":{"rendered":"http:\/\/www.ventimigliablog.it\/blog\/?p=4341"},"modified":"2014-08-02T19:58:34","modified_gmt":"2014-08-02T17:58:34","slug":"i-miei-avvocati-bd","status":"publish","type":"post","link":"https:\/\/www.ventimigliablog.it\/blog\/i-miei-avvocati-bd\/","title":{"rendered":"I miei avvocati e B&#038;D"},"content":{"rendered":"<p style=\"text-align: justify;\">Leggo sui giornali che il sig. Marco Ballestra, giustamente, \u00e8 stato condannato per aver offeso la reputazione dell&#8217;Avv. Marco Mazzola, che mi assiste in alcuni importanti procedimenti civili (incandidabilit\u00e0 e cause risarcitorie) ed amministrativi (ricorso contro lo scioglimento del Consiglio Comunale di Ventimiglia). <!--more--><\/p>\n<p style=\"text-align: justify;\">Leggo poi su B&amp;D che io avrei una personalit\u00e0 bipolare, poich\u00e9 mi affido a diversi avvocati.<\/p>\n<p style=\"text-align: justify;\">Evidentemente il sig. Ballestra, come ha preannunciato dalle pagine del suo blog, sta realmente approfondendo il tema del bipolarismo e dell&#8217;incapacit\u00e0 di intendere e volere, per poterli far valere, come scuse, nei processi che lo riguardano.<\/p>\n<p style=\"text-align: justify;\">Gi\u00e0 me lo vedo: &#8220;Quel post non l&#8217;ho scritto io! E se lo avessi scritto io perdonatemi! Sono &#8220;<em>autenticamente incapace e spassionatamente libero di vivere questa mia condizione<\/em>&#8220;.<\/p>\n<p style=\"text-align: justify;\">Ed il giorno dopo ancora l\u00ec ad offendere tutti, magistrati compresi.<\/p>\n<p style=\"text-align: justify;\">Per quanto mi riguarda continuer\u00f2 ad affidare incarichi ai professionisti nei confronti dei quali godo fiducia, avvocati civilisti per cause civili, amministrativisti per cause amministrative e penalisti per cause penali.<\/p>\n<p style=\"text-align: justify;\">Sono certo che il sig. Ballestra, quando avr\u00e0 finito con i manuali di psicologia, inizier\u00e0 con quelli di diritto ed approfondir\u00e0 la distinzione.<\/p>\n<p style=\"text-align: justify;\">Gli auguro che anche questo approfondimento possa avere &#8211; finalmente &#8211; qualche ricaduta positiva nei procedimenti che lo riguardano.<\/p>\n<p style=\"text-align: justify;\">2 agosto 2014 &#8211; Gaetano SCULLINO<\/p>\n\t<div class=\"quickshare-container\">\r\n\t<ul class=\"quickshare-text qs-genericons quickshare-small\">\r\n\t\t<li class=\"quickshare-share\">Condividi :<\/li> \r\n\t\t<li><a href=\"https:\/\/facebook.com\/sharer.php?u=https%3A%2F%2Fwww.ventimigliablog.it%2Fblog%2Fi-miei-avvocati-bd%2F&amp;t=I+miei+avvocati+e+B%26%23038%3BD+<+Ventimigliablog\" target=\"_blank\" title=\"Share on Facebook\"><span class=\"quickshare-facebook\">Facebook<\/span><\/a><\/li>\t\t<li><a href=\"https:\/\/twitter.com\/intent\/tweet?url=https%3A%2F%2Fwww.ventimigliablog.it%2Fblog%2Fi-miei-avvocati-bd%2F&amp;text=I+miei+avvocati+e+B%26%23038%3BD+<+Ventimigliablog\" target=\"_blank\" title=\"Share on Twitter\"><span class=\"quickshare-twitter\">Twitter<\/span><\/a><\/li>\t\t\t\t\t\t<li><a href=\"https:\/\/plus.google.com\/share?url=https%3A%2F%2Fwww.ventimigliablog.it%2Fblog%2Fi-miei-avvocati-bd%2F\" target=\"_blank\" title=\"Share on Google+\"><span class=\"quickshare-googleplus\">Google+<\/span><\/a><\/li>\t\t\t\t\t\t\t\t<li><a href=\"mailto:?subject=Ventimigliablog:+I+miei+avvocati+e+B%26%23038%3BD&amp;body=https%3A%2F%2Fwww.ventimigliablog.it%2Fblog%2Fi-miei-avvocati-bd%2F\" target=\"_blank\" title=\"Share via Email\"><span class=\"quickshare-email\">Email<\/span><\/a><\/li>\t<\/ul>\r\n\t<\/div>\r\n","protected":false},"excerpt":{"rendered":"<p>Leggo sui giornali che il sig. Marco Ballestra, giustamente, \u00e8 stato condannato per aver offeso la reputazione dell&#8217;Avv. Marco Mazzola, che mi assiste in alcuni importanti procedimenti civili (incandidabilit\u00e0 e cause risarcitorie) ed amministrativi (ricorso contro lo scioglimento del Consiglio &hellip; <a href=\"https:\/\/www.ventimigliablog.it\/blog\/i-miei-avvocati-bd\/\">Continua a leggere<span class=\"meta-nav\">&rarr;<\/span><\/a><\/p>\n","protected":false},"author":10,"featured_media":0,"comment_status":"open","ping_status":"closed","sticky":false,"template":"","format":"standard","meta":{"ngg_post_thumbnail":0,"footnotes":""},"categories":[6],"tags":[],"_links":{"self":[{"href":"https:\/\/www.ventimigliablog.it\/blog\/wp-json\/wp\/v2\/posts\/4341"}],"collection":[{"href":"https:\/\/www.ventimigliablog.it\/blog\/wp-json\/wp\/v2\/posts"}],"about":[{"href":"https:\/\/www.ventimigliablog.it\/blog\/wp-json\/wp\/v2\/types\/post"}],"author":[{"embeddable":true,"href":"https:\/\/www.ventimigliablog.it\/blog\/wp-json\/wp\/v2\/users\/10"}],"replies":[{"embeddable":true,"href":"https:\/\/www.ventimigliablog.it\/blog\/wp-json\/wp\/v2\/comments?post=4341"}],"version-history":[{"count":0,"href":"https:\/\/www.ventimigliablog.it\/blog\/wp-json\/wp\/v2\/posts\/4341\/revisions"}],"wp:attachment":[{"href":"https:\/\/www.ventimigliablog.it\/blog\/wp-json\/wp\/v2\/media?parent=4341"}],"wp:term":[{"taxonomy":"category","embeddable":true,"href":"https:\/\/www.ventimigliablog.it\/blog\/wp-json\/wp\/v2\/categories?post=4341"},{"taxonomy":"post_tag","embeddable":true,"href":"https:\/\/www.ventimigliablog.it\/blog\/wp-json\/wp\/v2\/tags?post=4341"}],"curies":[{"name":"wp","href":"https:\/\/api.w.org\/{rel}","templated":true}]}}