{"id":4343,"date":"2014-08-04T08:45:26","date_gmt":"2014-08-04T06:45:26","guid":{"rendered":"http:\/\/www.ventimigliablog.it\/blog\/?p=4343"},"modified":"2014-08-05T00:55:30","modified_gmt":"2014-08-04T22:55:30","slug":"4343","status":"publish","type":"post","link":"https:\/\/www.ventimigliablog.it\/blog\/4343\/","title":{"rendered":"Il tritacarne di B&#038;D"},"content":{"rendered":"<p style=\"text-align: justify;\">Leggendo il post &#8220;i miei avvocati e B&amp;D&#8221;, mi \u00e8 venuta voglia di prendere le difese del\u00a0 Sig. Marco Ballestra, in qualche modo cogliendo quella sua richiesta di pace che ha lanciato dal suo blog,\u00a0ammettendo in qualche modo di\u00a0avere le idee un po&#8217; confuse.<!--more--><\/p>\n<p style=\"text-align: justify;\">E&#8217; davvero troppo, infatti, accusarlo di non\u00a0sapere la distinzione tra\u00a0avvocato\u00a0civilista, amministrativista\u00a0e penalista. Vuol dire che si ha l&#8217;intenzione di confonderlo ancora di pi\u00f9. \u00a0Infatti lui appena letto il citato post avr\u00e0 detto ma allora chi sono gli avvocati giuslavoristi?\u00a0E gli avvocati tributaristi?\u00a0Poi gli sar\u00e0 venuto in mente che a<span style=\"font-size: large;\"> sentire il Ministro della Giustizia Orlando,\u00a0\u00a0in un\u2019intervista esclusiva a \u201cIl Sole 24 ore\u201d, egli\u00a0ha annunciato che il regolamento che attua la figura dell\u2019avvocato specialista \u00e8 finalmente pronto ed \u00e8 stato inviato al Consiglio nazionale forense ed al Consiglio di Stato per i relativi pareri. Sono 14 le aree di specializzazione per gli avvocati che il ministero della Giustizia ha riconosciuto nello schema di decreto (15 articoli) trasmesso al Consiglio nazionale forense. Si va dal diritto di famiglia a quello commerciale, passando per quello dell\u2019ambiente e amministrativo e tributario. Il regolamento\u00a0individua ben 14 aree di specializzazione:<\/span><\/p>\n<p><span style=\"font-size: large;\">1) Diritto delle persone e della famiglia;<\/span><\/p>\n<p><span style=\"font-size: large;\">2) Diritto della responsabilit\u00e0 civile;<\/span><\/p>\n<p><span style=\"font-size: large;\">3) Diritto penale;<\/span><\/p>\n<p><span style=\"font-size: large;\">4) Diritti reali, condominio e locazioni;<\/span><\/p>\n<p><span style=\"font-size: large;\">5) Diritto dell\u2019ambiente;<\/span><\/p>\n<p><span style=\"font-size: large;\">6) Diritto amministrativo;<\/span><\/p>\n<p><span style=\"font-size: large;\">7) Diritto industriale e della propriet\u00e0 intellettuale;<\/span><\/p>\n<p><span style=\"font-size: large;\">8) Diritto commerciale e della concorrenza;<\/span><\/p>\n<p><span style=\"font-size: large;\">9) Diritto dell\u2019esecuzione forzata e delle procedure concorsuali;<\/span><\/p>\n<p><span style=\"font-size: large;\">10) Diritto bancario e finanziario;<\/span><\/p>\n<p><span style=\"font-size: large;\">11) Diritto tributario;<\/span><\/p>\n<p><span style=\"font-size: large;\">12) Diritto del lavoro, della previdenza e dell\u2019assistenza;<\/span><\/p>\n<p><span style=\"font-size: large;\">13) Diritto dell\u2019Unione europea;<\/span><\/p>\n<p><span style=\"font-size: large;\">14) Diritto internazionale.<\/span><\/p>\n<p style=\"text-align: justify;\">Ci vorrebbe un po&#8217; pi\u00f9 di piet\u00e0, queste cose non \u00e8 che si pensano subito, ci vuole un minimo di esperienza (quando leggerete\u00a0chi firma questo articolo capirete\u00a0quanto sia importante l&#8217;esperienza).\u00a0Adesso anche\u00a0il bravo blogger apicoltore avr\u00e0 capito che\u00a0se\u00a0ha\u00a0male alle tonsille\u00a0\u00e9 cosa diversa che avere male alle emorroidi,\u00a0quindi sceglier\u00e0 un otorinolaringoiatra\u00a0e non\u00a0un gastroenterologo. Anche se\u00a0\u00e8 vero che vi sono persone che anzich\u00e9 ragionare con la testa, ragionano\u00a0con il fondo schiena.<\/p>\n<p style=\"text-align: justify;\">Eppure lui un po&#8217; di esperienza l&#8217;ha fatta, sia in sede civile che penale, discutendo e perdendo alcune (diverse) \u00a0cause,\u00a0risarcendo anche il danno, \u00a0mai (secondo lui) per avere scritto il falso, ma perlopi\u00f9 per\u00a0semplici incomprensioni o per critiche ritenute eccessive o per fatti veri mal compresi dal giudice o forse mal dimostrati dalla difesa.\u00a0Gli hanno gi\u00e0 oscurato il sito &#8220;alzalatesta&#8221; (vero attacco alla libert\u00e0 di stampa), hanno cercato di oscurare\u00a0anche il sito B&amp;D senza riuscirci perch\u00e9 il dominio \u00e8 registrato sul territorio francese, ma poco importa, per fortuna lui continua a raccontarci la (sua) verit\u00e0. Ci sar\u00e0 pure stata qualche condanna\u00a0(una, due, tre, ecc.) per il reato di diffamazione, ma \u00e8 certamente vittima del sistema, lui. Quindi si pu\u00f2 permettere, e lo fa per tutti noi, solo per senso di giustizia, di continuare, sbeffeggiando tutti quelli che lui ha deciso\u00a0essere i cattivi. Siamo al paradosso che uno stimato\u00a0e preparato professionista, come \u00e8 l&#8217;Avv. Mazzola, dopo\u00a0essersi\u00a0visto\u00a0riconoscere le sue totali ragioni in un&#8217;aula di tribunale, che ha emesso una sentenza di condanna verso il diffamatore, il giorno dopo, deve subire ulteriori e vili attacchi come\u00a0se nulla fosse successo,\u00a0anzi come se a perdere la causa fosse stato lui e i suoi clienti. Per\u00f2 su una cosa ha ragione\u00a0B&amp;D, in Italia qualcosa che non funziona forse esiste.<\/p>\n<p style=\"text-align: justify;\">4 agosto 2014 &#8211;\u00a0un cittadino (innocente) sotto processo che non vuole entrare nel tritacarne di B&amp;D<\/p>\n\t<div class=\"quickshare-container\">\r\n\t<ul class=\"quickshare-text qs-genericons quickshare-small\">\r\n\t\t<li class=\"quickshare-share\">Condividi :<\/li> \r\n\t\t<li><a href=\"https:\/\/facebook.com\/sharer.php?u=https%3A%2F%2Fwww.ventimigliablog.it%2Fblog%2F4343%2F&amp;t=Il+tritacarne+di+B%26%23038%3BD+<+Ventimigliablog\" target=\"_blank\" title=\"Share on Facebook\"><span class=\"quickshare-facebook\">Facebook<\/span><\/a><\/li>\t\t<li><a href=\"https:\/\/twitter.com\/intent\/tweet?url=https%3A%2F%2Fwww.ventimigliablog.it%2Fblog%2F4343%2F&amp;text=Il+tritacarne+di+B%26%23038%3BD+<+Ventimigliablog\" target=\"_blank\" title=\"Share on Twitter\"><span class=\"quickshare-twitter\">Twitter<\/span><\/a><\/li>\t\t\t\t\t\t<li><a href=\"https:\/\/plus.google.com\/share?url=https%3A%2F%2Fwww.ventimigliablog.it%2Fblog%2F4343%2F\" target=\"_blank\" title=\"Share on Google+\"><span class=\"quickshare-googleplus\">Google+<\/span><\/a><\/li>\t\t\t\t\t\t\t\t<li><a href=\"mailto:?subject=Ventimigliablog:+Il+tritacarne+di+B%26%23038%3BD&amp;body=https%3A%2F%2Fwww.ventimigliablog.it%2Fblog%2F4343%2F\" target=\"_blank\" title=\"Share via Email\"><span class=\"quickshare-email\">Email<\/span><\/a><\/li>\t<\/ul>\r\n\t<\/div>\r\n","protected":false},"excerpt":{"rendered":"<p>Leggendo il post &#8220;i miei avvocati e B&amp;D&#8221;, mi \u00e8 venuta voglia di prendere le difese del\u00a0 Sig. Marco Ballestra, in qualche modo cogliendo quella sua richiesta di pace che ha lanciato dal suo blog,\u00a0ammettendo in qualche modo di\u00a0avere le &hellip; <a href=\"https:\/\/www.ventimigliablog.it\/blog\/4343\/\">Continua a leggere<span class=\"meta-nav\">&rarr;<\/span><\/a><\/p>\n","protected":false},"author":10,"featured_media":0,"comment_status":"open","ping_status":"closed","sticky":false,"template":"","format":"standard","meta":{"ngg_post_thumbnail":0,"footnotes":""},"categories":[1,6],"tags":[],"_links":{"self":[{"href":"https:\/\/www.ventimigliablog.it\/blog\/wp-json\/wp\/v2\/posts\/4343"}],"collection":[{"href":"https:\/\/www.ventimigliablog.it\/blog\/wp-json\/wp\/v2\/posts"}],"about":[{"href":"https:\/\/www.ventimigliablog.it\/blog\/wp-json\/wp\/v2\/types\/post"}],"author":[{"embeddable":true,"href":"https:\/\/www.ventimigliablog.it\/blog\/wp-json\/wp\/v2\/users\/10"}],"replies":[{"embeddable":true,"href":"https:\/\/www.ventimigliablog.it\/blog\/wp-json\/wp\/v2\/comments?post=4343"}],"version-history":[{"count":0,"href":"https:\/\/www.ventimigliablog.it\/blog\/wp-json\/wp\/v2\/posts\/4343\/revisions"}],"wp:attachment":[{"href":"https:\/\/www.ventimigliablog.it\/blog\/wp-json\/wp\/v2\/media?parent=4343"}],"wp:term":[{"taxonomy":"category","embeddable":true,"href":"https:\/\/www.ventimigliablog.it\/blog\/wp-json\/wp\/v2\/categories?post=4343"},{"taxonomy":"post_tag","embeddable":true,"href":"https:\/\/www.ventimigliablog.it\/blog\/wp-json\/wp\/v2\/tags?post=4343"}],"curies":[{"name":"wp","href":"https:\/\/api.w.org\/{rel}","templated":true}]}}