{"id":4378,"date":"2014-08-24T23:27:47","date_gmt":"2014-08-24T21:27:47","guid":{"rendered":"http:\/\/www.ventimigliablog.it\/blog\/?p=4378"},"modified":"2014-08-24T23:27:47","modified_gmt":"2014-08-24T21:27:47","slug":"riqualificazione-ventimiglia-alta-centro-storico-non","status":"publish","type":"post","link":"https:\/\/www.ventimigliablog.it\/blog\/riqualificazione-ventimiglia-alta-centro-storico-non\/","title":{"rendered":"RIQUALIFICAZIONE DI VENTIMIGLIA: CENTRO STORICO E NON SOLO"},"content":{"rendered":"<p style=\"text-align: justify;\">E\u2019 stato inaugurato il primo dei 17 interventi di recupero del Centro Storico, <strong>il Forte dell&#8217;Annunziata.<\/strong> Un ottimo lavoro, invito tutti i cittadini a visionare la riqualificata fortezza. Tutti questi\u00a017 lavori\u00a0sono stati voluti, programmati, finanziati (80% PAR-FAS. Europei,\u00a0\u00a0 20%\u00a0 Civitas-Comune) ed avviati dalla nostra Amministrazione. Sono certo che a breve saranno presentati alla Cittadinanza gli altri 11 gi\u00e0 ultimati, \u00a0mentre \u00a0i rimanenti \u00a06 \u00a0saranno terminati tra poco tempo.<!--more--><\/p>\n<p>Pi\u00f9 precisamente:<\/p>\n<p>1)\u00a0\u00a0\u00a0 Forte della Annunziata e Museo Civico \u201cGirolamo Rossi\u201d (inaugurato)<\/p>\n<p>2)\u00a0\u00a0\u00a0 Piazza con Belvedere di Porta Nizza (ultimato)<\/p>\n<p>3)\u00a0\u00a0\u00a0 Parcheggio del Funtanin\u00a0\u00a0\u00a0\u00a0 200 posti auto\u00a0 (ultimato)<\/p>\n<p>4)\u00a0\u00a0\u00a0 Parcheggio Porta Piemonte\u00a0 \u201d Auriveu \u201d\u00a0\u00a0 90 posti auto (ultimato)<\/p>\n<p>5)\u00a0\u00a0\u00a0 Riqualificazione del Belvedere di S.Michele (ultimato)<\/p>\n<p>6)\u00a0\u00a0\u00a0 Lavori di rifacimento della copertura della Torretta Scuole Elementari Via Al Capo (ultimato)<\/p>\n<p>7)\u00a0\u00a0 Lavori di recupero dei vicoli\u00a0 I\u00b0\u00a0 II\u00b0\u00a0\u00a0 III\u00b0 Lotto (ultimato)<\/p>\n<p>8)\u00a0\u00a0 Restauro del \u201d Muro del Bo \u201d in salita alle Mura da adibire a Museo Fotografico (ultimato)<\/p>\n<p>9)\u00a0\u00a0\u00a0 Restauro del muro di sostegno di Via Porta Nuova (ultimato)<\/p>\n<p>10)\u00a0\u00a0 Rifacimento impianti elettrici e pubblica illuminaizone\u00a0di alcune vie del Centro Storico (ultimato)<\/p>\n<p>11)\u00a0\u00a0 Recupero locali di salita S. Giuseppe da adibire a sede dell\u2019Associazione Marinai d\u2019Italia (ultimato)<\/p>\n<p>12)\u00a0\u00a0 Lavori di adeguamento locali in Via Al Capo per la realizzazione del Centro Anziani (ultimato)<\/p>\n<p>13)\u00a0\u00a0 Opere di completamento e messa in sicurezza del versante sotto Piazza Rocchetta (cantiere in corso)<\/p>\n<p>14)\u00a0\u00a0 Adeguamento locali di Via Giudici per la realizzazione di un Centro di Architettura Medievale (cantiere in corso)<\/p>\n<p>15)\u00a0\u00a0 Restauro apparati decorativi altari laterali ex chiesa di S. Francesco (finanziamento 8 per mille) (cantiere in corso)<\/p>\n<p>16)\u00a0\u00a0 Restauro e riqualificazione di Piazza Borea (cantiere in corso)<\/p>\n<p>17)\u00a0\u00a0 Recupero Biblioteca Aprosiana di via Garibaldi (cantiere in corso )<\/p>\n<p style=\"text-align: justify;\">Sempre nel Centro Storico, \u00a0oltre a quanto sopra, nei\u00a0 cinque anni di amministrazione (2007\/2012) abbiamo promosso e realizzato, quindi resi \u00a0disponibili:<\/p>\n<p>\u00a0\u00a0\u00a0\u00a0\u00b0\u00a0 \u00a0 \u00a0il Centro di Aggregazione Giovanile di via Al Capo;<\/p>\n<p style=\"text-align: justify;\">\u00a0\u00a0\u00a0\u00a0\u00b0 \u00a0 il recupero della facciata principale dell\u2019edificio monumentale delle ex scuole elementari di\u00a0via al\u00a0 Capo;<\/p>\n<p>\u00a0\u00a0\u00a0\u00a0\u00b0 \u00a0l&#8217;adeguamento \u00a0e riqualificazione della scuola materna di via Al Capo;<\/p>\n<p style=\"text-align: justify;\">\u00a0\u00a0\u00a0 \u00b0 \u00a0la \u00a0realizzazione della RSA con annesso asilo nido nell\u2019 ex orfanotrofio S. Secondo<\/p>\n<p style=\"text-align: justify;\"><strong>INVESTIMENTO TOTALE per &#8220;circa&#8221; \u00a0EURO \u00a09.000.000.oo (nove milioni).<\/strong><\/p>\n<p style=\"text-align: justify;\">Non siamo intervenuti solo nel Centro storico, ricordo che sempre attraverso l\u2019aggiudicazione di importanti finanziamenti Europei e Regionali PAR FAS, abbiamo concretizzato tre significative opere\u00a0 di riqualificazione e rilancio del Centro cittadino e pi\u00f9 precisamente:<\/p>\n<p>a)\u00a0\u00a0\u00a0 Realizzazione della Nuova Biblioteca Aprosiana di S.Agostino (ultimato)<\/p>\n<p>b)\u00a0\u00a0\u00a0 Realizzazione del recupero del Chiostro di Sant\u2019Agostino (cantiere in corso)<\/p>\n<p>c)\u00a0\u00a0\u00a0 Realizzazione di due Serbatoi acqua potabile in quota e collegamento ai Pozzi di Porra (ultimato).<\/p>\n<p><strong>Investimento totale per circa 6.500.000 euro<\/strong><\/p>\n<p style=\"text-align: justify;\">A seguito dell&#8217; ingiusto (\u00e8 pendente il ricorso al TAR Lazio) commissariamento del febbraio 2012, durato\u00a0oltre due anni, sono stati purtroppo, \u00a0inspiegabilmente e gravemente perse, rimandate o sospese\u00a0importanti opportunit\u00e0 di sviluppo della Citt\u00e0, che hanno causato un danno enorme alla Citt\u00e0 stessa e alla sua \u00a0economia:<\/p>\n<p style=\"text-align: justify;\">&#8211; la ZONA FRANCA URBANA che oggi \u00e8 una realt\u00e0 nelle altre Citt\u00e0 che si erano aggiudicate le agevolaizoni fiscali da essa derivanti (gi\u00e0 applicate con l&#8217;ultimo modello di dichiarazione dei redditi &#8211; UNICO 2014);<\/p>\n<p style=\"text-align: justify;\">&#8211; l&#8217;IKEA, opportunit\u00e0 molto concreta, da alcuni ancora oggi purtroppo non compresa nonostante la lettera di intenti pervenuta al protocollo comunale (in questi giorni abbiamo visto che se ne inizia nuovamente a parlarne, ma sono passati tre anni &#8230;.);<\/p>\n<p style=\"text-align: justify;\">&#8211;\u00a0sulla riconversione \u00a0del Parco Ferroviario del \u00a0ROJA e dell&#8217;area deposito\/officina \u00a0del Campasso a\u00a0Nervia, in generale e molto a rilento, i Commissari sono andati avanti sulla base dell&#8217;accordo quadro sottoscritto con la mia Amministrazione, ma\u00a0&#8211; questa \u00e8\u00a0la mia opinione &#8211; concedendo troppo alle Ferrovie dello Stato; vedremo\u00a0se l&#8217;attuale Amministrazione riuscir\u00e0 a migliorare gli accordi;<\/p>\n<p style=\"text-align: justify;\">&#8211; la Tangenziale Nord (viabilit\u00e0 di cornice in parte in galleria e in parte sul sedime ferroviario), l&#8217;unica in grado\u00a0di risolvere i problemi di traffico\u00a0che oggi paralizzano Ventimiglia e che avrebbe consentito di deviare tutti i mezzi pesanti, evitandone il transito nel centro cittadino;<\/p>\n<p>&#8211; la costruzione \u00a0dei tre sottopassi ferroviari di\u00a0via Tenda, via S.Secondo e via Peglia.<\/p>\n<p><strong>ALTRI IMPORTANTI INTERVENTI CHE RISULTANO ATTUALMENTE SOSPESI<\/strong><\/p>\n<p style=\"text-align: justify;\">1) la realizzazione dei due ponti sul torrente Nervia: \u00a0 il primo ponte ciclo pedonale alla foce,\u00a0con annessa darsena\/rifugio propedeutica per il concentramento delle \u00a0barche dei\u00a0pescatori professionisti e amatoriali; il secondo ponte, essenziale per la costruzione della grande viabilit\u00e0 di cornice a monte di cui si \u00e8 gi\u00e0 detto\u00a0(finanziamento Europeo PAR FAS e Civitas di Euro 4.500.000);<\/p>\n<p>2) l\u2019allargamento della strada comunale Bevera-Calvo (finanziamento comunale Euro 600.000).<\/p>\n<p><strong>CONCLUSIONI<\/strong><\/p>\n<p style=\"text-align: justify;\">Un lavoro enorme, senza mai risparmiarci, realizzato da tutta la giunta, dalla nostra\u00a0 maggioranza,\u00a0 dal\u00a0 Consiglio Comunale, dalla\u00a0 soc. Civitas e dal d.g. Dott. Marco Prestileo, dagli impiegati e tecnici comunali, dai bravissimi e professionali progettisti esterni,\u00a0 da tutte le imprese che hanno eseguito con responsabilit\u00e0 i numerosi interventi.<\/p>\n<p style=\"text-align: justify;\">Tutti hanno creduto nel nostro impegno e nella nostra straordinaria \u00a0passione, nel volere con determinazione che finalmente Ventimiglia \u00a0fosse realmente rilanciata, cambiata, pulita e ordinata, migliorando e favorendo la nostra economia e infine che potesse\u00a0diventare, sia per gli abitanti che per i turisti, \u00a0pi\u00f9 bella, accogliente e vivibile, trasformandosi da una Citt\u00e0 commerciale di frontiera\u00a0in una vivace e\u00a0 produttiva Citta&#8217; culturale, turistica e commerciale.<\/p>\n<p style=\"text-align: justify;\">Ora tocca all&#8217;Amministrazione Ioculano, staremo a vedere cosa riuscir\u00e0 a realizzare, augurandomi, naturalmente, che faccia un buon lavoro. Mi accontenterei che termini quanto iniziato\u00a0dalla mia Amministrazione e che riesca a\u00a0cantierare anche solo un decimo delle opere da noi eseguite.<\/p>\n<p>24 agosto 2014 &#8211; Gaetano Antonio Scullino<\/p>\n<p>&nbsp;<\/p>\n\t<div class=\"quickshare-container\">\r\n\t<ul class=\"quickshare-text qs-genericons quickshare-small\">\r\n\t\t<li class=\"quickshare-share\">Condividi :<\/li> \r\n\t\t<li><a href=\"https:\/\/facebook.com\/sharer.php?u=https%3A%2F%2Fwww.ventimigliablog.it%2Fblog%2Friqualificazione-ventimiglia-alta-centro-storico-non%2F&amp;t=RIQUALIFICAZIONE+DI+VENTIMIGLIA%3A+CENTRO+STORICO+E+NON+SOLO+<+Ventimigliablog\" target=\"_blank\" title=\"Share on Facebook\"><span class=\"quickshare-facebook\">Facebook<\/span><\/a><\/li>\t\t<li><a href=\"https:\/\/twitter.com\/intent\/tweet?url=https%3A%2F%2Fwww.ventimigliablog.it%2Fblog%2Friqualificazione-ventimiglia-alta-centro-storico-non%2F&amp;text=RIQUALIFICAZIONE+DI+VENTIMIGLIA%3A+CENTRO+STORICO+E+NON+SOLO+<+Ventimigliablog\" target=\"_blank\" title=\"Share on Twitter\"><span class=\"quickshare-twitter\">Twitter<\/span><\/a><\/li>\t\t\t\t\t\t<li><a href=\"https:\/\/plus.google.com\/share?url=https%3A%2F%2Fwww.ventimigliablog.it%2Fblog%2Friqualificazione-ventimiglia-alta-centro-storico-non%2F\" target=\"_blank\" title=\"Share on Google+\"><span class=\"quickshare-googleplus\">Google+<\/span><\/a><\/li>\t\t\t\t\t\t\t\t<li><a href=\"mailto:?subject=Ventimigliablog:+RIQUALIFICAZIONE+DI+VENTIMIGLIA%3A+CENTRO+STORICO+E+NON+SOLO&amp;body=https%3A%2F%2Fwww.ventimigliablog.it%2Fblog%2Friqualificazione-ventimiglia-alta-centro-storico-non%2F\" target=\"_blank\" title=\"Share via Email\"><span class=\"quickshare-email\">Email<\/span><\/a><\/li>\t<\/ul>\r\n\t<\/div>\r\n","protected":false},"excerpt":{"rendered":"<p>E\u2019 stato inaugurato il primo dei 17 interventi di recupero del Centro Storico, il Forte dell&#8217;Annunziata. Un ottimo lavoro, invito tutti i cittadini a visionare la riqualificata fortezza. Tutti questi\u00a017 lavori\u00a0sono stati voluti, programmati, finanziati (80% PAR-FAS. Europei,\u00a0\u00a0 20%\u00a0 Civitas-Comune) &hellip; <a href=\"https:\/\/www.ventimigliablog.it\/blog\/riqualificazione-ventimiglia-alta-centro-storico-non\/\">Continua a leggere<span class=\"meta-nav\">&rarr;<\/span><\/a><\/p>\n","protected":false},"author":10,"featured_media":0,"comment_status":"open","ping_status":"closed","sticky":false,"template":"","format":"standard","meta":{"ngg_post_thumbnail":0,"footnotes":""},"categories":[3,1,6],"tags":[],"_links":{"self":[{"href":"https:\/\/www.ventimigliablog.it\/blog\/wp-json\/wp\/v2\/posts\/4378"}],"collection":[{"href":"https:\/\/www.ventimigliablog.it\/blog\/wp-json\/wp\/v2\/posts"}],"about":[{"href":"https:\/\/www.ventimigliablog.it\/blog\/wp-json\/wp\/v2\/types\/post"}],"author":[{"embeddable":true,"href":"https:\/\/www.ventimigliablog.it\/blog\/wp-json\/wp\/v2\/users\/10"}],"replies":[{"embeddable":true,"href":"https:\/\/www.ventimigliablog.it\/blog\/wp-json\/wp\/v2\/comments?post=4378"}],"version-history":[{"count":0,"href":"https:\/\/www.ventimigliablog.it\/blog\/wp-json\/wp\/v2\/posts\/4378\/revisions"}],"wp:attachment":[{"href":"https:\/\/www.ventimigliablog.it\/blog\/wp-json\/wp\/v2\/media?parent=4378"}],"wp:term":[{"taxonomy":"category","embeddable":true,"href":"https:\/\/www.ventimigliablog.it\/blog\/wp-json\/wp\/v2\/categories?post=4378"},{"taxonomy":"post_tag","embeddable":true,"href":"https:\/\/www.ventimigliablog.it\/blog\/wp-json\/wp\/v2\/tags?post=4378"}],"curies":[{"name":"wp","href":"https:\/\/api.w.org\/{rel}","templated":true}]}}