{"id":4384,"date":"2014-08-28T10:09:16","date_gmt":"2014-08-28T08:09:16","guid":{"rendered":"http:\/\/www.ventimigliablog.it\/blog\/?p=4384"},"modified":"2014-09-03T12:39:06","modified_gmt":"2014-09-03T10:39:06","slug":"come-smascherare-i-radical-chic-2-0-in-12-punti-f-m-vigo","status":"publish","type":"post","link":"https:\/\/www.ventimigliablog.it\/blog\/come-smascherare-i-radical-chic-2-0-in-12-punti-f-m-vigo\/","title":{"rendered":"&#8220;Ecco come smascherare i radical chic 2.0 (in 12 punti)&#8221;- di F.M.Del Vigo"},"content":{"rendered":"<p style=\"text-align: justify;\">Per caso stamane mi sono imbattuta in questo post tratto dal blog di un giornalista de &#8220;Il Giornale &#8221; , tale Francesco Maria Del Vigo , che mi ha fatto sorridere . ( e credetemi, in tempi come quelli che stiamo vivendo , sembra che sorridere sia divenuto appannaggio di pochi fortunati &#8230;.!). <!--more--><\/p>\n<p style=\"text-align: justify;\">Ho deciso di pubblicarlo a mio rischio e pericolo , perch\u00e9 so gi\u00e0 che il Club dei\u00a0\u00a0\u00a0\u00a0\u00a0 &#8221; politically correct &#8221; sar\u00e0 pronto alla stigmatizzazione &#8230; Ma tant&#8217;\u00e8 , non mi \u00e8 mai piaciuto seguire la corrente , il pensiero unico e standardizzato, una caratteristica che ho ereditato da mio padre , uomo onesto e coerente con s\u00e9 stesso e con gli altri , giusto e integerrimo , che mi ha insegnato e trasmesso\u00a0ideali ormai\u00a0svaniti , travolti dalla furbizia imperante e dalla deresponsabilizzazione\u00a0\u00a0( politica e non solo ) .<\/p>\n<p style=\"text-align: justify;\">Buona lettura a tutti !<\/p>\n<p style=\"text-align: justify;\">&#8221; Qualche giorno fa, sul <a href=\"http:\/\/www.ilgiornale.it\/news\/politica\/i-9-inconfessabili-tic-dei-radical-chic-rete-1046476.html\"><span style=\"text-decoration: underline;\"><span style=\"color: #0066cc;\">Giornale<\/span><\/span><\/a>, ho pubblicato una lista in nove punti sui tic dei radical chic on line. Questa \u00e8 la versione integrale:<\/p>\n<ol>\n<li style=\"text-align: justify;\">La foto del profilo non \u00e8 (quasi) mai una loro foto. Sarebbe troppo nazionalpopolare. Mettono solo frammenti di film di qualche regista polacco mai distribuiti fuori dalla circonvallazione di Varsavia.<\/li>\n<li style=\"text-align: justify;\">Quando scelgono una loro immagine deve essere schermata da almeno cinque o sei filtri, avere delle velleit\u00e0 artistiche e magari ritrarre solo una parte del viso. Espressione sempre preoccupata per i destini del mondo. Il sorriso \u00e8 bandito come un retaggio del ventennio berlusconiano.<\/li>\n<li style=\"text-align: justify;\">\u00a0L\u2019oroscopo \u00e8 un vizio da portinaia. Ma se si tratta di quello di Internazionale no. Lo condividono su tutti i social come se fosse il Vangelo.<\/li>\n<li style=\"text-align: justify;\">\u00a0Le foto delle vacanze vanno bene solo se si \u00e8 nel terzo mondo o in un campo profughi. Pose obbligatorie: sguardo corrucciato, camuffati da indigeni e nell\u2019atto di solidarizzare con gli abitanti del luogo. Il colore (degli abitanti del luogo) deve essere intonato alla nuance dei sandali Birkenstock.<\/li>\n<li style=\"text-align: justify;\">\u00a0Su Twitter parlano tra di loro di cose che capiscono solo loro. Sublimazione del sogno radical chic: l\u2019esposizione mediatica del salotto (ovviamente etnico) di casa propria.<\/li>\n<li style=\"text-align: justify;\">\u00a0S\u00ec al selfie, ma solo se ha un significato sociale e politico. Possibilmente con un cartello in mano che sostiene la battaglia di qualche gruppo di contadini ugandesi. Ancora meglio se su iniziativa di Repubblica.it.<\/li>\n<li style=\"text-align: justify;\">\u00a0La Reflex. Pi\u00f9 che uno strumento fotografico \u00e8 un monile, una collana da appendere al collo. Condividono e scattano foto solo con voluminosissime \u2013 e costosissime \u2013 macchine fotografiche professionali. Preferiscono Flickr a Instagram, troppo plebeo.<\/li>\n<li style=\"text-align: justify;\">Il meteo \u00e8 il prolungamento della politica coi mezzi della natura. Se piove non \u00e8 colpa del governo ladro, ma dello scioglimento dei ghiacci dovuto al capitalismo diabolico. Condividere (sui social) per educare.<\/li>\n<li style=\"text-align: justify;\">Il cibo non esiste. Esiste solo il food. Da fotografare e condividere sui social solo a tre condizioni: che sia a km 0 (va bene anche se \u00e8 stato coltivato nella rotatoria di Piazzale Loreto), etnico o equo e solidale.<\/li>\n<li style=\"text-align: justify;\">La petizione on line \u00e8 la nuova e comodissima forma di contestazione. Va bene per risolvere tutti i problemi: dal cambio degli stuoini nel condominio (meglio sostituirlo con un piccolo kilim) alla fame nel mondo. Basta un click. Tutto il n\u00e9cessaire \u00e8 su Charge.org.<\/li>\n<li style=\"text-align: justify;\">\u00a0Film, libri, giornali. Tutto in lingua straniera. Molto chic condividere video di serie tv in lingua originale non ancora trasmessi in Italia. Appena oltrepassano le Alpi diventano rigorosamente pacchiane.<\/li>\n<li style=\"text-align: justify;\">Anche Youporn \u00e8 troppo pop. Forse anche sessista, potrebbe addirittura essere di destra con quello sfondo nero\u2026 Meglio ripiegare su siti soft porn o intellettual-erotici. Ammesso anche spulciare tra le pagine os\u00e8 di Tumblr.&#8221;<\/li>\n<\/ol>\n<p style=\"text-align: justify;\">&#8211; 28 agosto 2014 &#8211; Erin B. &#8211;<\/p>\n\t<div class=\"quickshare-container\">\r\n\t<ul class=\"quickshare-text qs-genericons quickshare-small\">\r\n\t\t<li class=\"quickshare-share\">Condividi :<\/li> \r\n\t\t<li><a href=\"https:\/\/facebook.com\/sharer.php?u=https%3A%2F%2Fwww.ventimigliablog.it%2Fblog%2Fcome-smascherare-i-radical-chic-2-0-in-12-punti-f-m-vigo%2F&amp;t=%26%238220%3BEcco+come+smascherare+i+radical+chic+2.0+%28in+12+punti%29%26%238221%3B-+di+F.M.Del+Vigo+<+Ventimigliablog\" target=\"_blank\" title=\"Share on Facebook\"><span class=\"quickshare-facebook\">Facebook<\/span><\/a><\/li>\t\t<li><a href=\"https:\/\/twitter.com\/intent\/tweet?url=https%3A%2F%2Fwww.ventimigliablog.it%2Fblog%2Fcome-smascherare-i-radical-chic-2-0-in-12-punti-f-m-vigo%2F&amp;text=%26%238220%3BEcco+come+smascherare+i+radical+chic+2.0+%28in+12+punti%29%26%238221%3B-+di+F.M.Del+Vigo+<+Ventimigliablog\" target=\"_blank\" title=\"Share on Twitter\"><span class=\"quickshare-twitter\">Twitter<\/span><\/a><\/li>\t\t\t\t\t\t<li><a href=\"https:\/\/plus.google.com\/share?url=https%3A%2F%2Fwww.ventimigliablog.it%2Fblog%2Fcome-smascherare-i-radical-chic-2-0-in-12-punti-f-m-vigo%2F\" target=\"_blank\" title=\"Share on Google+\"><span class=\"quickshare-googleplus\">Google+<\/span><\/a><\/li>\t\t\t\t\t\t\t\t<li><a href=\"mailto:?subject=Ventimigliablog:+%26%238220%3BEcco+come+smascherare+i+radical+chic+2.0+%28in+12+punti%29%26%238221%3B-+di+F.M.Del+Vigo&amp;body=https%3A%2F%2Fwww.ventimigliablog.it%2Fblog%2Fcome-smascherare-i-radical-chic-2-0-in-12-punti-f-m-vigo%2F\" target=\"_blank\" title=\"Share via Email\"><span class=\"quickshare-email\">Email<\/span><\/a><\/li>\t<\/ul>\r\n\t<\/div>\r\n","protected":false},"excerpt":{"rendered":"<p>Per caso stamane mi sono imbattuta in questo post tratto dal blog di un giornalista de &#8220;Il Giornale &#8221; , tale Francesco Maria Del Vigo , che mi ha fatto sorridere . ( e credetemi, in tempi come quelli che &hellip; <a href=\"https:\/\/www.ventimigliablog.it\/blog\/come-smascherare-i-radical-chic-2-0-in-12-punti-f-m-vigo\/\">Continua a leggere<span class=\"meta-nav\">&rarr;<\/span><\/a><\/p>\n","protected":false},"author":11,"featured_media":0,"comment_status":"open","ping_status":"closed","sticky":false,"template":"","format":"standard","meta":{"ngg_post_thumbnail":0,"footnotes":""},"categories":[3,1],"tags":[],"_links":{"self":[{"href":"https:\/\/www.ventimigliablog.it\/blog\/wp-json\/wp\/v2\/posts\/4384"}],"collection":[{"href":"https:\/\/www.ventimigliablog.it\/blog\/wp-json\/wp\/v2\/posts"}],"about":[{"href":"https:\/\/www.ventimigliablog.it\/blog\/wp-json\/wp\/v2\/types\/post"}],"author":[{"embeddable":true,"href":"https:\/\/www.ventimigliablog.it\/blog\/wp-json\/wp\/v2\/users\/11"}],"replies":[{"embeddable":true,"href":"https:\/\/www.ventimigliablog.it\/blog\/wp-json\/wp\/v2\/comments?post=4384"}],"version-history":[{"count":0,"href":"https:\/\/www.ventimigliablog.it\/blog\/wp-json\/wp\/v2\/posts\/4384\/revisions"}],"wp:attachment":[{"href":"https:\/\/www.ventimigliablog.it\/blog\/wp-json\/wp\/v2\/media?parent=4384"}],"wp:term":[{"taxonomy":"category","embeddable":true,"href":"https:\/\/www.ventimigliablog.it\/blog\/wp-json\/wp\/v2\/categories?post=4384"},{"taxonomy":"post_tag","embeddable":true,"href":"https:\/\/www.ventimigliablog.it\/blog\/wp-json\/wp\/v2\/tags?post=4384"}],"curies":[{"name":"wp","href":"https:\/\/api.w.org\/{rel}","templated":true}]}}