{"id":4443,"date":"2014-10-13T09:26:38","date_gmt":"2014-10-13T07:26:38","guid":{"rendered":"http:\/\/www.ventimigliablog.it\/blog\/?p=4443"},"modified":"2014-10-13T09:29:35","modified_gmt":"2014-10-13T07:29:35","slug":"trallerallera-trallalalla","status":"publish","type":"post","link":"https:\/\/www.ventimigliablog.it\/blog\/trallerallera-trallalalla\/","title":{"rendered":"Trallerallera, trallalall\u00e0"},"content":{"rendered":"<p>Ho ripreso a leggere le locandine: un mix di progetti, nuove iniziative, carico di lavoro in aumento e qualche sprazzo di vita qui e l\u00e0 (quando si ha tempo, insomma, non bisogna mai vivere troppo&#8230;) mi aveva tenuto lontano da Ventimiglia e dalle sue locandine. Scopro che l&#8217;illusione dell&#8217;anno (o del mese?) \u00e8 un enorme outlet nel Parco Roja. Passer\u00e0 anche questa, tranquilli. Lo dico a tutti i commercianti disperati per la prospettata perdita di clienti e a tutti i disoccupati fiduciosi, con il curriculum gi\u00e0 in mano.<!--more--><\/p>\n<p>Il problema, in generale, non \u00e8 l&#8217;outlet o l&#8217;Ikea, l&#8217;industria o l&#8217;artigianato, il commercio o il mercato. Il problema \u00e8 la totale mancanza di un&#8217;idea, di un progetto razionale in grado di guardare pi\u00f9 in l\u00e0 di sei mesi. Il gatto e la volpe arrivano con il progetto dell&#8217;outlet sottobraccio? Bene, evviva l&#8217;outlet! Paperone e Rockerduck ci propogno l&#8217;Ikea? Wow! Cosa \u00e8 meglio? Cosa \u00e8 peggio?\u00a0Non ci importa, in verit\u00e0. Quel che ci importa \u00e8 poter fare nuovi annunci, nuove locandine, infondere nuove speranze nei giovani illusi (il nostro sindaco dovrebbe capirci un p\u00f2 di pi\u00f9, considerando l&#8217;et\u00e0&#8230;) a quelli che non hanno vissuto le bugie degli ultimi 33 anni. Io, che sono un vecchio saggio, di nuovo, dico: non preoccupatevi, nulla succeder\u00e0. Ed insieme cantiam:<\/p>\n<p>&#8220;Disoccupati gentili non pi\u00f9 sospiri;<br \/>\ntutti i politicanti sono incostanti;<br \/>\nun piede in terra un altro in mare,<br \/>\nnon sospirate, fateli andare.<br \/>\nE in ogni guisa fra giochi e risa<br \/>\nmutate l\u2019intimo vostro rovello<br \/>\nin un ironico bel ritornello.<br \/>\nTrallerallera, trallalall\u00e0&#8221;<\/p>\n<p>(Testo riadattato da &#8220;<i>Much Ado About Nothing&#8221; &#8211; Shakespeare)<\/i><\/p>\n<p>13 ottobre 2014 &#8211; Albino Dicerto<\/p>\n\t<div class=\"quickshare-container\">\r\n\t<ul class=\"quickshare-text qs-genericons quickshare-small\">\r\n\t\t<li class=\"quickshare-share\">Condividi :<\/li> \r\n\t\t<li><a href=\"https:\/\/facebook.com\/sharer.php?u=https%3A%2F%2Fwww.ventimigliablog.it%2Fblog%2Ftrallerallera-trallalalla%2F&amp;t=Trallerallera%2C+trallalall%C3%A0+<+Ventimigliablog\" target=\"_blank\" title=\"Share on Facebook\"><span class=\"quickshare-facebook\">Facebook<\/span><\/a><\/li>\t\t<li><a href=\"https:\/\/twitter.com\/intent\/tweet?url=https%3A%2F%2Fwww.ventimigliablog.it%2Fblog%2Ftrallerallera-trallalalla%2F&amp;text=Trallerallera%2C+trallalall%C3%A0+<+Ventimigliablog\" target=\"_blank\" title=\"Share on Twitter\"><span class=\"quickshare-twitter\">Twitter<\/span><\/a><\/li>\t\t\t\t\t\t<li><a href=\"https:\/\/plus.google.com\/share?url=https%3A%2F%2Fwww.ventimigliablog.it%2Fblog%2Ftrallerallera-trallalalla%2F\" target=\"_blank\" title=\"Share on Google+\"><span class=\"quickshare-googleplus\">Google+<\/span><\/a><\/li>\t\t\t\t\t\t\t\t<li><a href=\"mailto:?subject=Ventimigliablog:+Trallerallera%2C+trallalall%C3%A0&amp;body=https%3A%2F%2Fwww.ventimigliablog.it%2Fblog%2Ftrallerallera-trallalalla%2F\" target=\"_blank\" title=\"Share via Email\"><span class=\"quickshare-email\">Email<\/span><\/a><\/li>\t<\/ul>\r\n\t<\/div>\r\n","protected":false},"excerpt":{"rendered":"<p>Ho ripreso a leggere le locandine: un mix di progetti, nuove iniziative, carico di lavoro in aumento e qualche sprazzo di vita qui e l\u00e0 (quando si ha tempo, insomma, non bisogna mai vivere troppo&#8230;) mi aveva tenuto lontano da &hellip; <a href=\"https:\/\/www.ventimigliablog.it\/blog\/trallerallera-trallalalla\/\">Continua a leggere<span class=\"meta-nav\">&rarr;<\/span><\/a><\/p>\n","protected":false},"author":12,"featured_media":0,"comment_status":"open","ping_status":"closed","sticky":false,"template":"","format":"standard","meta":{"ngg_post_thumbnail":0,"footnotes":""},"categories":[1],"tags":[],"_links":{"self":[{"href":"https:\/\/www.ventimigliablog.it\/blog\/wp-json\/wp\/v2\/posts\/4443"}],"collection":[{"href":"https:\/\/www.ventimigliablog.it\/blog\/wp-json\/wp\/v2\/posts"}],"about":[{"href":"https:\/\/www.ventimigliablog.it\/blog\/wp-json\/wp\/v2\/types\/post"}],"author":[{"embeddable":true,"href":"https:\/\/www.ventimigliablog.it\/blog\/wp-json\/wp\/v2\/users\/12"}],"replies":[{"embeddable":true,"href":"https:\/\/www.ventimigliablog.it\/blog\/wp-json\/wp\/v2\/comments?post=4443"}],"version-history":[{"count":0,"href":"https:\/\/www.ventimigliablog.it\/blog\/wp-json\/wp\/v2\/posts\/4443\/revisions"}],"wp:attachment":[{"href":"https:\/\/www.ventimigliablog.it\/blog\/wp-json\/wp\/v2\/media?parent=4443"}],"wp:term":[{"taxonomy":"category","embeddable":true,"href":"https:\/\/www.ventimigliablog.it\/blog\/wp-json\/wp\/v2\/categories?post=4443"},{"taxonomy":"post_tag","embeddable":true,"href":"https:\/\/www.ventimigliablog.it\/blog\/wp-json\/wp\/v2\/tags?post=4443"}],"curies":[{"name":"wp","href":"https:\/\/api.w.org\/{rel}","templated":true}]}}