{"id":4450,"date":"2014-10-20T12:54:03","date_gmt":"2014-10-20T10:54:03","guid":{"rendered":"http:\/\/www.ventimigliablog.it\/blog\/?p=4450"},"modified":"2014-10-21T14:47:21","modified_gmt":"2014-10-21T12:47:21","slug":"liva-aumenta-dal-2016-rialzo-26-12","status":"publish","type":"post","link":"https:\/\/www.ventimigliablog.it\/blog\/liva-aumenta-dal-2016-rialzo-26-12\/","title":{"rendered":"L&#8217;IVA aumenta dal 2016 &#8211; Rialzo fino al 26 e al 12% &#8211;"},"content":{"rendered":"<p style=\"text-align: justify;\">Riportiamo, senza commentare ,\u00a0un&#8217;illuminante articolo a firma Cristina Bartelli, da &#8221; Italia Oggi &#8220;del 17 ottobre 2014 , che reca un&#8217;interessante lettura del contenuto della Legge di Stabilit\u00e0, in elaborazione in questi giorni , ad opera del Governo Renzi .<\/p>\n<p>Buona lettura a tutti !<\/p>\n<p><!--more--><\/p>\n<p style=\"text-align: justify;\">\u201c Aumento dell&#8217;Iva spalmato su tre anni per l&#8217;aliquota del 22% e in due per quella del 10%. Ritocchi alle accise di benzina e gasolio e il taglio delle detrazioni da 3 mld, contenuto nella legge di Stabilit\u00e0 2014, e pronto a scattare dal 1\u00b0 gennaio 2015, rinviato di un anno, dal 2016 e nella misura di 4 mld.<\/p>\n<p style=\"text-align: justify;\">\u00c8 questa una delle sorprese delle <a href=\"http:\/\/156.54.160.3\/index.php?option=com_resource&amp;view=article&amp;article=51828\"><strong>bozze di legge della Stabilit\u00e0 2015<\/strong><\/a>. Gli effetti vanno a iscriversi nell&#8217;articolo 45, quello rubricato: \u00abUlteriori misure di copertura\u00bb, che prevede tra l&#8217;altro una sforbiciata al fondo per la riduzione della pressione fiscale. Nelle bozze, approvate mercoled\u00ec dal consiglio dei ministri, non si precisa l&#8217;entit\u00e0 degli aumenti percentuali dell&#8217;imposta certo \u00e8 che, anche limitato a un punto percentuale l&#8217;aggravio, cos\u00ec come ora \u00e8 formulata la disposizione, sar\u00e0 automatico a partire dal 2016 e se anche con un aumento di un solo punto percentuale porter\u00e0 il valore dell&#8217;aliquota pi\u00f9 alta al 25% per il 2018, una misura che non va propriamente nella direzione di spingere verso i consumi.<\/p>\n<p style=\"text-align: justify;\">Non solo. Accanto a questi aumenti che, serviranno a finanziare i 18 mld di tasse tagliate, come indicato dal capo del governo Matteo Renzi, resta la scure del taglio delle detrazioni e delle agevolazioni ereditate dalla legge di stabilit\u00e0 2014. Infatti, nelle bozze della legge di Stabilit\u00e0 2015, si interviene in due punti sul comma 430 dell&#8217;articolo 1 della legge 147\/2013. In particolare \u00e8 l&#8217;articolo 18, rubricato superamento clausola di salvaguardia, che rivede il taglio delle detrazioni e delle agevolazioni, previsto dalla finanziaria dello scorso anno, nella misura di 3 mld a partire dal 2015 se non si fossero fatte revisioni e razionalizzazioni alla spesa pubblica.<\/p>\n<p style=\"text-align: justify;\">Si rinvia la sforbiciata al 2016 nella misura di 4 mld che diventeranno 7 mld a partire dal 2017. La sforbiciata, nell&#8217;impianto originario del comma 430 sarebbe stata automatica, a fronte della mancata spending review, ma ora, con una formulazione ambigua, l&#8217;articolo 45 della legge di Stabilit\u00e0 2015 sostituisce il comma 430 con l&#8217;aumento dell&#8217;Iva del 10% applicando all&#8217;aumento i punti di sospensione.<\/p>\n<p style=\"text-align: justify;\">Aumento che replicher\u00e0 anche per il 2017. Il nuovo comma 430 bis invece prevede l&#8217;incremento dell&#8217;aliquota Iva del 22% dal primo gennaio 2016. In questo caso i rialzi sono previsti per tre anni. Mentre a chiusura di queste innovative voci di finanziamento \u00e8 previsto un comma 430-ter che ritocca al rialzo le aliquote delle accise della benzina e del gasolio. \u201c<\/p>\n<p style=\"text-align: justify;\">&#8211; 20 ottobre 2014 &#8211; Beatrice Manzini &#8211;<\/p>\n\t<div class=\"quickshare-container\">\r\n\t<ul class=\"quickshare-text qs-genericons quickshare-small\">\r\n\t\t<li class=\"quickshare-share\">Condividi :<\/li> \r\n\t\t<li><a href=\"https:\/\/facebook.com\/sharer.php?u=https%3A%2F%2Fwww.ventimigliablog.it%2Fblog%2Fliva-aumenta-dal-2016-rialzo-26-12%2F&amp;t=L%26%238217%3BIVA+aumenta+dal+2016+%26%238211%3B+Rialzo+fino+al+26+e+al+12%25+%26%238211%3B+<+Ventimigliablog\" target=\"_blank\" title=\"Share on Facebook\"><span class=\"quickshare-facebook\">Facebook<\/span><\/a><\/li>\t\t<li><a href=\"https:\/\/twitter.com\/intent\/tweet?url=https%3A%2F%2Fwww.ventimigliablog.it%2Fblog%2Fliva-aumenta-dal-2016-rialzo-26-12%2F&amp;text=L%26%238217%3BIVA+aumenta+dal+2016+%26%238211%3B+Rialzo+fino+al+26+e+al+12%25+%26%238211%3B+<+Ventimigliablog\" target=\"_blank\" title=\"Share on Twitter\"><span class=\"quickshare-twitter\">Twitter<\/span><\/a><\/li>\t\t\t\t\t\t<li><a href=\"https:\/\/plus.google.com\/share?url=https%3A%2F%2Fwww.ventimigliablog.it%2Fblog%2Fliva-aumenta-dal-2016-rialzo-26-12%2F\" target=\"_blank\" title=\"Share on Google+\"><span class=\"quickshare-googleplus\">Google+<\/span><\/a><\/li>\t\t\t\t\t\t\t\t<li><a href=\"mailto:?subject=Ventimigliablog:+L%26%238217%3BIVA+aumenta+dal+2016+%26%238211%3B+Rialzo+fino+al+26+e+al+12%25+%26%238211%3B&amp;body=https%3A%2F%2Fwww.ventimigliablog.it%2Fblog%2Fliva-aumenta-dal-2016-rialzo-26-12%2F\" target=\"_blank\" title=\"Share via Email\"><span class=\"quickshare-email\">Email<\/span><\/a><\/li>\t<\/ul>\r\n\t<\/div>\r\n","protected":false},"excerpt":{"rendered":"<p>Riportiamo, senza commentare ,\u00a0un&#8217;illuminante articolo a firma Cristina Bartelli, da &#8221; Italia Oggi &#8220;del 17 ottobre 2014 , che reca un&#8217;interessante lettura del contenuto della Legge di Stabilit\u00e0, in elaborazione in questi giorni , ad opera del Governo Renzi . &hellip; <a href=\"https:\/\/www.ventimigliablog.it\/blog\/liva-aumenta-dal-2016-rialzo-26-12\/\">Continua a leggere<span class=\"meta-nav\">&rarr;<\/span><\/a><\/p>\n","protected":false},"author":11,"featured_media":0,"comment_status":"open","ping_status":"closed","sticky":false,"template":"","format":"standard","meta":{"ngg_post_thumbnail":0,"footnotes":""},"categories":[3,1],"tags":[],"_links":{"self":[{"href":"https:\/\/www.ventimigliablog.it\/blog\/wp-json\/wp\/v2\/posts\/4450"}],"collection":[{"href":"https:\/\/www.ventimigliablog.it\/blog\/wp-json\/wp\/v2\/posts"}],"about":[{"href":"https:\/\/www.ventimigliablog.it\/blog\/wp-json\/wp\/v2\/types\/post"}],"author":[{"embeddable":true,"href":"https:\/\/www.ventimigliablog.it\/blog\/wp-json\/wp\/v2\/users\/11"}],"replies":[{"embeddable":true,"href":"https:\/\/www.ventimigliablog.it\/blog\/wp-json\/wp\/v2\/comments?post=4450"}],"version-history":[{"count":0,"href":"https:\/\/www.ventimigliablog.it\/blog\/wp-json\/wp\/v2\/posts\/4450\/revisions"}],"wp:attachment":[{"href":"https:\/\/www.ventimigliablog.it\/blog\/wp-json\/wp\/v2\/media?parent=4450"}],"wp:term":[{"taxonomy":"category","embeddable":true,"href":"https:\/\/www.ventimigliablog.it\/blog\/wp-json\/wp\/v2\/categories?post=4450"},{"taxonomy":"post_tag","embeddable":true,"href":"https:\/\/www.ventimigliablog.it\/blog\/wp-json\/wp\/v2\/tags?post=4450"}],"curies":[{"name":"wp","href":"https:\/\/api.w.org\/{rel}","templated":true}]}}