{"id":4468,"date":"2014-10-27T16:50:10","date_gmt":"2014-10-27T15:50:10","guid":{"rendered":"http:\/\/www.ventimigliablog.it\/blog\/?p=4468"},"modified":"2014-10-27T16:50:10","modified_gmt":"2014-10-27T15:50:10","slug":"ve-ricordate-tano-dirigeva-traffico","status":"publish","type":"post","link":"https:\/\/www.ventimigliablog.it\/blog\/ve-ricordate-tano-dirigeva-traffico\/","title":{"rendered":"Ma ve lo ricordate Tano che dirigeva il traffico?"},"content":{"rendered":"<p>Perch\u00e9 non scrivo pi\u00f9, mi chiedono. Scrivo, scrivo. Cose diverse per un pubblico diverso, ma scrivo sempre. Scrivere \u00e8 una delle cose che pi\u00f9 mi piace nella vita. Anzi, scrivere in ita(g)liano \u00a0\u00e8 una delle cose che pi\u00f9 mi piace nella vita. Il problema \u00e8 che non trovo ispirazione in una Ventimiglia che non si muove. Che sia presto per giudicare l\u2019operato della nuova amministrazione \u00e8 anche possibile. Che sia tardi per salvare la citt\u00e0 e la nazione \u00e8 molto pi\u00f9 probabile. Il problema \u00e8 che non ci sono scosse, non c\u2019\u00e8 movimento, non c\u2019\u00e8 azione e, quella che dovrebbe essere un\u2019anomalia del nostro sistema, si \u00e8 trasformata in un minuscolo puntino del nostro DNA che ci permette di essere pazienti spettatori della nostra disfatta.<\/p>\n<p><!--more-->Questo DNA \u00e8 quello che mi ha permesso di raggiungere casa mia, distante solo 4 km da casa dei miei genitori, in meno di 40 minuti, senza uscire di testa. Il motivo della coda in Via Cavour \u00e8 che, in una noiosissima domenica di ottobre, delle due corsie della rotonda, una \u00e8 costantemente adibita a parcheggio e, nell\u2019altra, si dimena il serpentone di macchine che arrivano dai 4 angoli del mondo, cercando di entrare ed uscire dalla tana di Ventimiglia. Ci sar\u00e0 mai un vigile in grado di risolvere questo incredibile problema? No, immagino di no. Ma non ci importa. Ma ve lo ricordate Tano che dirigeva il traffico, la domenica? Nostalgia&#8230;<\/p>\n<p>27 ottobre 2014 &#8211; Albino Dicerto<\/p>\n\t<div class=\"quickshare-container\">\r\n\t<ul class=\"quickshare-text qs-genericons quickshare-small\">\r\n\t\t<li class=\"quickshare-share\">Condividi :<\/li> \r\n\t\t<li><a href=\"https:\/\/facebook.com\/sharer.php?u=https%3A%2F%2Fwww.ventimigliablog.it%2Fblog%2Fve-ricordate-tano-dirigeva-traffico%2F&amp;t=Ma+ve+lo+ricordate+Tano+che+dirigeva+il+traffico%3F+<+Ventimigliablog\" target=\"_blank\" title=\"Share on Facebook\"><span class=\"quickshare-facebook\">Facebook<\/span><\/a><\/li>\t\t<li><a href=\"https:\/\/twitter.com\/intent\/tweet?url=https%3A%2F%2Fwww.ventimigliablog.it%2Fblog%2Fve-ricordate-tano-dirigeva-traffico%2F&amp;text=Ma+ve+lo+ricordate+Tano+che+dirigeva+il+traffico%3F+<+Ventimigliablog\" target=\"_blank\" title=\"Share on Twitter\"><span class=\"quickshare-twitter\">Twitter<\/span><\/a><\/li>\t\t\t\t\t\t<li><a href=\"https:\/\/plus.google.com\/share?url=https%3A%2F%2Fwww.ventimigliablog.it%2Fblog%2Fve-ricordate-tano-dirigeva-traffico%2F\" target=\"_blank\" title=\"Share on Google+\"><span class=\"quickshare-googleplus\">Google+<\/span><\/a><\/li>\t\t\t\t\t\t\t\t<li><a href=\"mailto:?subject=Ventimigliablog:+Ma+ve+lo+ricordate+Tano+che+dirigeva+il+traffico%3F&amp;body=https%3A%2F%2Fwww.ventimigliablog.it%2Fblog%2Fve-ricordate-tano-dirigeva-traffico%2F\" target=\"_blank\" title=\"Share via Email\"><span class=\"quickshare-email\">Email<\/span><\/a><\/li>\t<\/ul>\r\n\t<\/div>\r\n","protected":false},"excerpt":{"rendered":"<p>Perch\u00e9 non scrivo pi\u00f9, mi chiedono. Scrivo, scrivo. Cose diverse per un pubblico diverso, ma scrivo sempre. Scrivere \u00e8 una delle cose che pi\u00f9 mi piace nella vita. Anzi, scrivere in ita(g)liano \u00a0\u00e8 una delle cose che pi\u00f9 mi piace &hellip; <a href=\"https:\/\/www.ventimigliablog.it\/blog\/ve-ricordate-tano-dirigeva-traffico\/\">Continua a leggere<span class=\"meta-nav\">&rarr;<\/span><\/a><\/p>\n","protected":false},"author":12,"featured_media":0,"comment_status":"open","ping_status":"closed","sticky":false,"template":"","format":"standard","meta":{"ngg_post_thumbnail":0,"footnotes":""},"categories":[1],"tags":[],"_links":{"self":[{"href":"https:\/\/www.ventimigliablog.it\/blog\/wp-json\/wp\/v2\/posts\/4468"}],"collection":[{"href":"https:\/\/www.ventimigliablog.it\/blog\/wp-json\/wp\/v2\/posts"}],"about":[{"href":"https:\/\/www.ventimigliablog.it\/blog\/wp-json\/wp\/v2\/types\/post"}],"author":[{"embeddable":true,"href":"https:\/\/www.ventimigliablog.it\/blog\/wp-json\/wp\/v2\/users\/12"}],"replies":[{"embeddable":true,"href":"https:\/\/www.ventimigliablog.it\/blog\/wp-json\/wp\/v2\/comments?post=4468"}],"version-history":[{"count":0,"href":"https:\/\/www.ventimigliablog.it\/blog\/wp-json\/wp\/v2\/posts\/4468\/revisions"}],"wp:attachment":[{"href":"https:\/\/www.ventimigliablog.it\/blog\/wp-json\/wp\/v2\/media?parent=4468"}],"wp:term":[{"taxonomy":"category","embeddable":true,"href":"https:\/\/www.ventimigliablog.it\/blog\/wp-json\/wp\/v2\/categories?post=4468"},{"taxonomy":"post_tag","embeddable":true,"href":"https:\/\/www.ventimigliablog.it\/blog\/wp-json\/wp\/v2\/tags?post=4468"}],"curies":[{"name":"wp","href":"https:\/\/api.w.org\/{rel}","templated":true}]}}