{"id":4486,"date":"2014-10-31T12:40:20","date_gmt":"2014-10-31T11:40:20","guid":{"rendered":"http:\/\/www.ventimigliablog.it\/blog\/?p=4486"},"modified":"2014-10-31T12:41:39","modified_gmt":"2014-10-31T11:41:39","slug":"semplificazioni-fiscali-lisola-non-ce","status":"publish","type":"post","link":"https:\/\/www.ventimigliablog.it\/blog\/semplificazioni-fiscali-lisola-non-ce\/","title":{"rendered":"Semplificazioni fiscali: l&#8217;isola che non c&#8217;\u00e8."},"content":{"rendered":"<p style=\"text-align: justify;\"><a href=\"http:\/\/www.ventimigliablog.it\/blog\/wp-content\/uploads\/2014\/10\/Modello-730.jpg\"><img loading=\"lazy\" decoding=\"async\" class=\"size-medium wp-image-4487 alignleft\" src=\"http:\/\/www.ventimigliablog.it\/blog\/wp-content\/uploads\/2014\/10\/Modello-730-300x195.jpg\" alt=\"Modello-730\" width=\"300\" height=\"195\" srcset=\"https:\/\/www.ventimigliablog.it\/blog\/wp-content\/uploads\/2014\/10\/Modello-730-300x195.jpg 300w, https:\/\/www.ventimigliablog.it\/blog\/wp-content\/uploads\/2014\/10\/Modello-730-461x300.jpg 461w, https:\/\/www.ventimigliablog.it\/blog\/wp-content\/uploads\/2014\/10\/Modello-730.jpg 500w\" sizes=\"(max-width: 300px) 100vw, 300px\" \/><\/a>Tra gli obiettivi di semplificazione e di lotta all\u2019evasione fiscale del governo Renzi c\u2019\u00e8 anche la dichiarazione dei redditi precompilata, approvata ufficialmente nel Consiglio dei Ministri del 30 ottobre nell\u2019ambito del nuovo decreto legislativo di semplificazioni fiscali e che dovrebbe essere resa disponibile entro il 15 aprile di ogni anno, a partire gi\u00e0 dal 2015.<!--more--><\/p>\n<p style=\"text-align: justify;\">L&#8217;iniziativa sarebbe lodevole e incoraggiante, il piccolo contribuente (dipendente o pensionato) avrebbe dovuto vedersi recapitare a casa, gi\u00e0 precompilata, la dichiarazione dei redditi (modello 730). Peccato che\u00a0dei 20 milioni di 730 precompilati che verranno diffusi il prossimo anno, il Consiglio nazionale dottori commercialisti ha\u00a0stimato che ben il 71,7% necessiter\u00e0 di integrazioni, mentre il 28,3% avr\u00e0 bisogno di correzioni. Un disastro, se le stime sono giuste!<\/p>\n<p style=\"text-align: justify;\">Nel 2016 \u2013 quando verranno utilizzati anche i dati presenti nel Sistema Tessera Sanitaria e sugli altri oneri deducibili e detraibili \u2013 la situazione dovrebbe migliorare e la percentuale delle dichiarazioni precompilate che avranno bisogno di integrazioni scender\u00e0 al 45,2%. (fonte: Pmi.it)<\/p>\n<p style=\"text-align: justify;\">Comunque vada il contribuente dovr\u00e0 ancora rivolgersi ad un CAF o a un professionista, come prima della semplificazione.<\/p>\n<p style=\"text-align: justify;\">Si rischia per\u00f2 la beffa! Il contribuente continuer\u00e0 a spendere come prima e lo Stato spender\u00e0 di pi\u00f9 di prima, perch\u00e9 invier\u00e0 a casa dei modelli non completi. Speriamo che ci mettano una pezza. Pare incredibile, ma purtroppo ci siamo abituati,\u00a0che si riesca ad avere buone\u00a0e utili idee messe in pratica in modo cos\u00ec superficiale solo perch\u00e9 qualche politico deve\u00a0anticipare i tempi per motivi elettorali: il 730 precompilato doveva essere varato dal 2016 ma all&#8217;ultimo \u00e8 stato tutto anticipato al 2015!<\/p>\n<p style=\"text-align: justify;\">31 ottobre 2014 &#8211; Marco Prestileo<\/p>\n<p style=\"text-align: justify;\">\n\t<div class=\"quickshare-container\">\r\n\t<ul class=\"quickshare-text qs-genericons quickshare-small\">\r\n\t\t<li class=\"quickshare-share\">Condividi :<\/li> \r\n\t\t<li><a href=\"https:\/\/facebook.com\/sharer.php?u=https%3A%2F%2Fwww.ventimigliablog.it%2Fblog%2Fsemplificazioni-fiscali-lisola-non-ce%2F&amp;t=Semplificazioni+fiscali%3A+l%26%238217%3Bisola+che+non+c%26%238217%3B%C3%A8.+<+Ventimigliablog\" target=\"_blank\" title=\"Share on Facebook\"><span class=\"quickshare-facebook\">Facebook<\/span><\/a><\/li>\t\t<li><a href=\"https:\/\/twitter.com\/intent\/tweet?url=https%3A%2F%2Fwww.ventimigliablog.it%2Fblog%2Fsemplificazioni-fiscali-lisola-non-ce%2F&amp;text=Semplificazioni+fiscali%3A+l%26%238217%3Bisola+che+non+c%26%238217%3B%C3%A8.+<+Ventimigliablog\" target=\"_blank\" title=\"Share on Twitter\"><span class=\"quickshare-twitter\">Twitter<\/span><\/a><\/li>\t\t\t\t\t\t<li><a href=\"https:\/\/plus.google.com\/share?url=https%3A%2F%2Fwww.ventimigliablog.it%2Fblog%2Fsemplificazioni-fiscali-lisola-non-ce%2F\" target=\"_blank\" title=\"Share on Google+\"><span class=\"quickshare-googleplus\">Google+<\/span><\/a><\/li>\t\t\t\t\t\t\t\t<li><a href=\"mailto:?subject=Ventimigliablog:+Semplificazioni+fiscali%3A+l%26%238217%3Bisola+che+non+c%26%238217%3B%C3%A8.&amp;body=https%3A%2F%2Fwww.ventimigliablog.it%2Fblog%2Fsemplificazioni-fiscali-lisola-non-ce%2F\" target=\"_blank\" title=\"Share via Email\"><span class=\"quickshare-email\">Email<\/span><\/a><\/li>\t<\/ul>\r\n\t<\/div>\r\n","protected":false},"excerpt":{"rendered":"<p>Tra gli obiettivi di semplificazione e di lotta all\u2019evasione fiscale del governo Renzi c\u2019\u00e8 anche la dichiarazione dei redditi precompilata, approvata ufficialmente nel Consiglio dei Ministri del 30 ottobre nell\u2019ambito del nuovo decreto legislativo di semplificazioni fiscali e che dovrebbe &hellip; <a href=\"https:\/\/www.ventimigliablog.it\/blog\/semplificazioni-fiscali-lisola-non-ce\/\">Continua a leggere<span class=\"meta-nav\">&rarr;<\/span><\/a><\/p>\n","protected":false},"author":10,"featured_media":0,"comment_status":"open","ping_status":"closed","sticky":false,"template":"","format":"standard","meta":{"ngg_post_thumbnail":0,"footnotes":""},"categories":[3,1,7],"tags":[84,81,35],"_links":{"self":[{"href":"https:\/\/www.ventimigliablog.it\/blog\/wp-json\/wp\/v2\/posts\/4486"}],"collection":[{"href":"https:\/\/www.ventimigliablog.it\/blog\/wp-json\/wp\/v2\/posts"}],"about":[{"href":"https:\/\/www.ventimigliablog.it\/blog\/wp-json\/wp\/v2\/types\/post"}],"author":[{"embeddable":true,"href":"https:\/\/www.ventimigliablog.it\/blog\/wp-json\/wp\/v2\/users\/10"}],"replies":[{"embeddable":true,"href":"https:\/\/www.ventimigliablog.it\/blog\/wp-json\/wp\/v2\/comments?post=4486"}],"version-history":[{"count":0,"href":"https:\/\/www.ventimigliablog.it\/blog\/wp-json\/wp\/v2\/posts\/4486\/revisions"}],"wp:attachment":[{"href":"https:\/\/www.ventimigliablog.it\/blog\/wp-json\/wp\/v2\/media?parent=4486"}],"wp:term":[{"taxonomy":"category","embeddable":true,"href":"https:\/\/www.ventimigliablog.it\/blog\/wp-json\/wp\/v2\/categories?post=4486"},{"taxonomy":"post_tag","embeddable":true,"href":"https:\/\/www.ventimigliablog.it\/blog\/wp-json\/wp\/v2\/tags?post=4486"}],"curies":[{"name":"wp","href":"https:\/\/api.w.org\/{rel}","templated":true}]}}