{"id":4510,"date":"2014-11-14T20:25:42","date_gmt":"2014-11-14T19:25:42","guid":{"rendered":"http:\/\/www.ventimigliablog.it\/blog\/?p=4510"},"modified":"2014-11-15T08:37:10","modified_gmt":"2014-11-15T07:37:10","slug":"4510","status":"publish","type":"post","link":"https:\/\/www.ventimigliablog.it\/blog\/4510\/","title":{"rendered":"Leggi cosa mangi"},"content":{"rendered":"<p style=\"text-align: justify;\"><a href=\"http:\/\/www.ventimigliablog.it\/blog\/wp-content\/uploads\/2014\/11\/alimenti.jpg\"><img loading=\"lazy\" decoding=\"async\" class=\"size-full wp-image-4511 alignright\" src=\"http:\/\/www.ventimigliablog.it\/blog\/wp-content\/uploads\/2014\/11\/alimenti.jpg\" alt=\"alimenti\" width=\"259\" height=\"194\" \/><\/a>Il prossimo 13 dicembre entrer\u00e0 in vigore una parte rilevante del nuovo regolamento europeo, che stabilisce le modalit\u00e0 per l\u2019etichettatura dei prodotti alimentari. La nuova normativa interesser\u00e0 numerose imprese del settore alimentare, dai produttori a bar e ristoranti.<\/p>\n<p style=\"text-align: justify;\">Il nuovo regolamento, pur confermando alcune indicazioni dell\u2019attuale normativa, ha introdotto molte novit\u00e0.\u00a0Obbliga, infatti,\u00a0tutti coloro che trattano alimenti (ristoranti, pasticcerie, panificatori, gastronomie, bar, alberghi, agricoltori, ecc.) a produrre un\u2019etichetta che indichi la filiera produttiva e gli allergeni.<!--more--><\/p>\n<p style=\"text-align: justify;\">La particolarit\u00e0 sembra essere anche che l\u2019obbligo non \u00e8 solo per il prodotto confezionato, ma persino per la vendita sfusa come, ad esempio, quella effettuata dai bar che vendono brioches o preparano aperitivi, dalle gelaterie, dalle pasticcerie o dai ristoranti, poich\u00e9 il consumatore dovr\u00e0 avere sempre a disposizione il libro giornale degli ingredienti, conoscerne l\u2019origine e le indicazioni allergeniche.<\/p>\n<p style=\"text-align: justify;\">Dovr\u00e0 essere sempre garantita la leggibilit\u00e0 delle informazioni riportate in etichetta o nel men\u00f9, che dovranno essere consultabili da tutti.<\/p>\n<p style=\"text-align: justify;\">Come sopra detto, si dovranno poi inserire nella lista ingredienti le sostanze che possono provocare allergie, mettendo in evidenza e distinguendo l\u2019allergene dal resto degli ingredienti.<\/p>\n<p style=\"text-align: justify;\">Tutto\u00a0ci\u00f2 che ci aiuta a capire cosa mangiamo \u00e8 senza dubbio molto utile e salutare, speriamo solo che non si trasformi nel solito obbligo burocratico, senza ritorni pratici, e\u00a0in un&#8217;ulteriore e inutile costo gestionale per l&#8217;esercente.<\/p>\n<p>15 novembre 2014 &#8211; Marco Prestileo<\/p>\n<p>&nbsp;<\/p>\n\t<div class=\"quickshare-container\">\r\n\t<ul class=\"quickshare-text qs-genericons quickshare-small\">\r\n\t\t<li class=\"quickshare-share\">Condividi :<\/li> \r\n\t\t<li><a href=\"https:\/\/facebook.com\/sharer.php?u=https%3A%2F%2Fwww.ventimigliablog.it%2Fblog%2F4510%2F&amp;t=Leggi+cosa+mangi+<+Ventimigliablog\" target=\"_blank\" title=\"Share on Facebook\"><span class=\"quickshare-facebook\">Facebook<\/span><\/a><\/li>\t\t<li><a href=\"https:\/\/twitter.com\/intent\/tweet?url=https%3A%2F%2Fwww.ventimigliablog.it%2Fblog%2F4510%2F&amp;text=Leggi+cosa+mangi+<+Ventimigliablog\" target=\"_blank\" title=\"Share on Twitter\"><span class=\"quickshare-twitter\">Twitter<\/span><\/a><\/li>\t\t\t\t\t\t<li><a href=\"https:\/\/plus.google.com\/share?url=https%3A%2F%2Fwww.ventimigliablog.it%2Fblog%2F4510%2F\" target=\"_blank\" title=\"Share on Google+\"><span class=\"quickshare-googleplus\">Google+<\/span><\/a><\/li>\t\t\t\t\t\t\t\t<li><a href=\"mailto:?subject=Ventimigliablog:+Leggi+cosa+mangi&amp;body=https%3A%2F%2Fwww.ventimigliablog.it%2Fblog%2F4510%2F\" target=\"_blank\" title=\"Share via Email\"><span class=\"quickshare-email\">Email<\/span><\/a><\/li>\t<\/ul>\r\n\t<\/div>\r\n","protected":false},"excerpt":{"rendered":"<p>Il prossimo 13 dicembre entrer\u00e0 in vigore una parte rilevante del nuovo regolamento europeo, che stabilisce le modalit\u00e0 per l\u2019etichettatura dei prodotti alimentari. La nuova normativa interesser\u00e0 numerose imprese del settore alimentare, dai produttori a bar e ristoranti. Il nuovo &hellip; <a href=\"https:\/\/www.ventimigliablog.it\/blog\/4510\/\">Continua a leggere<span class=\"meta-nav\">&rarr;<\/span><\/a><\/p>\n","protected":false},"author":10,"featured_media":0,"comment_status":"open","ping_status":"closed","sticky":false,"template":"","format":"standard","meta":{"ngg_post_thumbnail":0,"footnotes":""},"categories":[3,1,7],"tags":[88,89,35],"_links":{"self":[{"href":"https:\/\/www.ventimigliablog.it\/blog\/wp-json\/wp\/v2\/posts\/4510"}],"collection":[{"href":"https:\/\/www.ventimigliablog.it\/blog\/wp-json\/wp\/v2\/posts"}],"about":[{"href":"https:\/\/www.ventimigliablog.it\/blog\/wp-json\/wp\/v2\/types\/post"}],"author":[{"embeddable":true,"href":"https:\/\/www.ventimigliablog.it\/blog\/wp-json\/wp\/v2\/users\/10"}],"replies":[{"embeddable":true,"href":"https:\/\/www.ventimigliablog.it\/blog\/wp-json\/wp\/v2\/comments?post=4510"}],"version-history":[{"count":0,"href":"https:\/\/www.ventimigliablog.it\/blog\/wp-json\/wp\/v2\/posts\/4510\/revisions"}],"wp:attachment":[{"href":"https:\/\/www.ventimigliablog.it\/blog\/wp-json\/wp\/v2\/media?parent=4510"}],"wp:term":[{"taxonomy":"category","embeddable":true,"href":"https:\/\/www.ventimigliablog.it\/blog\/wp-json\/wp\/v2\/categories?post=4510"},{"taxonomy":"post_tag","embeddable":true,"href":"https:\/\/www.ventimigliablog.it\/blog\/wp-json\/wp\/v2\/tags?post=4510"}],"curies":[{"name":"wp","href":"https:\/\/api.w.org\/{rel}","templated":true}]}}