{"id":4550,"date":"2014-11-30T19:12:52","date_gmt":"2014-11-30T18:12:52","guid":{"rendered":"http:\/\/www.ventimigliablog.it\/blog\/?p=4550"},"modified":"2014-11-30T19:15:40","modified_gmt":"2014-11-30T18:15:40","slug":"esistere","status":"publish","type":"post","link":"https:\/\/www.ventimigliablog.it\/blog\/esistere\/","title":{"rendered":"Io credo in te"},"content":{"rendered":"<p>Ci sono, esisto, vivo,<\/p>\n<p>la vita \u00e9 bella,<\/p>\n<p>spesso faticosa, anche ingiusta,<\/p>\n<p>ma \u00e9 dono, \u00e9 luce, \u00e9 curiosit\u00e0, \u00e9 creazione.<\/p>\n<p><!--more-->Ci sono, esisto, sbaglio,<\/p>\n<p>ma la vita \u00e9 redenzione,<\/p>\n<p>\u00e9 coraggio, \u00e9 perdono, \u00e9 speranza.<\/p>\n<p>Nessuna ingiustizia mi far\u00e0 smettere di vivere,<\/p>\n<p>nessuno mi convincer\u00e0 che la violenza, la falsit\u00e0, la cupidigia<\/p>\n<p>siano prevalenti nel vivere, siano normalit\u00e0, siano vera esistenza.<\/p>\n<p>Viviamo la vita, accettandoci come siamo,<\/p>\n<p>credendo ai nostri sogni e ai nostri ideali.<\/p>\n<p>Non sbagliamo perch\u00e9 commettiamo errori,<\/p>\n<p>sbagliamo perch\u00e9 non crediamo in noi e in chi ci ama veramente.<\/p>\n<p>Io credo in te &#8230;. lo sai &#8230; forza sbagliamo e gioiamo insieme.<\/p>\n<p>30 novembre 2014 &#8211; mp<\/p>\n\t<div class=\"quickshare-container\">\r\n\t<ul class=\"quickshare-text qs-genericons quickshare-small\">\r\n\t\t<li class=\"quickshare-share\">Condividi :<\/li> \r\n\t\t<li><a href=\"https:\/\/facebook.com\/sharer.php?u=https%3A%2F%2Fwww.ventimigliablog.it%2Fblog%2Fesistere%2F&amp;t=Io+credo+in+te+<+Ventimigliablog\" target=\"_blank\" title=\"Share on Facebook\"><span class=\"quickshare-facebook\">Facebook<\/span><\/a><\/li>\t\t<li><a href=\"https:\/\/twitter.com\/intent\/tweet?url=https%3A%2F%2Fwww.ventimigliablog.it%2Fblog%2Fesistere%2F&amp;text=Io+credo+in+te+<+Ventimigliablog\" target=\"_blank\" title=\"Share on Twitter\"><span class=\"quickshare-twitter\">Twitter<\/span><\/a><\/li>\t\t\t\t\t\t<li><a href=\"https:\/\/plus.google.com\/share?url=https%3A%2F%2Fwww.ventimigliablog.it%2Fblog%2Fesistere%2F\" target=\"_blank\" title=\"Share on Google+\"><span class=\"quickshare-googleplus\">Google+<\/span><\/a><\/li>\t\t\t\t\t\t\t\t<li><a href=\"mailto:?subject=Ventimigliablog:+Io+credo+in+te&amp;body=https%3A%2F%2Fwww.ventimigliablog.it%2Fblog%2Fesistere%2F\" target=\"_blank\" title=\"Share via Email\"><span class=\"quickshare-email\">Email<\/span><\/a><\/li>\t<\/ul>\r\n\t<\/div>\r\n","protected":false},"excerpt":{"rendered":"<p>Ci sono, esisto, vivo, la vita \u00e9 bella, spesso faticosa, anche ingiusta, ma \u00e9 dono, \u00e9 luce, \u00e9 curiosit\u00e0, \u00e9 creazione.<\/p>\n","protected":false},"author":10,"featured_media":0,"comment_status":"open","ping_status":"closed","sticky":false,"template":"","format":"standard","meta":{"ngg_post_thumbnail":0,"footnotes":""},"categories":[1],"tags":[97,98],"_links":{"self":[{"href":"https:\/\/www.ventimigliablog.it\/blog\/wp-json\/wp\/v2\/posts\/4550"}],"collection":[{"href":"https:\/\/www.ventimigliablog.it\/blog\/wp-json\/wp\/v2\/posts"}],"about":[{"href":"https:\/\/www.ventimigliablog.it\/blog\/wp-json\/wp\/v2\/types\/post"}],"author":[{"embeddable":true,"href":"https:\/\/www.ventimigliablog.it\/blog\/wp-json\/wp\/v2\/users\/10"}],"replies":[{"embeddable":true,"href":"https:\/\/www.ventimigliablog.it\/blog\/wp-json\/wp\/v2\/comments?post=4550"}],"version-history":[{"count":0,"href":"https:\/\/www.ventimigliablog.it\/blog\/wp-json\/wp\/v2\/posts\/4550\/revisions"}],"wp:attachment":[{"href":"https:\/\/www.ventimigliablog.it\/blog\/wp-json\/wp\/v2\/media?parent=4550"}],"wp:term":[{"taxonomy":"category","embeddable":true,"href":"https:\/\/www.ventimigliablog.it\/blog\/wp-json\/wp\/v2\/categories?post=4550"},{"taxonomy":"post_tag","embeddable":true,"href":"https:\/\/www.ventimigliablog.it\/blog\/wp-json\/wp\/v2\/tags?post=4550"}],"curies":[{"name":"wp","href":"https:\/\/api.w.org\/{rel}","templated":true}]}}