{"id":4795,"date":"2015-02-20T11:21:28","date_gmt":"2015-02-20T10:21:28","guid":{"rendered":"http:\/\/www.ventimigliablog.it\/blog\/?p=4795"},"modified":"2015-02-21T18:36:21","modified_gmt":"2015-02-21T17:36:21","slug":"isi-ici-imutarsutarestariiuctasiimusconfusione","status":"publish","type":"post","link":"https:\/\/www.ventimigliablog.it\/blog\/isi-ici-imutarsutarestariiuctasiimusconfusione\/","title":{"rendered":"ISI, ICI, IMU+TARSU,TARES,TARI=IUC+TASI+IMUS= CONFUSIONE"},"content":{"rendered":"<p style=\"text-align: justify;\"><a href=\"http:\/\/www.ventimigliablog.it\/blog\/wp-content\/uploads\/2015\/02\/confusione.png\"><img loading=\"lazy\" decoding=\"async\" class=\" size-full wp-image-4796 alignleft\" src=\"http:\/\/www.ventimigliablog.it\/blog\/wp-content\/uploads\/2015\/02\/confusione.png\" alt=\"confusione\" width=\"243\" height=\"208\" \/><\/a>L&#8217;humus rappresenta la parte pi\u00f9 attiva, sotto l&#8217;aspetto chimico e fisico, della sostanza organica del terreno. Con un buon humus le piante crescono rigogliose. Concetto semplice che i nostri legislatori sembrano non conoscere: continuano a parlare di riduzione delle imposte e tasse e di semplificazione fiscale ma\u00a0introducono nuove imposte e cambiano\u00a0nome alle imposte e tasse gi\u00e0 esistenti. Non solo il peso fiscale che grava sulle spalle di ogni contribuente continua ad aumentare, ma\u00a0complicano la vita ai contribuenti\u00a0continuando a cambiare le\u00a0regole,\u00a0non rendendosi conto che solo il cambio di nome di un&#8217;imposta crea confusione e panico, figuriamoci poi applicare le nuove regole. La gente non sa pi\u00f9 cosa deve pagare e, quando paga, non sa cosa sta\u00a0pagando e perch\u00e9!<!--more--><\/p>\n<p style=\"text-align: justify;\">La nuova arrivata,\u00a0in assenza di humus fiscale,\u00a0\u00e8 l&#8217;IMUS (IMU + S finale).\u00a0In base alle modificazioni in questi giorni apportate, l&#8217;<span style=\"font-family: Arial;\"><strong>IMUS<\/strong><span class=\"Apple-converted-space\"><span style=\"font-size: medium;\">\u00a0<\/span><\/span>&#8211;<\/span><span style=\"font-family: Arial;\"><span class=\"Apple-converted-space\"><span style=\"font-size: medium;\">\u00a0<\/span><\/span><strong>imposta municipale secondaria<\/strong><span class=\"Apple-converted-space\"><span style=\"font-size: medium;\">\u00a0<\/span><\/span>\u00e8 introdotta<\/span><span style=\"font-family: Arial;\"><span class=\"Apple-converted-space\"><span style=\"font-size: medium;\">\u00a0<\/span><\/span><strong>a decorrere dall&#8217;anno 2016<\/strong><\/span>. La nuova imposta sar\u00e0 in sostituzione della tassa per l&#8217;occupazione di spazi ed aree pubbliche, del canone di occupazione di spazi ed aree pubbliche, dell&#8217;imposta comunale sulla pubblicit\u00e0 e i diritti sulle pubbliche affissioni e del canone per l&#8217;autorizzazione all&#8217;installazione dei mezzi pubblicitari. Va bene accorpare ma pensiamo all&#8217;applicazione pratica. E&#8217; evidente che se un contribuente deve pagare tutte le imposte accorpate tra loro, pu\u00f2 anche accogliere con favore l&#8217;IMUS, se per\u00f2 viene lui consentito di non pagare tutti in un&#8217;unica volta. Se un contribuente deve per\u00f2 affiggere un manifesto cosa paga? Sempre l&#8217;IMUS, ma, non\u00a0si pu\u00f2 pensare diversamente,\u00a0limitata al servizio di affissione e pubblicit\u00e0:\u00a0quindi la chiameremo IMUS ma sar\u00e0 sempre l&#8217;imposta comunale sulla pubblicit\u00e0 e i diritti sulle pubbliche affissioni. Salvo che con la scusa dell&#8217;accorpamento non vogliano farci pagare di pi\u00f9!<\/p>\n<div class=\"para\">\n<div style=\"text-align: justify;\">L&#8217;imposta doveva essere introdotta con il 2014. Il termine \u00e8 stato poi differito al 2015 dall\u2019art. 1, comma 714, della legge di Stabilit\u00e0 2014. In sede di conversione in legge (il Ddl, che ha ricevuto ieri il via libera della Camera, passa ora all\u2019esame del Senato),\u00a0 con il decreto <span style=\"font-family: Arial;\"><strong>Milleproroghe decorrer\u00e0 dal 2016.\u00a0<\/strong><\/span><\/div>\n<div style=\"text-align: justify;\"><\/div>\n<div style=\"text-align: justify;\">20 febbraio 2015 &#8211; Marco Prestileo<\/div>\n<div style=\"text-align: justify;\"><\/div>\n<div><\/div>\n<div><span style=\"font-family: Arial;\"><span class=\"Apple-converted-space\"><span style=\"font-size: medium;\">\u00a0<\/span><\/span><\/span><\/div>\n<\/div>\n\t<div class=\"quickshare-container\">\r\n\t<ul class=\"quickshare-text qs-genericons quickshare-small\">\r\n\t\t<li class=\"quickshare-share\">Condividi :<\/li> \r\n\t\t<li><a href=\"https:\/\/facebook.com\/sharer.php?u=https%3A%2F%2Fwww.ventimigliablog.it%2Fblog%2Fisi-ici-imutarsutarestariiuctasiimusconfusione%2F&amp;t=ISI%2C+ICI%2C+IMU%2BTARSU%2CTARES%2CTARI%3DIUC%2BTASI%2BIMUS%3D+CONFUSIONE+<+Ventimigliablog\" target=\"_blank\" title=\"Share on Facebook\"><span class=\"quickshare-facebook\">Facebook<\/span><\/a><\/li>\t\t<li><a href=\"https:\/\/twitter.com\/intent\/tweet?url=https%3A%2F%2Fwww.ventimigliablog.it%2Fblog%2Fisi-ici-imutarsutarestariiuctasiimusconfusione%2F&amp;text=ISI%2C+ICI%2C+IMU%2BTARSU%2CTARES%2CTARI%3DIUC%2BTASI%2BIMUS%3D+CONFUSIONE+<+Ventimigliablog\" target=\"_blank\" title=\"Share on Twitter\"><span class=\"quickshare-twitter\">Twitter<\/span><\/a><\/li>\t\t\t\t\t\t<li><a href=\"https:\/\/plus.google.com\/share?url=https%3A%2F%2Fwww.ventimigliablog.it%2Fblog%2Fisi-ici-imutarsutarestariiuctasiimusconfusione%2F\" target=\"_blank\" title=\"Share on Google+\"><span class=\"quickshare-googleplus\">Google+<\/span><\/a><\/li>\t\t\t\t\t\t\t\t<li><a href=\"mailto:?subject=Ventimigliablog:+ISI%2C+ICI%2C+IMU%2BTARSU%2CTARES%2CTARI%3DIUC%2BTASI%2BIMUS%3D+CONFUSIONE&amp;body=https%3A%2F%2Fwww.ventimigliablog.it%2Fblog%2Fisi-ici-imutarsutarestariiuctasiimusconfusione%2F\" target=\"_blank\" title=\"Share via Email\"><span class=\"quickshare-email\">Email<\/span><\/a><\/li>\t<\/ul>\r\n\t<\/div>\r\n","protected":false},"excerpt":{"rendered":"<p>L&#8217;humus rappresenta la parte pi\u00f9 attiva, sotto l&#8217;aspetto chimico e fisico, della sostanza organica del terreno. Con un buon humus le piante crescono rigogliose. Concetto semplice che i nostri legislatori sembrano non conoscere: continuano a parlare di riduzione delle imposte &hellip; <a href=\"https:\/\/www.ventimigliablog.it\/blog\/isi-ici-imutarsutarestariiuctasiimusconfusione\/\">Continua a leggere<span class=\"meta-nav\">&rarr;<\/span><\/a><\/p>\n","protected":false},"author":10,"featured_media":0,"comment_status":"open","ping_status":"closed","sticky":false,"template":"","format":"standard","meta":{"ngg_post_thumbnail":0,"footnotes":""},"categories":[3,1,7],"tags":[81,176,62,175,35,143],"_links":{"self":[{"href":"https:\/\/www.ventimigliablog.it\/blog\/wp-json\/wp\/v2\/posts\/4795"}],"collection":[{"href":"https:\/\/www.ventimigliablog.it\/blog\/wp-json\/wp\/v2\/posts"}],"about":[{"href":"https:\/\/www.ventimigliablog.it\/blog\/wp-json\/wp\/v2\/types\/post"}],"author":[{"embeddable":true,"href":"https:\/\/www.ventimigliablog.it\/blog\/wp-json\/wp\/v2\/users\/10"}],"replies":[{"embeddable":true,"href":"https:\/\/www.ventimigliablog.it\/blog\/wp-json\/wp\/v2\/comments?post=4795"}],"version-history":[{"count":0,"href":"https:\/\/www.ventimigliablog.it\/blog\/wp-json\/wp\/v2\/posts\/4795\/revisions"}],"wp:attachment":[{"href":"https:\/\/www.ventimigliablog.it\/blog\/wp-json\/wp\/v2\/media?parent=4795"}],"wp:term":[{"taxonomy":"category","embeddable":true,"href":"https:\/\/www.ventimigliablog.it\/blog\/wp-json\/wp\/v2\/categories?post=4795"},{"taxonomy":"post_tag","embeddable":true,"href":"https:\/\/www.ventimigliablog.it\/blog\/wp-json\/wp\/v2\/tags?post=4795"}],"curies":[{"name":"wp","href":"https:\/\/api.w.org\/{rel}","templated":true}]}}