{"id":4801,"date":"2015-02-21T18:46:28","date_gmt":"2015-02-21T17:46:28","guid":{"rendered":"http:\/\/www.ventimigliablog.it\/blog\/?p=4801"},"modified":"2015-02-21T18:55:04","modified_gmt":"2015-02-21T17:55:04","slug":"la-nuova-franchigia-per-frontalieri","status":"publish","type":"post","link":"https:\/\/www.ventimigliablog.it\/blog\/la-nuova-franchigia-per-frontalieri\/","title":{"rendered":"La nuova franchigia per i frontalieri"},"content":{"rendered":"<p style=\"text-align: justify;\"><a href=\"http:\/\/www.ventimigliablog.it\/blog\/wp-content\/uploads\/2015\/02\/frontalieri.jpg\"><img loading=\"lazy\" decoding=\"async\" class=\" size-full wp-image-4803 alignleft\" src=\"http:\/\/www.ventimigliablog.it\/blog\/wp-content\/uploads\/2015\/02\/frontalieri.jpg\" alt=\"frontalieri\" width=\"258\" height=\"195\" \/><\/a>Il trattamento fiscale in Italia del reddito di lavoro dipendente prodotto dai frontalieri ha sempre suscitato particolare interesse e spesso molta confusione. Provo qui a riassumere la situazione attuale, in estrema sintesi, ricordando che con la Legge di stabilit\u00e0 2015 (art. 1, comma 690) la franchigia di cui beneficeranno i frontalieri <strong>per l\u2019anno di imposta 2015 \u00e8 stata incrementata a 7.500 euro<\/strong> (in luogo dei 6.700 euro applicabili fino al 2014 e degli 8.000 euro applicabili fino al 2012). Chiariamo quindi subito che la franchigia pi\u00f9 favorevole di euro 7.500, pertanto, produrr\u00e0 i pi\u00f9 rilevanti effetti pratici in sede di dichiarazione 2016 relativa al periodo di imposta 2015. Attenzione quindi che \u00e8 vero che la cos\u00ec detta<a href=\"http:\/\/www.ventimigliablog.it\/blog\/?p=3587\" target=\"_blank\"> franchigia opera a regime<\/a> dal 2014 in avanti ma ad euro 6.700, quindi l\u2019innalzamento a 7.500 attualmente vale solo per il 2015 e se non vi sar\u00e0 un\u2019apposita prorogata, scender\u00e0 nuovamente a 6.700 per l\u2019anno 2016.<!--more--><\/p>\n<p style=\"text-align: justify;\">Ricordo che detta franchigia non opera (incredibilmente) per i pensionati frontalieri e che secondo l\u2019interpretazione dell\u2019Amministrazione finanziaria (C.M. n. 1\/E\/2001 e n. 2\/E\/2003) \u00e8 frontaliere il (solo) lavoratore dipendente che quotidianamente oltrepassa la frontiera e si reca a lavorare dall\u2019Italia all\u2019estero, in zone di confine e Paesi limitrofi (come per esempio la Francia e il Principato di Monaco).<\/p>\n<p style=\"text-align: justify;\">Vi sono Convenzioni per evitare le doppie imposizioni che prevedono\u00a0per i frontalieri che si muovono in zone di confine,\u00a0che questi siano tassati <strong>solo<\/strong> nel Paese di residenza: \u00e8 il caso per esempio delle Convenzioni stipulate con Austria <strong>e Francia<\/strong>. Quest\u2019ultima, peraltro, precisa che per \u201czone di frontiera\u201d si devono intendere per l\u2019Italia le regioni confinanti (ossia Valle d\u2019Aosta, Piemonte <strong>e Liguria<\/strong>) e, per ci\u00f2 che concerne la Francia, i dipartimenti confinanti (nel nostro caso il Dipartimento delle Alpi Marittime). Quindi i residenti in Italia che lavorano in Francia devono fare la dichiarazione dei redditi solo in Italia.<\/p>\n<p style=\"text-align: justify;\">Discorso a parte, invece, deve essere fatto per i frontalieri con la Svizzera, i quali, in virt\u00f9 dell\u2019Accordo stipulato nel 1974 e parte integrante della Convenzione, sono tassati in via esclusiva nel Paese dove \u00e8 svolta l\u2019attivit\u00e0 (nel caso degli italiani, pertanto, in Svizzera) qualora si muovano nella c.d. \u201cfascia di confine\u201d di 20 Km.<\/p>\n<p style=\"text-align: justify;\">Per le modalit\u00e0 di imposizione per i nostri frontalieri che si recano a lavorare in Francia e nel Principato di Monaco valgono ancora le indicazioni date con i precedenti articoli qui pubblicati, uno dei pi\u00f9 letti \u00e8: <a href=\"http:\/\/www.ventimigliablog.it\/blog\/?p=1166\" target=\"_blank\">\u201cUn nostro lettore che inizier\u00e0 a lavorare in Francia ci pone un quesito di interesse generale\u201d. <\/a><\/p>\n<p style=\"text-align: justify;\">21 febbraio 2015 &#8211; Marco Prestileo<\/p>\n<p style=\"text-align: justify;\">P.S. I cattivi dicono che la franchigia a regime (cio\u00e8 non fissata con validit\u00e0 per un solo anno) sia stata introdotta dai nostri governanti nel 2014 per garantirsi il consenso elettorale dei frontalieri. Volutamente hanno fissato una somma\u00a0bassa, per poterla incrementare, di anno in anno, come \u00e8 gi\u00e0 successo nel 2015, in modo che i frontalieri debbano sempre essere riconoscenti al politico di turno! Diversamente non si comprenderebbe, dicono i cattivi,\u00a0perch\u00e9 nel 2012 era a euro 8.000, per poi passare a euro 6.700 nel 2014\u00a0e poi aumentarla a euro 7.500 dal 2015.<\/p>\n<p>&nbsp;<\/p>\n<p>&nbsp;<\/p>\n\t<div class=\"quickshare-container\">\r\n\t<ul class=\"quickshare-text qs-genericons quickshare-small\">\r\n\t\t<li class=\"quickshare-share\">Condividi :<\/li> \r\n\t\t<li><a href=\"https:\/\/facebook.com\/sharer.php?u=https%3A%2F%2Fwww.ventimigliablog.it%2Fblog%2Fla-nuova-franchigia-per-frontalieri%2F&amp;t=La+nuova+franchigia+per+i+frontalieri+<+Ventimigliablog\" target=\"_blank\" title=\"Share on Facebook\"><span class=\"quickshare-facebook\">Facebook<\/span><\/a><\/li>\t\t<li><a href=\"https:\/\/twitter.com\/intent\/tweet?url=https%3A%2F%2Fwww.ventimigliablog.it%2Fblog%2Fla-nuova-franchigia-per-frontalieri%2F&amp;text=La+nuova+franchigia+per+i+frontalieri+<+Ventimigliablog\" target=\"_blank\" title=\"Share on Twitter\"><span class=\"quickshare-twitter\">Twitter<\/span><\/a><\/li>\t\t\t\t\t\t<li><a href=\"https:\/\/plus.google.com\/share?url=https%3A%2F%2Fwww.ventimigliablog.it%2Fblog%2Fla-nuova-franchigia-per-frontalieri%2F\" target=\"_blank\" title=\"Share on Google+\"><span class=\"quickshare-googleplus\">Google+<\/span><\/a><\/li>\t\t\t\t\t\t\t\t<li><a href=\"mailto:?subject=Ventimigliablog:+La+nuova+franchigia+per+i+frontalieri&amp;body=https%3A%2F%2Fwww.ventimigliablog.it%2Fblog%2Fla-nuova-franchigia-per-frontalieri%2F\" target=\"_blank\" title=\"Share via Email\"><span class=\"quickshare-email\">Email<\/span><\/a><\/li>\t<\/ul>\r\n\t<\/div>\r\n","protected":false},"excerpt":{"rendered":"<p>Il trattamento fiscale in Italia del reddito di lavoro dipendente prodotto dai frontalieri ha sempre suscitato particolare interesse e spesso molta confusione. Provo qui a riassumere la situazione attuale, in estrema sintesi, ricordando che con la Legge di stabilit\u00e0 2015 &hellip; <a href=\"https:\/\/www.ventimigliablog.it\/blog\/la-nuova-franchigia-per-frontalieri\/\">Continua a leggere<span class=\"meta-nav\">&rarr;<\/span><\/a><\/p>\n","protected":false},"author":10,"featured_media":0,"comment_status":"open","ping_status":"closed","sticky":false,"template":"","format":"standard","meta":{"ngg_post_thumbnail":0,"footnotes":""},"categories":[3,9,1,7],"tags":[179,81,180,178,177,35,14],"_links":{"self":[{"href":"https:\/\/www.ventimigliablog.it\/blog\/wp-json\/wp\/v2\/posts\/4801"}],"collection":[{"href":"https:\/\/www.ventimigliablog.it\/blog\/wp-json\/wp\/v2\/posts"}],"about":[{"href":"https:\/\/www.ventimigliablog.it\/blog\/wp-json\/wp\/v2\/types\/post"}],"author":[{"embeddable":true,"href":"https:\/\/www.ventimigliablog.it\/blog\/wp-json\/wp\/v2\/users\/10"}],"replies":[{"embeddable":true,"href":"https:\/\/www.ventimigliablog.it\/blog\/wp-json\/wp\/v2\/comments?post=4801"}],"version-history":[{"count":0,"href":"https:\/\/www.ventimigliablog.it\/blog\/wp-json\/wp\/v2\/posts\/4801\/revisions"}],"wp:attachment":[{"href":"https:\/\/www.ventimigliablog.it\/blog\/wp-json\/wp\/v2\/media?parent=4801"}],"wp:term":[{"taxonomy":"category","embeddable":true,"href":"https:\/\/www.ventimigliablog.it\/blog\/wp-json\/wp\/v2\/categories?post=4801"},{"taxonomy":"post_tag","embeddable":true,"href":"https:\/\/www.ventimigliablog.it\/blog\/wp-json\/wp\/v2\/tags?post=4801"}],"curies":[{"name":"wp","href":"https:\/\/api.w.org\/{rel}","templated":true}]}}