{"id":4909,"date":"2015-04-13T15:04:57","date_gmt":"2015-04-13T13:04:57","guid":{"rendered":"http:\/\/www.ventimigliablog.it\/blog\/?p=4909"},"modified":"2015-04-13T15:04:57","modified_gmt":"2015-04-13T13:04:57","slug":"centro-di-analisi","status":"publish","type":"post","link":"https:\/\/www.ventimigliablog.it\/blog\/centro-di-analisi\/","title":{"rendered":"Centro di analisi"},"content":{"rendered":"<p>Sar\u00e0 quel bicchiere in pi\u00f9 a tavola ma condivido in pieno la necessit\u00e0 espressa dal presidente di Confcommercio di portare il progetto del parco Roja in un &#8220;centro di analisi marketing&#8221;. Ma andrebbe bene anche mandare in un centro di analisi chi da anni se la mena su questo e gli altri problemi della citt\u00e0&#8230; <!--more-->Comunque: arriva Renzi, si ferma a Sanremo. Speriamo che dopo avermi rubato 80 euro al mese per darli ai poveri, non si metta anche a cantare. \u00a0E sopratutto, basta: nella pausa pranzo non vado pi\u00f9 a mangiare dalla mamma. Promesso.<\/p>\n<p>13 aprile 2014 &#8211; Albino Dicerto<\/p>\n<p>P.s.<\/p>\n<p>-Bentornato Alby!!! Ma dove sei stato?<\/p>\n<p>&#8211;\u00a0A mangiare dalla mamma&#8230;<\/p>\n<p>&nbsp;<\/p>\n<p>&nbsp;<\/p>\n<p>&nbsp;<\/p>\n\t<div class=\"quickshare-container\">\r\n\t<ul class=\"quickshare-text qs-genericons quickshare-small\">\r\n\t\t<li class=\"quickshare-share\">Condividi :<\/li> \r\n\t\t<li><a href=\"https:\/\/facebook.com\/sharer.php?u=https%3A%2F%2Fwww.ventimigliablog.it%2Fblog%2Fcentro-di-analisi%2F&amp;t=Centro+di+analisi+<+Ventimigliablog\" target=\"_blank\" title=\"Share on Facebook\"><span class=\"quickshare-facebook\">Facebook<\/span><\/a><\/li>\t\t<li><a href=\"https:\/\/twitter.com\/intent\/tweet?url=https%3A%2F%2Fwww.ventimigliablog.it%2Fblog%2Fcentro-di-analisi%2F&amp;text=Centro+di+analisi+<+Ventimigliablog\" target=\"_blank\" title=\"Share on Twitter\"><span class=\"quickshare-twitter\">Twitter<\/span><\/a><\/li>\t\t\t\t\t\t<li><a href=\"https:\/\/plus.google.com\/share?url=https%3A%2F%2Fwww.ventimigliablog.it%2Fblog%2Fcentro-di-analisi%2F\" target=\"_blank\" title=\"Share on Google+\"><span class=\"quickshare-googleplus\">Google+<\/span><\/a><\/li>\t\t\t\t\t\t\t\t<li><a href=\"mailto:?subject=Ventimigliablog:+Centro+di+analisi&amp;body=https%3A%2F%2Fwww.ventimigliablog.it%2Fblog%2Fcentro-di-analisi%2F\" target=\"_blank\" title=\"Share via Email\"><span class=\"quickshare-email\">Email<\/span><\/a><\/li>\t<\/ul>\r\n\t<\/div>\r\n","protected":false},"excerpt":{"rendered":"<p>Sar\u00e0 quel bicchiere in pi\u00f9 a tavola ma condivido in pieno la necessit\u00e0 espressa dal presidente di Confcommercio di portare il progetto del parco Roja in un &#8220;centro di analisi marketing&#8221;. Ma andrebbe bene anche mandare in un centro di &hellip; <a href=\"https:\/\/www.ventimigliablog.it\/blog\/centro-di-analisi\/\">Continua a leggere<span class=\"meta-nav\">&rarr;<\/span><\/a><\/p>\n","protected":false},"author":12,"featured_media":0,"comment_status":"open","ping_status":"closed","sticky":false,"template":"","format":"standard","meta":{"ngg_post_thumbnail":0,"footnotes":""},"categories":[1],"tags":[],"_links":{"self":[{"href":"https:\/\/www.ventimigliablog.it\/blog\/wp-json\/wp\/v2\/posts\/4909"}],"collection":[{"href":"https:\/\/www.ventimigliablog.it\/blog\/wp-json\/wp\/v2\/posts"}],"about":[{"href":"https:\/\/www.ventimigliablog.it\/blog\/wp-json\/wp\/v2\/types\/post"}],"author":[{"embeddable":true,"href":"https:\/\/www.ventimigliablog.it\/blog\/wp-json\/wp\/v2\/users\/12"}],"replies":[{"embeddable":true,"href":"https:\/\/www.ventimigliablog.it\/blog\/wp-json\/wp\/v2\/comments?post=4909"}],"version-history":[{"count":0,"href":"https:\/\/www.ventimigliablog.it\/blog\/wp-json\/wp\/v2\/posts\/4909\/revisions"}],"wp:attachment":[{"href":"https:\/\/www.ventimigliablog.it\/blog\/wp-json\/wp\/v2\/media?parent=4909"}],"wp:term":[{"taxonomy":"category","embeddable":true,"href":"https:\/\/www.ventimigliablog.it\/blog\/wp-json\/wp\/v2\/categories?post=4909"},{"taxonomy":"post_tag","embeddable":true,"href":"https:\/\/www.ventimigliablog.it\/blog\/wp-json\/wp\/v2\/tags?post=4909"}],"curies":[{"name":"wp","href":"https:\/\/api.w.org\/{rel}","templated":true}]}}