{"id":493,"date":"2012-11-13T20:22:34","date_gmt":"2012-11-13T19:22:34","guid":{"rendered":"http:\/\/www.ventimigliablog.it\/blog\/?p=493"},"modified":"2013-07-11T12:21:36","modified_gmt":"2013-07-11T10:21:36","slug":"sempre-per-la-giustizia-e-la-legalita-contro-ogni-forma-di-sopruso","status":"publish","type":"post","link":"https:\/\/www.ventimigliablog.it\/blog\/sempre-per-la-giustizia-e-la-legalita-contro-ogni-forma-di-sopruso\/","title":{"rendered":"SEMPRE PER LA GIUSTIZIA E LA LEGALITA&#8217;, CONTRO OGNI FORMA DI SOPRUSO"},"content":{"rendered":"<p>Quanto riferito nella relazione ministeriale o prefettizia si deve presumere essere scaturito dalla relazione svolta dalla Commissione di indagine che ha operato quattro mesi senza sentire mai l\u2019esigenza di avviare un contraddittorio con i soggetti maggiormente interessati alla vita amministrativa. Se avessero semplicemente chiesto alcune informazioni o <!--more-->spiegazioni non avrebbero probabilmente commesso errori cos\u00ec grossolani, come invece riteniamo abbiano commesso. Errori che purtroppo sono stati anche ripresi dal Ministero dell\u2019Interno e dal Prefetto nella loro relazione.<\/p>\n<p>Studiando attentamente la relazione ministeriale e prefettizia per la redazione del ricorso al TAR Lazio che l\u2019ex sindaco Gaetano Scullino ha potuto presentare, si evince che gli estensori hanno agito pi\u00f9 di fantasia che sulla base di un\u2019attenta e reale analisi dei fatti realmente accaduti. Tutto il filo conduttore della relazione \u00e8 chiaramente contro ogni logica e buon senso, oltrech\u00e9 fondato su insufficienti basi tecniche e documentali. Ci dispiace aver dovuto constatare che gli estensori, sulla base di alcuni indizi non fondati, abbiano erroneamente ritenuto di poter riscontrare delle irregolarit\u00e0 nell\u2019attivit\u00e0 amministrativa del Comune di Ventimiglia, per di pi\u00f9 senza indicare e \u2013 tantomeno \u2013 dimostrare quale sia il preteso nesso eziologico tra queste ultime e gli asseriti \u201ccollegamenti\u201d o le asserite \u201cforme di condizionamento\u201d degli amministratori comunali.<\/p>\n<p><em>\u201cConfrontandomi con lo \u201cStato-mafia\u201d mi sono reso conto di quanto questo sia pi\u00f9 funzionale ed efficiente del nostro Stato e quanto, proprio per questa ragione, sia indispensabile impegnarsi al massimo per conoscerlo a fondo allo scopo di combatterlo. Mi rimane comunque una buona dose di scetticismo, non per\u00f2 alla maniera di Leonardo Sciascia, che sentiva il bisogno di Stato, ma nello Stato non aveva fiducia. Il mio scetticismo, piuttosto che una diffidenza sospettosa, \u00e8 quel dubbio metodico che finisce col rinsaldare le convinzioni. Io credo nello Stato, e ritengo che sia proprio la mancanza del senso dello Stato, di Stato come valore interiorizzato, a generare quelle distorsioni presenti nell\u2019animo siciliano: il dualismo fra societ\u00e0 e Stato, il ripiegamento sulla famiglia, sul gruppo, sul clan; la ricerca di un alibi che permetta a ciascuno di vivere e lavorare in perfetta anomia, senza alcun riferimento a regole di vita collettiva. Che cosa se non un miscuglio di anomia e di violenza primitiva \u00e8 all\u2019origine della mafia? Quella mafia che essenzialmente, a pensarci bene, non \u00e8 altro che espressione di un bisogno di ordine e quindi di Stato&#8230;\u201d. <\/em><\/p>\n<p>Con lo scioglimento del Consiglio comunale di Ventimiglia, di una amministrazione laboriosa, efficiente, capace di produrre quei cambiamenti che tutti i cittadini si aspettavano, scioglimento su basi illogiche e apodittiche, lo Stato non ha risposto, come probabilmente era nell\u2019intenzioni, \u00a0a quel bisogno di ordine, di giustizia, di equit\u00e0 e di tutela della dignit\u00e0 umana. Lo Stato sciogliendo, in questo modo e su queste basi, chi combatteva per la legalit\u00e0 ha fatto paradossalmente vincere l\u2019illegalit\u00e0, ha contribuito in Citt\u00e0 ad aumentare quel dualismo tra societ\u00e0 civile e Stato, ad alimentare alibi che permettano a ciascuno di noi di allontanarsi dall\u2019idea di occuparsi della cosa pubblica e dal credere nella giustizia. Sbagliare \u00e8 umano, speriamo per\u00f2 che non ci sia la volont\u00e0 di perseverare e che ci sia l\u2019onest\u00e0 di riconoscere, da parte dello Stato, gli errori fatti o di dare almeno lealmente la possibilit\u00e0 a tutti di giustificare le proprie azioni, prima di scagliarsi ferocemente, con la forza che lo Stato ha,\u00a0contro un essere umano.<\/p>\n<p><strong>Concludo precisando che la definizione sopra riportata tra virgolette\u00a0sull\u2019efficienza dello \u201cStato-mafia\u201d rispetto allo Stato, e pi\u00f9 in generale sulla mafia, \u00e8 di: Giovanni Falcone, in collaborazione con M. Padovani, Cose di Cosa Nostra, Rizzoli, Milano, 1991, pag. 71.<\/strong><\/p>\n<p>Testo ripreso da un comunicato stampa del Dott. Marco Prestileo del 5 aprile 2012.<\/p>\n\t<div class=\"quickshare-container\">\r\n\t<ul class=\"quickshare-text qs-genericons quickshare-small\">\r\n\t\t<li class=\"quickshare-share\">Condividi :<\/li> \r\n\t\t<li><a href=\"https:\/\/facebook.com\/sharer.php?u=https%3A%2F%2Fwww.ventimigliablog.it%2Fblog%2Fsempre-per-la-giustizia-e-la-legalita-contro-ogni-forma-di-sopruso%2F&amp;t=SEMPRE+PER+LA+GIUSTIZIA+E+LA+LEGALITA%26%238217%3B%2C+CONTRO+OGNI+FORMA+DI+SOPRUSO+<+Ventimigliablog\" target=\"_blank\" title=\"Share on Facebook\"><span class=\"quickshare-facebook\">Facebook<\/span><\/a><\/li>\t\t<li><a href=\"https:\/\/twitter.com\/intent\/tweet?url=https%3A%2F%2Fwww.ventimigliablog.it%2Fblog%2Fsempre-per-la-giustizia-e-la-legalita-contro-ogni-forma-di-sopruso%2F&amp;text=SEMPRE+PER+LA+GIUSTIZIA+E+LA+LEGALITA%26%238217%3B%2C+CONTRO+OGNI+FORMA+DI+SOPRUSO+<+Ventimigliablog\" target=\"_blank\" title=\"Share on Twitter\"><span class=\"quickshare-twitter\">Twitter<\/span><\/a><\/li>\t\t\t\t\t\t<li><a href=\"https:\/\/plus.google.com\/share?url=https%3A%2F%2Fwww.ventimigliablog.it%2Fblog%2Fsempre-per-la-giustizia-e-la-legalita-contro-ogni-forma-di-sopruso%2F\" target=\"_blank\" title=\"Share on Google+\"><span class=\"quickshare-googleplus\">Google+<\/span><\/a><\/li>\t\t\t\t\t\t\t\t<li><a href=\"mailto:?subject=Ventimigliablog:+SEMPRE+PER+LA+GIUSTIZIA+E+LA+LEGALITA%26%238217%3B%2C+CONTRO+OGNI+FORMA+DI+SOPRUSO&amp;body=https%3A%2F%2Fwww.ventimigliablog.it%2Fblog%2Fsempre-per-la-giustizia-e-la-legalita-contro-ogni-forma-di-sopruso%2F\" target=\"_blank\" title=\"Share via Email\"><span class=\"quickshare-email\">Email<\/span><\/a><\/li>\t<\/ul>\r\n\t<\/div>\r\n","protected":false},"excerpt":{"rendered":"<p>Quanto riferito nella relazione ministeriale o prefettizia si deve presumere essere scaturito dalla relazione svolta dalla Commissione di indagine che ha operato quattro mesi senza sentire mai l\u2019esigenza di avviare un contraddittorio con i soggetti maggiormente interessati alla vita amministrativa. &hellip; <a href=\"https:\/\/www.ventimigliablog.it\/blog\/sempre-per-la-giustizia-e-la-legalita-contro-ogni-forma-di-sopruso\/\">Continua a leggere<span class=\"meta-nav\">&rarr;<\/span><\/a><\/p>\n","protected":false},"author":10,"featured_media":0,"comment_status":"open","ping_status":"closed","sticky":false,"template":"","format":"standard","meta":{"ngg_post_thumbnail":0,"footnotes":""},"categories":[1,7,6,10],"tags":[],"_links":{"self":[{"href":"https:\/\/www.ventimigliablog.it\/blog\/wp-json\/wp\/v2\/posts\/493"}],"collection":[{"href":"https:\/\/www.ventimigliablog.it\/blog\/wp-json\/wp\/v2\/posts"}],"about":[{"href":"https:\/\/www.ventimigliablog.it\/blog\/wp-json\/wp\/v2\/types\/post"}],"author":[{"embeddable":true,"href":"https:\/\/www.ventimigliablog.it\/blog\/wp-json\/wp\/v2\/users\/10"}],"replies":[{"embeddable":true,"href":"https:\/\/www.ventimigliablog.it\/blog\/wp-json\/wp\/v2\/comments?post=493"}],"version-history":[{"count":0,"href":"https:\/\/www.ventimigliablog.it\/blog\/wp-json\/wp\/v2\/posts\/493\/revisions"}],"wp:attachment":[{"href":"https:\/\/www.ventimigliablog.it\/blog\/wp-json\/wp\/v2\/media?parent=493"}],"wp:term":[{"taxonomy":"category","embeddable":true,"href":"https:\/\/www.ventimigliablog.it\/blog\/wp-json\/wp\/v2\/categories?post=493"},{"taxonomy":"post_tag","embeddable":true,"href":"https:\/\/www.ventimigliablog.it\/blog\/wp-json\/wp\/v2\/tags?post=493"}],"curies":[{"name":"wp","href":"https:\/\/api.w.org\/{rel}","templated":true}]}}