{"id":4967,"date":"2015-05-24T08:27:45","date_gmt":"2015-05-24T06:27:45","guid":{"rendered":"http:\/\/www.ventimigliablog.it\/blog\/?p=4967"},"modified":"2015-05-24T08:28:43","modified_gmt":"2015-05-24T06:28:43","slug":"pasticcio-allitaliana","status":"publish","type":"post","link":"https:\/\/www.ventimigliablog.it\/blog\/pasticcio-allitaliana\/","title":{"rendered":"Pasticcio all&#8217;italiana"},"content":{"rendered":"<p style=\"text-align: justify;\"><a href=\"http:\/\/www.ventimigliablog.it\/blog\/wp-content\/uploads\/2015\/05\/e-io-pago.png\"><img loading=\"lazy\" decoding=\"async\" class=\" size-medium wp-image-4970 alignleft\" src=\"http:\/\/www.ventimigliablog.it\/blog\/wp-content\/uploads\/2015\/05\/e-io-pago-300x164.png\" alt=\"e io pago\" width=\"300\" height=\"164\" srcset=\"https:\/\/www.ventimigliablog.it\/blog\/wp-content\/uploads\/2015\/05\/e-io-pago-300x164.png 300w, https:\/\/www.ventimigliablog.it\/blog\/wp-content\/uploads\/2015\/05\/e-io-pago.png 303w\" sizes=\"(max-width: 300px) 100vw, 300px\" \/><\/a>Mondate e lavate le melanzane. Tagliatele a fette di un cm di spessore circa, cospargetele di sale, mettetele a strati su un tagliere e lasciatele a perdere l&#8217;acqua per circa un&#8217;ora, \u2026\u2026 se volete leggere la ricetta del pasticcio di melanzane all\u2019italiana <a title=\"pasticcio all'italiana di melanzane\" href=\"http:\/\/ricette.donnamoderna.com\/pasticcio-allitaliana\/\" target=\"_blank\">cliccata qui<\/a>.<\/p>\n<p style=\"text-align: justify;\">Io volevo raccontarvi di un altro pasticcio fiscale all\u2019italiana.<!--more--><\/p>\n<p style=\"text-align: justify;\">Il 730 precompilato, una pasticcio preannunciato, persino da noi <a href=\"http:\/\/www.ventimigliablog.it\/blog\/?p=4486\" target=\"_blank\">sul questo blog<\/a>, oggi \u00e8 un vero pasticcio che\u00a0ha messo intorno ad un tavolo (meglio tardi che mai, ma non si poteva fare prima?) tecnici dell\u2019Agenzia delle Entrate, INPS e CAF per trovare le soluzioni alle maggiori criticit\u00e0 che per\u00f2 sono tante, troppe! Oltre ad essere incompleto, vi sono problemi pratici da non credere: il principale \u00e8 rappresentato dal calcolo dei giorni lavorativi per determinare le detrazioni da lavoro dipendente, nel caso in cui il lavoratore abbia pi\u00f9 di un sostituto d\u2019imposta nel 2014, il sistema non riesce a calcolare correttamente i giorni lavorati e ad applicare le relative detrazioni. Non parliamo poi, ad esempio, delle deduzioni per colf e badanti, ecc.<\/p>\n<p style=\"text-align: justify;\">Quello che dispiace di pi\u00f9 non \u00e8 prendere atto di un insuccesso clamoroso che negli anni sar\u00e0 certamente corretto, ma della propaganda politica che si \u00e8 fatto su TV e altri mass media da parte dei nostri governanti (prima di Renzi ve ne sono stati tanti altri uguali). E\u2019 IL METODO ALL\u2019ITALIANA: prima parliamo, ci vantiamo, diciamo quanto siamo bravi e belli, cerchiamo consensi e poi \u2026. aggiustiamo i pasticci alla bene e meglio.<\/p>\n<p style=\"text-align: justify;\">Le soluzioni in gioco per aggiustare\u00a0questa nuova idea del 730 precompilato sono: una proroga per la presentazione della dichiarazione, ma anche la possibilit\u00e0 per il contribuente di effettuare correzioni nel caso di errori (non suoi ma) del Fisco nella predisposizione del 730 precompilato. Non \u00e8 escluso che il governo intervenga in questo senso (si parla di uno slittamento al 17 luglio, rispetto all\u2019attuale scadenza che, lo ricordiamo, \u00e8 il 7 luglio).<\/p>\n<p style=\"text-align: justify;\">Non si comprende per\u00f2 come la proroga possa risolvere il problema degli errori del Fisco nella predisposizione del 730 precompilato: se ci hanno mandato un 730 errato anche se si proroga rimane tale! Allora si discute di altre diverse ipotesi, fra cui quella per cui l\u2019Agenzia delle Entrate potrebbe inviare un avviso ai contribuenti che hanno commesso errori legati a dati mancanti o non corretti nel modello precompilato, permettendo loro di effettuare, successivamente un nuovo invio (annullando quello precedente). Mi viene da dire: troppo buoni, voi avete sbagliato, il contribuente deve correggere i vostri errori e poi ringraziarvi che non lo sanzionate se corregge entro un determinato tempo!!! Si parla di poter integrare il 730 errato entro il 26 ottobre, oppure di correggere la dichiarazione presentando il modello UNICO (queste sono le strade tradizionali per correggere qualsiasi errore commesso in dichiarazione).<\/p>\n<p style=\"text-align: justify;\">Altra soluzione, tanto paga pantalone (noi italiani) quella di permettere un nuovo invio del 730 precompilato (come dire sino adesso abbiamo scherzato) <strong>ma facciamolo fare ai privati ch\u00e9 loro sono capaci,<\/strong> quindi solo attraverso CAF o professionisti abilitati (sempre annullando la dichiarazione precedente). Quest\u2019ultima sarebbe la soluzione pi\u00f9 triste da ammettere ma certamente efficace.<\/p>\n<p style=\"text-align: justify;\"><strong>La mia soluzione: licenziamo i super dirigenti che hanno fatto questo pasticcio all\u2019italiana.<\/strong><\/p>\n<p>24 maggio 2015 \u2013 Marco Prestileo<\/p>\n<p>&nbsp;<\/p>\n<p>&nbsp;<\/p>\n<p>&nbsp;<\/p>\n\t<div class=\"quickshare-container\">\r\n\t<ul class=\"quickshare-text qs-genericons quickshare-small\">\r\n\t\t<li class=\"quickshare-share\">Condividi :<\/li> \r\n\t\t<li><a href=\"https:\/\/facebook.com\/sharer.php?u=https%3A%2F%2Fwww.ventimigliablog.it%2Fblog%2Fpasticcio-allitaliana%2F&amp;t=Pasticcio+all%26%238217%3Bitaliana+<+Ventimigliablog\" target=\"_blank\" title=\"Share on Facebook\"><span class=\"quickshare-facebook\">Facebook<\/span><\/a><\/li>\t\t<li><a href=\"https:\/\/twitter.com\/intent\/tweet?url=https%3A%2F%2Fwww.ventimigliablog.it%2Fblog%2Fpasticcio-allitaliana%2F&amp;text=Pasticcio+all%26%238217%3Bitaliana+<+Ventimigliablog\" target=\"_blank\" title=\"Share on Twitter\"><span class=\"quickshare-twitter\">Twitter<\/span><\/a><\/li>\t\t\t\t\t\t<li><a href=\"https:\/\/plus.google.com\/share?url=https%3A%2F%2Fwww.ventimigliablog.it%2Fblog%2Fpasticcio-allitaliana%2F\" target=\"_blank\" title=\"Share on Google+\"><span class=\"quickshare-googleplus\">Google+<\/span><\/a><\/li>\t\t\t\t\t\t\t\t<li><a href=\"mailto:?subject=Ventimigliablog:+Pasticcio+all%26%238217%3Bitaliana&amp;body=https%3A%2F%2Fwww.ventimigliablog.it%2Fblog%2Fpasticcio-allitaliana%2F\" target=\"_blank\" title=\"Share via Email\"><span class=\"quickshare-email\">Email<\/span><\/a><\/li>\t<\/ul>\r\n\t<\/div>\r\n","protected":false},"excerpt":{"rendered":"<p>Mondate e lavate le melanzane. Tagliatele a fette di un cm di spessore circa, cospargetele di sale, mettetele a strati su un tagliere e lasciatele a perdere l&#8217;acqua per circa un&#8217;ora, \u2026\u2026 se volete leggere la ricetta del pasticcio di &hellip; <a href=\"https:\/\/www.ventimigliablog.it\/blog\/pasticcio-allitaliana\/\">Continua a leggere<span class=\"meta-nav\">&rarr;<\/span><\/a><\/p>\n","protected":false},"author":10,"featured_media":0,"comment_status":"open","ping_status":"closed","sticky":false,"template":"","format":"standard","meta":{"ngg_post_thumbnail":0,"footnotes":""},"categories":[3,9,1,7],"tags":[84,81,35,14],"_links":{"self":[{"href":"https:\/\/www.ventimigliablog.it\/blog\/wp-json\/wp\/v2\/posts\/4967"}],"collection":[{"href":"https:\/\/www.ventimigliablog.it\/blog\/wp-json\/wp\/v2\/posts"}],"about":[{"href":"https:\/\/www.ventimigliablog.it\/blog\/wp-json\/wp\/v2\/types\/post"}],"author":[{"embeddable":true,"href":"https:\/\/www.ventimigliablog.it\/blog\/wp-json\/wp\/v2\/users\/10"}],"replies":[{"embeddable":true,"href":"https:\/\/www.ventimigliablog.it\/blog\/wp-json\/wp\/v2\/comments?post=4967"}],"version-history":[{"count":0,"href":"https:\/\/www.ventimigliablog.it\/blog\/wp-json\/wp\/v2\/posts\/4967\/revisions"}],"wp:attachment":[{"href":"https:\/\/www.ventimigliablog.it\/blog\/wp-json\/wp\/v2\/media?parent=4967"}],"wp:term":[{"taxonomy":"category","embeddable":true,"href":"https:\/\/www.ventimigliablog.it\/blog\/wp-json\/wp\/v2\/categories?post=4967"},{"taxonomy":"post_tag","embeddable":true,"href":"https:\/\/www.ventimigliablog.it\/blog\/wp-json\/wp\/v2\/tags?post=4967"}],"curies":[{"name":"wp","href":"https:\/\/api.w.org\/{rel}","templated":true}]}}