{"id":5037,"date":"2015-07-07T08:06:45","date_gmt":"2015-07-07T06:06:45","guid":{"rendered":"http:\/\/www.ventimigliablog.it\/blog\/?p=5037"},"modified":"2015-07-07T08:09:47","modified_gmt":"2015-07-07T06:09:47","slug":"come-piume-al-vento","status":"publish","type":"post","link":"https:\/\/www.ventimigliablog.it\/blog\/come-piume-al-vento\/","title":{"rendered":"Come piume al vento"},"content":{"rendered":"<p style=\"text-align: justify;\"><a href=\"http:\/\/www.ventimigliablog.it\/blog\/wp-content\/uploads\/2015\/07\/maldicenze.jpg\"><img loading=\"lazy\" decoding=\"async\" class=\" size-full wp-image-5038 alignleft\" src=\"http:\/\/www.ventimigliablog.it\/blog\/wp-content\/uploads\/2015\/07\/maldicenze.jpg\" alt=\"maldicenze\" width=\"251\" height=\"201\" \/><\/a>Pi\u00f9 di una volta ho immaginato, anche solo per un momento, che si realizzasse uno scenario simile\u2026.<em>Aveva fatto per molto tempo della maldicenza sul conto di un suo amico. Un giorno, pentito, si rec\u00f2 da lui e gli disse: \u201cTi chiedo scusa. Sono dispiaciuto di ci\u00f2 che ho fatto. Riconosco di aver commesso un errore. Spero che vorrai perdonarmi e mi piacerebbe che fosse tutto finito\u2026.\u201d L\u2019amico lo guard\u00f2 fisso per qualche istante. \u201cIo ti perdono e desidero anch\u2019io che sia tutto finito;\u2026. Ma devi prima fare una cosa: prendi questo cuscino di piume e sali sulla torre della piazza. Quando sarai lass\u00f9, apri il cuscino e spargi le piume al vento. Poi scendi, valle a raccogliere una ad una e rimettile nel cuscino. A lavoro ultimato, me lo riporterai\u2026.\u201d Per la prima volta quell\u2019uomo si rese conto che i danni della maldicenza sono quasi sempre irrimediabili. <\/em><!--more--><\/p>\n<p style=\"text-align: justify;\"><em>Le critiche e le maldicenze passano da bocca in bocca e trovano quasi ovunque delle orecchie fin troppo attente. Cos\u00ec si sparpagliano rapidamente, varcano la soglia di tante case, i confini di tanti paesi, e non si fermano mai. Anche se c\u2019\u00e8 stato un ripensamento, se tutto \u00e8 veramente finito fra il diffamatore e la sua vittima, o se chi ha commesso il fatto se ne \u00e8 umiliato e ha ottenuto il perdono del Signore, le voci purtroppo continuano a vagare. <\/em>(Da \u201cLa nostra lingua \u2026. un fuoco!\u201d Edizioni Il Messaggero Cristiano)<\/p>\n<p style=\"text-align: justify;\">Dedicato a Marco, Achille, Domenico, Luciana, Sandro, occhi azzurri, sandokan \u2026. e molti altri.<\/p>\n<p>7\u00a0luglio 2015 \u2013 Marco Prestileo<\/p>\n\t<div class=\"quickshare-container\">\r\n\t<ul class=\"quickshare-text qs-genericons quickshare-small\">\r\n\t\t<li class=\"quickshare-share\">Condividi :<\/li> \r\n\t\t<li><a href=\"https:\/\/facebook.com\/sharer.php?u=https%3A%2F%2Fwww.ventimigliablog.it%2Fblog%2Fcome-piume-al-vento%2F&amp;t=Come+piume+al+vento+<+Ventimigliablog\" target=\"_blank\" title=\"Share on Facebook\"><span class=\"quickshare-facebook\">Facebook<\/span><\/a><\/li>\t\t<li><a href=\"https:\/\/twitter.com\/intent\/tweet?url=https%3A%2F%2Fwww.ventimigliablog.it%2Fblog%2Fcome-piume-al-vento%2F&amp;text=Come+piume+al+vento+<+Ventimigliablog\" target=\"_blank\" title=\"Share on Twitter\"><span class=\"quickshare-twitter\">Twitter<\/span><\/a><\/li>\t\t\t\t\t\t<li><a href=\"https:\/\/plus.google.com\/share?url=https%3A%2F%2Fwww.ventimigliablog.it%2Fblog%2Fcome-piume-al-vento%2F\" target=\"_blank\" title=\"Share on Google+\"><span class=\"quickshare-googleplus\">Google+<\/span><\/a><\/li>\t\t\t\t\t\t\t\t<li><a href=\"mailto:?subject=Ventimigliablog:+Come+piume+al+vento&amp;body=https%3A%2F%2Fwww.ventimigliablog.it%2Fblog%2Fcome-piume-al-vento%2F\" target=\"_blank\" title=\"Share via Email\"><span class=\"quickshare-email\">Email<\/span><\/a><\/li>\t<\/ul>\r\n\t<\/div>\r\n","protected":false},"excerpt":{"rendered":"<p>Pi\u00f9 di una volta ho immaginato, anche solo per un momento, che si realizzasse uno scenario simile\u2026.Aveva fatto per molto tempo della maldicenza sul conto di un suo amico. Un giorno, pentito, si rec\u00f2 da lui e gli disse: \u201cTi &hellip; <a href=\"https:\/\/www.ventimigliablog.it\/blog\/come-piume-al-vento\/\">Continua a leggere<span class=\"meta-nav\">&rarr;<\/span><\/a><\/p>\n","protected":false},"author":10,"featured_media":0,"comment_status":"open","ping_status":"closed","sticky":false,"template":"","format":"standard","meta":{"ngg_post_thumbnail":0,"footnotes":""},"categories":[3,1,7,6],"tags":[13,238,235,35,105,240,236,239,14],"_links":{"self":[{"href":"https:\/\/www.ventimigliablog.it\/blog\/wp-json\/wp\/v2\/posts\/5037"}],"collection":[{"href":"https:\/\/www.ventimigliablog.it\/blog\/wp-json\/wp\/v2\/posts"}],"about":[{"href":"https:\/\/www.ventimigliablog.it\/blog\/wp-json\/wp\/v2\/types\/post"}],"author":[{"embeddable":true,"href":"https:\/\/www.ventimigliablog.it\/blog\/wp-json\/wp\/v2\/users\/10"}],"replies":[{"embeddable":true,"href":"https:\/\/www.ventimigliablog.it\/blog\/wp-json\/wp\/v2\/comments?post=5037"}],"version-history":[{"count":0,"href":"https:\/\/www.ventimigliablog.it\/blog\/wp-json\/wp\/v2\/posts\/5037\/revisions"}],"wp:attachment":[{"href":"https:\/\/www.ventimigliablog.it\/blog\/wp-json\/wp\/v2\/media?parent=5037"}],"wp:term":[{"taxonomy":"category","embeddable":true,"href":"https:\/\/www.ventimigliablog.it\/blog\/wp-json\/wp\/v2\/categories?post=5037"},{"taxonomy":"post_tag","embeddable":true,"href":"https:\/\/www.ventimigliablog.it\/blog\/wp-json\/wp\/v2\/tags?post=5037"}],"curies":[{"name":"wp","href":"https:\/\/api.w.org\/{rel}","templated":true}]}}