{"id":5059,"date":"2015-07-20T09:41:05","date_gmt":"2015-07-20T07:41:05","guid":{"rendered":"http:\/\/www.ventimigliablog.it\/blog\/?p=5059"},"modified":"2015-07-20T09:42:31","modified_gmt":"2015-07-20T07:42:31","slug":"forza-matteo","status":"publish","type":"post","link":"https:\/\/www.ventimigliablog.it\/blog\/forza-matteo\/","title":{"rendered":"Forza \u2026. Matteo"},"content":{"rendered":"<p style=\"text-align: justify;\"><a href=\"http:\/\/www.ventimigliablog.it\/blog\/wp-content\/uploads\/2015\/07\/minori-tasse.jpg\"><img loading=\"lazy\" decoding=\"async\" class=\" size-full wp-image-5060 alignleft\" src=\"http:\/\/www.ventimigliablog.it\/blog\/wp-content\/uploads\/2015\/07\/minori-tasse.jpg\" alt=\"minori tasse\" width=\"163\" height=\"197\" \/><\/a>Nel suo intervento all\u2019assemblea del Pd, Matteo Renzi ha presentato una road map di taglio delle tasse impressionante ed ambiziosa (forse troppo). Colpo di sole o discorso da statista?<\/p>\n<p style=\"text-align: justify;\">Con il cuore vorremmo tutti credere alle parole del Presidente del Consiglio, ma la ragione ci porta ad essere fortemente scettici perch\u00e9 non si capisce, n\u00e9 \u00e8 stato spiegato concretamente, come possano essere effettuati 50 miliardi di euro di tagli alle tasse nei prossimi cinque anni, abbassando nel contempo il debito pubblico. Ma bando al disfattismo e ai pessimismi, non \u00e8 facile credere ai nostri politici di turno senza passare per illusi, ma \u00e8 cos\u00ec piacevole farlo in questo caso che quasi quasi \u2026\u2026. Una cosa \u00e8 certa, se non si fa qualcosa rischiamo tutti di finire con le pezze al cu .. (e in questo caso CU non \u00e8 l&#8217;acronimo di una delle tante novit\u00e0 fiscali di quest&#8217;anno, la CU=Certificazione Unica).<!--more--><\/p>\n<p style=\"text-align: justify;\">Visto il tutto dalla parte del commercialista <em>che in questa estate per noi impossibile, alle prese con proroghe, dichiarazioni precompilate, modelli F24 che i nostri clienti fanno difficolt\u00e0 a pagare (anche se va decisamente peggio con i nostri compensi \u2026), perversioni varie di un sistema fiscale sempre pi\u00f9 contorto, sentire parlare il Premier di un \u201cimpegno di riduzione delle tasse che non ha paragoni nella storia del Paese\u201d, di \u201crivoluzione copernicana senza aumentare il debito\u201d, di \u201cpatto con gli italiani\u201d pu\u00f2 generare sentimenti contrastanti. Nel 2016 via tutte le tasse sulla prima casa, nel 2017 via una buona parte dell\u2019Ires, nel 2018 interventi sugli scaglioni Irpef e sulle pensioni (fonte: Euroconference).<\/em><\/p>\n<p style=\"text-align: justify;\">Non dimentico neanche il bipartisan annuncio di Salvini, con l\u2019introduzione per tutti di una flax rate con aliquota al 15% (!): ipotesi che provocherebbe un calo di 100 miliardi delle entrate per lo Stato (che diventerebbero 50 nel caso di recupero integrale dell\u2019evasione fiscale). Forse non bisogna fare i disfattisti ma i disillusi si.<\/p>\n<p style=\"text-align: justify;\">Come verranno coperte le minori entrate erariali non \u00e8 dato saperlo: Renzi fa genericamente riferimento agli effetti del \u201ccantiere delle riforme\u201d, Salvini allo slogan \u201cpagare tutti, pagare meno\u201d.<\/p>\n<p style=\"text-align: justify;\">Spero di essere presto smentito, un taglio delle imposte e tasse \u00e8 da tutti voluto e auspicato. Naturalmente tagliare non vuol dire sostituire un&#8217;imposta con un&#8217;altra (via l&#8217;IMU sulla prima casa e vai con la TASI), n\u00e9 cambiare nome alla stessa (prima TARSU, poi\u00a0TARES e ora TARI).<\/p>\n<p style=\"text-align: justify;\">20 luglio 2015 &#8211; Marco Prestileo<\/p>\n\t<div class=\"quickshare-container\">\r\n\t<ul class=\"quickshare-text qs-genericons quickshare-small\">\r\n\t\t<li class=\"quickshare-share\">Condividi :<\/li> \r\n\t\t<li><a href=\"https:\/\/facebook.com\/sharer.php?u=https%3A%2F%2Fwww.ventimigliablog.it%2Fblog%2Fforza-matteo%2F&amp;t=Forza+%E2%80%A6.+Matteo+<+Ventimigliablog\" target=\"_blank\" title=\"Share on Facebook\"><span class=\"quickshare-facebook\">Facebook<\/span><\/a><\/li>\t\t<li><a href=\"https:\/\/twitter.com\/intent\/tweet?url=https%3A%2F%2Fwww.ventimigliablog.it%2Fblog%2Fforza-matteo%2F&amp;text=Forza+%E2%80%A6.+Matteo+<+Ventimigliablog\" target=\"_blank\" title=\"Share on Twitter\"><span class=\"quickshare-twitter\">Twitter<\/span><\/a><\/li>\t\t\t\t\t\t<li><a href=\"https:\/\/plus.google.com\/share?url=https%3A%2F%2Fwww.ventimigliablog.it%2Fblog%2Fforza-matteo%2F\" target=\"_blank\" title=\"Share on Google+\"><span class=\"quickshare-googleplus\">Google+<\/span><\/a><\/li>\t\t\t\t\t\t\t\t<li><a href=\"mailto:?subject=Ventimigliablog:+Forza+%E2%80%A6.+Matteo&amp;body=https%3A%2F%2Fwww.ventimigliablog.it%2Fblog%2Fforza-matteo%2F\" target=\"_blank\" title=\"Share via Email\"><span class=\"quickshare-email\">Email<\/span><\/a><\/li>\t<\/ul>\r\n\t<\/div>\r\n","protected":false},"excerpt":{"rendered":"<p>Nel suo intervento all\u2019assemblea del Pd, Matteo Renzi ha presentato una road map di taglio delle tasse impressionante ed ambiziosa (forse troppo). Colpo di sole o discorso da statista? Con il cuore vorremmo tutti credere alle parole del Presidente del &hellip; <a href=\"https:\/\/www.ventimigliablog.it\/blog\/forza-matteo\/\">Continua a leggere<span class=\"meta-nav\">&rarr;<\/span><\/a><\/p>\n","protected":false},"author":10,"featured_media":0,"comment_status":"open","ping_status":"closed","sticky":false,"template":"","format":"standard","meta":{"ngg_post_thumbnail":0,"footnotes":""},"categories":[3,1,7],"tags":[35,241,243,242,14],"_links":{"self":[{"href":"https:\/\/www.ventimigliablog.it\/blog\/wp-json\/wp\/v2\/posts\/5059"}],"collection":[{"href":"https:\/\/www.ventimigliablog.it\/blog\/wp-json\/wp\/v2\/posts"}],"about":[{"href":"https:\/\/www.ventimigliablog.it\/blog\/wp-json\/wp\/v2\/types\/post"}],"author":[{"embeddable":true,"href":"https:\/\/www.ventimigliablog.it\/blog\/wp-json\/wp\/v2\/users\/10"}],"replies":[{"embeddable":true,"href":"https:\/\/www.ventimigliablog.it\/blog\/wp-json\/wp\/v2\/comments?post=5059"}],"version-history":[{"count":0,"href":"https:\/\/www.ventimigliablog.it\/blog\/wp-json\/wp\/v2\/posts\/5059\/revisions"}],"wp:attachment":[{"href":"https:\/\/www.ventimigliablog.it\/blog\/wp-json\/wp\/v2\/media?parent=5059"}],"wp:term":[{"taxonomy":"category","embeddable":true,"href":"https:\/\/www.ventimigliablog.it\/blog\/wp-json\/wp\/v2\/categories?post=5059"},{"taxonomy":"post_tag","embeddable":true,"href":"https:\/\/www.ventimigliablog.it\/blog\/wp-json\/wp\/v2\/tags?post=5059"}],"curies":[{"name":"wp","href":"https:\/\/api.w.org\/{rel}","templated":true}]}}