{"id":5149,"date":"2015-09-26T21:11:09","date_gmt":"2015-09-26T19:11:09","guid":{"rendered":"http:\/\/www.ventimigliablog.it\/blog\/?p=5149"},"modified":"2015-09-26T21:11:09","modified_gmt":"2015-09-26T19:11:09","slug":"ventimiglia-zona-franca-urbana-tra-la-realta-e-il-sogno-vietato-mollare","status":"publish","type":"post","link":"https:\/\/www.ventimigliablog.it\/blog\/ventimiglia-zona-franca-urbana-tra-la-realta-e-il-sogno-vietato-mollare\/","title":{"rendered":"Ventimiglia Zona franca urbana, tra la realt\u00e0 e il sogno: vietato mollare."},"content":{"rendered":"<p style=\"text-align: justify;\"><a href=\"http:\/\/www.ventimigliablog.it\/blog\/wp-content\/uploads\/2015\/09\/zfu.png\"><img loading=\"lazy\" decoding=\"async\" class=\" size-medium wp-image-5150 alignleft\" src=\"http:\/\/www.ventimigliablog.it\/blog\/wp-content\/uploads\/2015\/09\/zfu-300x150.png\" alt=\"zfu\" width=\"300\" height=\"150\" srcset=\"https:\/\/www.ventimigliablog.it\/blog\/wp-content\/uploads\/2015\/09\/zfu-300x150.png 300w, https:\/\/www.ventimigliablog.it\/blog\/wp-content\/uploads\/2015\/09\/zfu.png 318w\" sizes=\"(max-width: 300px) 100vw, 300px\" \/><\/a>Complimenti a Gigliola Coppo,\u00a0all&#8217;AIDDA (Associazione Donne Dirigenti d&#8217;<wbr \/>azienda) e al Sindaco Joculano per aver permesso di iniziare nuovamente a sognare, mantenendo i piedi a terra. Guai mollare la vera grande opportunit\u00e0 della Zona Franca Urbana a Ventimiglia.<\/p>\n<p style=\"text-align: justify;\">Il 6 ottobre del lontano 2012 scrivevo su questo sito: <em>&#8220;&#8230;. Qual \u00e8 l\u2019asso che ha nella manica? Fortunatamente il Presidente Monti per individuare le nuove zone franche, f\u00e0 riferimento ad una delibera del Cipe, che elenca tutte le 22 citt\u00e0: 3 in Sicilia (Erice, Catania e Gela), Calabria (Rossano, Crotone e Lamezia), Puglia (Lecce, Taranto e Andria), Campania (Mondragone, Napoli e Torre Annunziata), Sardegna (Cagliari, Iglesias e Quartu Sant\u2019Elena), 2 nel Lazio (Sora e Velletri), una in Abruzzo (Pescara) e Molise (Campobasso). Tra le aree del nord figurano solo Massa-Carrara, in Toscana, e Ventimiglia, in Liguria. Quindi anche Ventimiglia deve essere prevista nel provedimento finale. <\/em><!--more--><\/p>\n<p style=\"text-align: justify;\"><em>Nessuno ha modificato la delibera CIPE che ha costitutito le zone franche in Italia, le 22, tra cui Ventimiglia. La Commissione Europea ha avvallato, a suo tempo, durante l\u2019Amministraizone Scullino, le 22 zone franche urbane, compreso Ventimiglia. Come si pu\u00f2 escludere adesso Ventimiglia? Bisogna muoversi velocemente ed insistere, con l\u2019aiuto \u2013 a suo tempo sempre concesso \u2013 della Provincia di Imperia e della Regionale Liguria. Ricordiamoci che il Ministro alla Sviluppo Economico, per conto della Repubblica italiana, aveva siglato il contratto con il quale si riconosceva a Ventimiglia lo status di zona franca urbana. Ventimiglia, 6 ottobre 2012 &#8211; Marco Prestileo&#8221;<\/em><\/p>\n<p style=\"text-align: justify;\">Possiamo riuscire a concludere un iter difficile e complesso, ma in grande parte (la maggiore parte) gi\u00e0 fatto. E&#8217; sufficiente un decreto anche con pochi soldi, l&#8217;importante \u00e8 partire. Oltre al Governo, la Regione Liguria dovrebbe impegnarsi ad aggiungere qualcosa, ci sono diverse possibilit\u00e0 di cui vi dir\u00f2 pi\u00f9 avanti. Ricordiamo a tutti i nostri interlocutori che applicando i benefici alle nuove iniziative imprenditoriali non viene a mancare alcun gettito oggi gi\u00e0 percepito, ma semmai solo minori NUOVE entrate per lo Stato.<\/p>\n<p>Forza, l&#8217;Amministrazione Joculano e quella regionale non devono mollare, il traguardo \u00e8 vicino.<\/p>\n<p>26 settembre 2015 &#8211; Marco Prestileo<\/p>\n\t<div class=\"quickshare-container\">\r\n\t<ul class=\"quickshare-text qs-genericons quickshare-small\">\r\n\t\t<li class=\"quickshare-share\">Condividi :<\/li> \r\n\t\t<li><a href=\"https:\/\/facebook.com\/sharer.php?u=https%3A%2F%2Fwww.ventimigliablog.it%2Fblog%2Fventimiglia-zona-franca-urbana-tra-la-realta-e-il-sogno-vietato-mollare%2F&amp;t=Ventimiglia+Zona+franca+urbana%2C+tra+la+realt%C3%A0+e+il+sogno%3A+vietato+mollare.+<+Ventimigliablog\" target=\"_blank\" title=\"Share on Facebook\"><span class=\"quickshare-facebook\">Facebook<\/span><\/a><\/li>\t\t<li><a href=\"https:\/\/twitter.com\/intent\/tweet?url=https%3A%2F%2Fwww.ventimigliablog.it%2Fblog%2Fventimiglia-zona-franca-urbana-tra-la-realta-e-il-sogno-vietato-mollare%2F&amp;text=Ventimiglia+Zona+franca+urbana%2C+tra+la+realt%C3%A0+e+il+sogno%3A+vietato+mollare.+<+Ventimigliablog\" target=\"_blank\" title=\"Share on Twitter\"><span class=\"quickshare-twitter\">Twitter<\/span><\/a><\/li>\t\t\t\t\t\t<li><a href=\"https:\/\/plus.google.com\/share?url=https%3A%2F%2Fwww.ventimigliablog.it%2Fblog%2Fventimiglia-zona-franca-urbana-tra-la-realta-e-il-sogno-vietato-mollare%2F\" target=\"_blank\" title=\"Share on Google+\"><span class=\"quickshare-googleplus\">Google+<\/span><\/a><\/li>\t\t\t\t\t\t\t\t<li><a href=\"mailto:?subject=Ventimigliablog:+Ventimiglia+Zona+franca+urbana%2C+tra+la+realt%C3%A0+e+il+sogno%3A+vietato+mollare.&amp;body=https%3A%2F%2Fwww.ventimigliablog.it%2Fblog%2Fventimiglia-zona-franca-urbana-tra-la-realta-e-il-sogno-vietato-mollare%2F\" target=\"_blank\" title=\"Share via Email\"><span class=\"quickshare-email\">Email<\/span><\/a><\/li>\t<\/ul>\r\n\t<\/div>\r\n","protected":false},"excerpt":{"rendered":"<p>Complimenti a Gigliola Coppo,\u00a0all&#8217;AIDDA (Associazione Donne Dirigenti d&#8217;azienda) e al Sindaco Joculano per aver permesso di iniziare nuovamente a sognare, mantenendo i piedi a terra. Guai mollare la vera grande opportunit\u00e0 della Zona Franca Urbana a Ventimiglia. Il 6 ottobre &hellip; <a href=\"https:\/\/www.ventimigliablog.it\/blog\/ventimiglia-zona-franca-urbana-tra-la-realta-e-il-sogno-vietato-mollare\/\">Continua a leggere<span class=\"meta-nav\">&rarr;<\/span><\/a><\/p>\n","protected":false},"author":10,"featured_media":0,"comment_status":"open","ping_status":"closed","sticky":false,"template":"","format":"standard","meta":{"ngg_post_thumbnail":0,"footnotes":""},"categories":[3,9,1,7,6,10],"tags":[63,35,14,252],"_links":{"self":[{"href":"https:\/\/www.ventimigliablog.it\/blog\/wp-json\/wp\/v2\/posts\/5149"}],"collection":[{"href":"https:\/\/www.ventimigliablog.it\/blog\/wp-json\/wp\/v2\/posts"}],"about":[{"href":"https:\/\/www.ventimigliablog.it\/blog\/wp-json\/wp\/v2\/types\/post"}],"author":[{"embeddable":true,"href":"https:\/\/www.ventimigliablog.it\/blog\/wp-json\/wp\/v2\/users\/10"}],"replies":[{"embeddable":true,"href":"https:\/\/www.ventimigliablog.it\/blog\/wp-json\/wp\/v2\/comments?post=5149"}],"version-history":[{"count":0,"href":"https:\/\/www.ventimigliablog.it\/blog\/wp-json\/wp\/v2\/posts\/5149\/revisions"}],"wp:attachment":[{"href":"https:\/\/www.ventimigliablog.it\/blog\/wp-json\/wp\/v2\/media?parent=5149"}],"wp:term":[{"taxonomy":"category","embeddable":true,"href":"https:\/\/www.ventimigliablog.it\/blog\/wp-json\/wp\/v2\/categories?post=5149"},{"taxonomy":"post_tag","embeddable":true,"href":"https:\/\/www.ventimigliablog.it\/blog\/wp-json\/wp\/v2\/tags?post=5149"}],"curies":[{"name":"wp","href":"https:\/\/api.w.org\/{rel}","templated":true}]}}