{"id":5154,"date":"2015-10-07T19:30:58","date_gmt":"2015-10-07T17:30:58","guid":{"rendered":"http:\/\/www.ventimigliablog.it\/blog\/?p=5154"},"modified":"2015-10-14T21:07:16","modified_gmt":"2015-10-14T19:07:16","slug":"il-restauro-della-sala-polivalente-di-san-francesco","status":"publish","type":"post","link":"https:\/\/www.ventimigliablog.it\/blog\/il-restauro-della-sala-polivalente-di-san-francesco\/","title":{"rendered":"Il restauro della Sala Polivalente di San Francesco"},"content":{"rendered":"<p style=\"text-align: justify;\"><a href=\"http:\/\/www.ventimigliablog.it\/blog\/?attachment_id=5155\" rel=\"attachment wp-att-5155\"><img loading=\"lazy\" decoding=\"async\" class=\"alignnone size-medium wp-image-5155\" src=\"http:\/\/www.ventimigliablog.it\/blog\/wp-content\/uploads\/2015\/10\/image-300x168.jpeg\" alt=\"image\" width=\"300\" height=\"168\" srcset=\"https:\/\/www.ventimigliablog.it\/blog\/wp-content\/uploads\/2015\/10\/image-300x168.jpeg 300w, https:\/\/www.ventimigliablog.it\/blog\/wp-content\/uploads\/2015\/10\/image-1024x575.jpeg 1024w, https:\/\/www.ventimigliablog.it\/blog\/wp-content\/uploads\/2015\/10\/image-500x281.jpeg 500w, https:\/\/www.ventimigliablog.it\/blog\/wp-content\/uploads\/2015\/10\/image.jpeg 1600w\" sizes=\"(max-width: 300px) 100vw, 300px\" \/><\/a> <a href=\"http:\/\/www.ventimigliablog.it\/blog\/?attachment_id=5156\" rel=\"attachment wp-att-5156\"><img loading=\"lazy\" decoding=\"async\" class=\"alignnone size-medium wp-image-5156\" src=\"http:\/\/www.ventimigliablog.it\/blog\/wp-content\/uploads\/2015\/10\/image1-300x168.jpeg\" alt=\"image\" width=\"300\" height=\"168\" srcset=\"https:\/\/www.ventimigliablog.it\/blog\/wp-content\/uploads\/2015\/10\/image1-300x168.jpeg 300w, https:\/\/www.ventimigliablog.it\/blog\/wp-content\/uploads\/2015\/10\/image1-1024x575.jpeg 1024w, https:\/\/www.ventimigliablog.it\/blog\/wp-content\/uploads\/2015\/10\/image1-500x281.jpeg 500w, https:\/\/www.ventimigliablog.it\/blog\/wp-content\/uploads\/2015\/10\/image1.jpeg 1600w\" sizes=\"(max-width: 300px) 100vw, 300px\" \/><\/a><\/p>\n<p><a href=\"http:\/\/www.ventimigliablog.it\/blog\/?attachment_id=5157\" rel=\"attachment wp-att-5157\"><img loading=\"lazy\" decoding=\"async\" class=\"alignnone size-medium wp-image-5157\" src=\"http:\/\/www.ventimigliablog.it\/blog\/wp-content\/uploads\/2015\/10\/image2-168x300.jpeg\" alt=\"image\" width=\"168\" height=\"300\" srcset=\"https:\/\/www.ventimigliablog.it\/blog\/wp-content\/uploads\/2015\/10\/image2-168x300.jpeg 168w, https:\/\/www.ventimigliablog.it\/blog\/wp-content\/uploads\/2015\/10\/image2-575x1024.jpeg 575w, https:\/\/www.ventimigliablog.it\/blog\/wp-content\/uploads\/2015\/10\/image2.jpeg 898w\" sizes=\"(max-width: 168px) 100vw, 168px\" \/><\/a> <a href=\"http:\/\/www.ventimigliablog.it\/blog\/?attachment_id=5158\" rel=\"attachment wp-att-5158\"><img loading=\"lazy\" decoding=\"async\" class=\"alignnone size-medium wp-image-5158\" src=\"http:\/\/www.ventimigliablog.it\/blog\/wp-content\/uploads\/2015\/10\/image3-168x300.jpeg\" alt=\"image\" width=\"168\" height=\"300\" srcset=\"https:\/\/www.ventimigliablog.it\/blog\/wp-content\/uploads\/2015\/10\/image3-168x300.jpeg 168w, https:\/\/www.ventimigliablog.it\/blog\/wp-content\/uploads\/2015\/10\/image3-575x1024.jpeg 575w, https:\/\/www.ventimigliablog.it\/blog\/wp-content\/uploads\/2015\/10\/image3.jpeg 898w\" sizes=\"(max-width: 168px) 100vw, 168px\" \/><\/a><\/p>\n<p style=\"text-align: justify;\">In anteprima ecco le immagini della conclusione dell&#8217;opera di restauro dei cinque altari della splendida Chiesa di San Francesco in Ventimiglia Alta. Un altro importante intervento di recupero nel Centro Storico e&#8217; stato concluso, una vera soddisfazione per la nostra Amministrazione che lo ha voluto, programmato, finanziato e realizzato, raggiungendo un intelligente e professionale risultato a favore delle cittadinanza e dei turisti. La progettazione e la direzione dei lavori sono state affidate al valente Architetto Andrea Folli, in stretta collaborazione con la sovrintendenza di Genova .<\/p>\n<p><!--more--><\/p>\n<p style=\"text-align: justify;\">Un intervento unico ed oltremodo significativo che restituisce finalmente alla Citt\u00e0 Alta uno spazio culturale polivalente di notevole qualit\u00e0 estetica.<\/p>\n<p style=\"text-align: justify;\">Di seguito un breve cenno storico e tecnico di come si \u00e8 giunti a tale risultato.<\/p>\n<p style=\"text-align: justify;\">L\u2019ex chiesa di S. Francesco \u00e8 di propriet\u00e0 comunale ed \u00e8 ubicata nel centro storico (citt\u00e0 Alta) di Ventimiglia. Appartenuta ai padri francescani fino a met\u00e0 Ottocento, divenne in seguito di propriet\u00e0 comunale e attualmente risulta adibita a centro culturale polivalente. \u00a0Pervenutaci integra fino agli anni Cinquanta del secolo scorso, sebbene in disuso, venne trasformata in palestra ad uso delle adiacenti scuole medie negli anni in cui una forte immigrazione dal sud Italia aveva creato la necessit\u00e0 di ampliare gli esigui spazi in dotazione alla struttura scolastica adiacente. A tal fine vennero barbaramente ridotti altari, distrutti pulpiti e balaustre, amputate statue, etc.<\/p>\n<p style=\"text-align: justify;\">Negli anni Novanta, l&#8217;amministrazione dell&#8217; ex sindaco Claudio Berlingiero volle riaprire la sala e, con mezzi economici limitati, vennero eseguiti lavori di restauro della struttura ma non degli apparati decorativi, che rimasero in attesa di ulteriori risorse economiche.\u00a0In seguito, si intervenne nel restauro di uno soltanto dei sei altari (l\u2019unico realizzato in marmo) pressoch\u00e9 distrutti.<\/p>\n<p style=\"text-align: justify;\">Nel 2008 , come da programma elettorale e con il parere unanime della nostra Amminstrazione, si decise di intervenire nel recupero e rilancio dell&#8217;immagine di tutto il Centro Storico, predisponendo ben 14 progetti, che partecipando ai bandi regionali vennero tutti finanziati; l&#8217;ottanta per centro con fondi Europei PAR_FAS, il venti per cento del finanziamento a carico del bilancio del Comune, che si avvalse, per mancanza di risorse proprie, della societa&#8217; in house &#8220;Civitas&#8221;, che fu in grado di ottenere finanziamenti esterni.<\/p>\n<p style=\"text-align: justify;\">Solo nel 2009 si decise di inserire nell&#8217;elenco dei lavori anche S.Francesco, valutando di eseguire il restauro dei rimanenti cinque altari e delle statue, che si alternano nelle nicchie degli stessi, in quanto ridotti, come gi\u00e0 detto, in stato di totale abbandono e di continuo degrado; inoltre, su consiglio dei tecnici e della sovrintendenza, si decise di smontare il palco in legno realizzato nel 1996, permettendo cos\u00ec, il recupero dell&#8217; antico pavimento sottostante.\u00a0Una decisione decisamente intelligente oltre che esteticamente appropriata, finanziata interamente dallo Stato, attraverso l&#8217;assegnazione di euro 200.000 circa (fondi 8 per mille).<\/p>\n<p style=\"text-align: justify;\">Gli interventi realizzati hanno permesso di procedere alla realizzazione non di una ricostruzione, ma di un accurato restauro conservativo, al fine di arrestarne il continuo degrado, dato s\u00ec che tutti gli elementi decorativi erano stati \u00a0realizzati in calce,che riduce fortemente la resistenza rispetto al marmo.\u00a0Durante l\u2019esecuzione dei lavori, in seguito al montaggio dei ponteggi e alle valutazioni maturate con i funzionari della sovrintendenza \u00a0di Genova, si sono potute rilevare alcune problematiche che sono state risolte mediante la redazione di una perizia di variante suppletiva.<\/p>\n<p style=\"text-align: justify;\">Di seguito le principali problematiche affrontate:<\/p>\n<p style=\"text-align: justify;\">1) Una diffusa presenza di umidit\u00e0 all\u2019 interno della ex chiesa, dovuta alle vecchie coperture ed agli edifici confinanti (scuole Cavour)<\/p>\n<p style=\"text-align: justify;\">2) La necessit\u00e0 di prevedere un intervento di restauro ligneo sia del portone d\u2019ingresso sia della porta di accesso laterale lato sud.<\/p>\n<p style=\"text-align: justify;\">3) La scelta di smontare il palco in legno.<\/p>\n<p style=\"text-align: justify;\">4) Il restauro delle pavimentazioni in ardesia e marmo della parte absidale e lucidatura del pavimento di tutta la chiesa con olio di lino, eseguita con cura , ad intervento di restauro ultimato.<\/p>\n<p style=\"text-align: justify;\">Tutti questi ulteriori interventi hanno migliorato decisamente il risultato finale.<\/p>\n<p style=\"text-align: justify;\">Concluso con grande soddisfazione, questo tredicesimo intervento nel Centro Storico, ne rimangono ancora due, anche questi molto importanti, i quali una volta ultimati, contribuiranno a migliorare l&#8217;immagine della Citta&#8217; di Ventimiglia.<\/p>\n<p>(1 Biblioteca Approsiana : &#8220;Fondo Antico&#8221;;<\/p>\n<p>(2 Chiostro di S. Agostino: recupero totale.<\/p>\n<p>Aspetto fiducioso la fine dei lavori che si concluderanno, (almeno lo spero) entro il 2015.<\/p>\n<p>Un doveroso e cordiale ringraziamento a tutta la nostra Amministrazione, alla Regione Liguria, ( Burlando 2005\/2010) ai tecnici comunali, professionisti e imprese, che hanno partecipato alla rinascita e al rilancio del nostro bellissimo Borgo Antico.<\/p>\n<p>-Gaetano Antonio Scullino-06 ottobre 2015<\/p>\n\t<div class=\"quickshare-container\">\r\n\t<ul class=\"quickshare-text qs-genericons quickshare-small\">\r\n\t\t<li class=\"quickshare-share\">Condividi :<\/li> \r\n\t\t<li><a href=\"https:\/\/facebook.com\/sharer.php?u=https%3A%2F%2Fwww.ventimigliablog.it%2Fblog%2Fil-restauro-della-sala-polivalente-di-san-francesco%2F&amp;t=Il+restauro+della+Sala+Polivalente+di+San+Francesco+<+Ventimigliablog\" target=\"_blank\" title=\"Share on Facebook\"><span class=\"quickshare-facebook\">Facebook<\/span><\/a><\/li>\t\t<li><a href=\"https:\/\/twitter.com\/intent\/tweet?url=https%3A%2F%2Fwww.ventimigliablog.it%2Fblog%2Fil-restauro-della-sala-polivalente-di-san-francesco%2F&amp;text=Il+restauro+della+Sala+Polivalente+di+San+Francesco+<+Ventimigliablog\" target=\"_blank\" title=\"Share on Twitter\"><span class=\"quickshare-twitter\">Twitter<\/span><\/a><\/li>\t\t\t\t\t\t<li><a href=\"https:\/\/plus.google.com\/share?url=https%3A%2F%2Fwww.ventimigliablog.it%2Fblog%2Fil-restauro-della-sala-polivalente-di-san-francesco%2F\" target=\"_blank\" title=\"Share on Google+\"><span class=\"quickshare-googleplus\">Google+<\/span><\/a><\/li>\t\t\t\t\t\t\t\t<li><a href=\"mailto:?subject=Ventimigliablog:+Il+restauro+della+Sala+Polivalente+di+San+Francesco&amp;body=https%3A%2F%2Fwww.ventimigliablog.it%2Fblog%2Fil-restauro-della-sala-polivalente-di-san-francesco%2F\" target=\"_blank\" title=\"Share via Email\"><span class=\"quickshare-email\">Email<\/span><\/a><\/li>\t<\/ul>\r\n\t<\/div>\r\n","protected":false},"excerpt":{"rendered":"<p>In anteprima ecco le immagini della conclusione dell&#8217;opera di restauro dei cinque altari della splendida Chiesa di San Francesco in Ventimiglia Alta. Un altro importante intervento di recupero nel Centro Storico e&#8217; stato concluso, una vera soddisfazione per la nostra &hellip; <a href=\"https:\/\/www.ventimigliablog.it\/blog\/il-restauro-della-sala-polivalente-di-san-francesco\/\">Continua a leggere<span class=\"meta-nav\">&rarr;<\/span><\/a><\/p>\n","protected":false},"author":11,"featured_media":0,"comment_status":"open","ping_status":"closed","sticky":false,"template":"","format":"standard","meta":{"ngg_post_thumbnail":0,"footnotes":""},"categories":[1,6],"tags":[],"_links":{"self":[{"href":"https:\/\/www.ventimigliablog.it\/blog\/wp-json\/wp\/v2\/posts\/5154"}],"collection":[{"href":"https:\/\/www.ventimigliablog.it\/blog\/wp-json\/wp\/v2\/posts"}],"about":[{"href":"https:\/\/www.ventimigliablog.it\/blog\/wp-json\/wp\/v2\/types\/post"}],"author":[{"embeddable":true,"href":"https:\/\/www.ventimigliablog.it\/blog\/wp-json\/wp\/v2\/users\/11"}],"replies":[{"embeddable":true,"href":"https:\/\/www.ventimigliablog.it\/blog\/wp-json\/wp\/v2\/comments?post=5154"}],"version-history":[{"count":0,"href":"https:\/\/www.ventimigliablog.it\/blog\/wp-json\/wp\/v2\/posts\/5154\/revisions"}],"wp:attachment":[{"href":"https:\/\/www.ventimigliablog.it\/blog\/wp-json\/wp\/v2\/media?parent=5154"}],"wp:term":[{"taxonomy":"category","embeddable":true,"href":"https:\/\/www.ventimigliablog.it\/blog\/wp-json\/wp\/v2\/categories?post=5154"},{"taxonomy":"post_tag","embeddable":true,"href":"https:\/\/www.ventimigliablog.it\/blog\/wp-json\/wp\/v2\/tags?post=5154"}],"curies":[{"name":"wp","href":"https:\/\/api.w.org\/{rel}","templated":true}]}}