{"id":5175,"date":"2015-10-14T21:04:58","date_gmt":"2015-10-14T19:04:58","guid":{"rendered":"http:\/\/www.ventimigliablog.it\/blog\/?p=5175"},"modified":"2015-10-14T21:11:43","modified_gmt":"2015-10-14T19:11:43","slug":"la-politica-e-bella-perche-varia","status":"publish","type":"post","link":"https:\/\/www.ventimigliablog.it\/blog\/la-politica-e-bella-perche-varia\/","title":{"rendered":"La politica \u00e9 bella perch\u00e9 varia"},"content":{"rendered":"<p>Oggi ho letto, per puro caso, una pagina di un quotidiano locale che riportava sulla stessa pagina tre notizie che in altri tempi avrebbero fatto scandalo.<\/p>\n<p>La prima dava come normale un accordo tra destra sinistra centro e nuovi partiti che ha portato ad approvare, diceva il quotidiano, ben 200 varianti al piano regolatore urbano (tecnicamente PUC). Naturalmente si dava evidenza agli aspetti pi\u00f9 positivi della nuova, l&#8217;avrebbero un tempo definita, colata di cemento che aiuter\u00e0 qualcheduno.<!--more--><\/p>\n<p>La seconda notizia, udite udite, dava come sofferta ma votata la reintroduzione del gettone di presenza ai consiglieri comunali. Quattro soldi, sia ben chiaro, ma comunque rimane eclatante il gesto, in questo periodo dei risparmi, che viene fatto passare quasi come gesto umanitario nei confronti dei consiglieri comunali.<\/p>\n<p>Il terzo articolo l&#8217;ho letto due volte, mi pareva impossibile. E&#8217; stata concessa una riduzione della TARI (ex tarsu, tassa sui rifiuti) a chi? Ai proprietari delle seconde case! Avete capito bene, delle seconde case quelle poco abitate e lasciate vuote per la maggior parte dell&#8217;anno! La proposta dell&#8217;assessore pi\u00f9 a sinistra della maggioranza di sinistra \u00e9 stata approvata dalla maggioranza, pare con sofferenza. L&#8217;intervento doveva essere cos\u00ec prioritario che non lo si comprende per la sua urgenza ed unicit\u00e0: un piccolo aiuto ai pi\u00f9 ricchi che possono avere la seconda casa e posso anche tenerla vuota.<\/p>\n<p>Che bella \u00e9 la politica, tutto \u00e9 possibile, tutto \u00e9 relativo &#8230;&#8230;.. Auguri a noi tutti.<\/p>\n<p>Apicoltore &#8230;.. pensaci tu.<\/p>\n<p>firmato: non voglio nemici. Ahahahah<\/p>\n\t<div class=\"quickshare-container\">\r\n\t<ul class=\"quickshare-text qs-genericons quickshare-small\">\r\n\t\t<li class=\"quickshare-share\">Condividi :<\/li> \r\n\t\t<li><a href=\"https:\/\/facebook.com\/sharer.php?u=https%3A%2F%2Fwww.ventimigliablog.it%2Fblog%2Fla-politica-e-bella-perche-varia%2F&amp;t=La+politica+%C3%A9+bella+perch%C3%A9+varia+<+Ventimigliablog\" target=\"_blank\" title=\"Share on Facebook\"><span class=\"quickshare-facebook\">Facebook<\/span><\/a><\/li>\t\t<li><a href=\"https:\/\/twitter.com\/intent\/tweet?url=https%3A%2F%2Fwww.ventimigliablog.it%2Fblog%2Fla-politica-e-bella-perche-varia%2F&amp;text=La+politica+%C3%A9+bella+perch%C3%A9+varia+<+Ventimigliablog\" target=\"_blank\" title=\"Share on Twitter\"><span class=\"quickshare-twitter\">Twitter<\/span><\/a><\/li>\t\t\t\t\t\t<li><a href=\"https:\/\/plus.google.com\/share?url=https%3A%2F%2Fwww.ventimigliablog.it%2Fblog%2Fla-politica-e-bella-perche-varia%2F\" target=\"_blank\" title=\"Share on Google+\"><span class=\"quickshare-googleplus\">Google+<\/span><\/a><\/li>\t\t\t\t\t\t\t\t<li><a href=\"mailto:?subject=Ventimigliablog:+La+politica+%C3%A9+bella+perch%C3%A9+varia&amp;body=https%3A%2F%2Fwww.ventimigliablog.it%2Fblog%2Fla-politica-e-bella-perche-varia%2F\" target=\"_blank\" title=\"Share via Email\"><span class=\"quickshare-email\">Email<\/span><\/a><\/li>\t<\/ul>\r\n\t<\/div>\r\n","protected":false},"excerpt":{"rendered":"<p>Oggi ho letto, per puro caso, una pagina di un quotidiano locale che riportava sulla stessa pagina tre notizie che in altri tempi avrebbero fatto scandalo. La prima dava come normale un accordo tra destra sinistra centro e nuovi partiti &hellip; <a href=\"https:\/\/www.ventimigliablog.it\/blog\/la-politica-e-bella-perche-varia\/\">Continua a leggere<span class=\"meta-nav\">&rarr;<\/span><\/a><\/p>\n","protected":false},"author":10,"featured_media":0,"comment_status":"open","ping_status":"closed","sticky":false,"template":"","format":"standard","meta":{"ngg_post_thumbnail":0,"footnotes":""},"categories":[1,6],"tags":[],"_links":{"self":[{"href":"https:\/\/www.ventimigliablog.it\/blog\/wp-json\/wp\/v2\/posts\/5175"}],"collection":[{"href":"https:\/\/www.ventimigliablog.it\/blog\/wp-json\/wp\/v2\/posts"}],"about":[{"href":"https:\/\/www.ventimigliablog.it\/blog\/wp-json\/wp\/v2\/types\/post"}],"author":[{"embeddable":true,"href":"https:\/\/www.ventimigliablog.it\/blog\/wp-json\/wp\/v2\/users\/10"}],"replies":[{"embeddable":true,"href":"https:\/\/www.ventimigliablog.it\/blog\/wp-json\/wp\/v2\/comments?post=5175"}],"version-history":[{"count":0,"href":"https:\/\/www.ventimigliablog.it\/blog\/wp-json\/wp\/v2\/posts\/5175\/revisions"}],"wp:attachment":[{"href":"https:\/\/www.ventimigliablog.it\/blog\/wp-json\/wp\/v2\/media?parent=5175"}],"wp:term":[{"taxonomy":"category","embeddable":true,"href":"https:\/\/www.ventimigliablog.it\/blog\/wp-json\/wp\/v2\/categories?post=5175"},{"taxonomy":"post_tag","embeddable":true,"href":"https:\/\/www.ventimigliablog.it\/blog\/wp-json\/wp\/v2\/tags?post=5175"}],"curies":[{"name":"wp","href":"https:\/\/api.w.org\/{rel}","templated":true}]}}