{"id":5218,"date":"2015-11-14T17:20:02","date_gmt":"2015-11-14T16:20:02","guid":{"rendered":"http:\/\/www.ventimigliablog.it\/blog\/?p=5218"},"modified":"2015-11-14T17:20:02","modified_gmt":"2015-11-14T16:20:02","slug":"liberta-e-coraggio","status":"publish","type":"post","link":"https:\/\/www.ventimigliablog.it\/blog\/liberta-e-coraggio\/","title":{"rendered":"Libert\u00e0 e coraggio"},"content":{"rendered":"<p style=\"text-align: center;\"><a href=\"http:\/\/www.ventimigliablog.it\/blog\/wp-content\/uploads\/2015\/11\/parigi-in-lutto.jpg\"><img loading=\"lazy\" decoding=\"async\" class=\"alignnone size-medium wp-image-5219\" src=\"http:\/\/www.ventimigliablog.it\/blog\/wp-content\/uploads\/2015\/11\/parigi-in-lutto-300x225.jpg\" alt=\"parigi in lutto\" width=\"300\" height=\"225\" srcset=\"https:\/\/www.ventimigliablog.it\/blog\/wp-content\/uploads\/2015\/11\/parigi-in-lutto-300x225.jpg 300w, https:\/\/www.ventimigliablog.it\/blog\/wp-content\/uploads\/2015\/11\/parigi-in-lutto-400x300.jpg 400w, https:\/\/www.ventimigliablog.it\/blog\/wp-content\/uploads\/2015\/11\/parigi-in-lutto.jpg 720w\" sizes=\"(max-width: 300px) 100vw, 300px\" \/><\/a><\/p>\n<p style=\"text-align: center;\"><em>Questo non \u00e8 umano, una terza guerra mondiale a pezzi<\/em> (Papa Francesco)<\/p>\n<p style=\"text-align: justify;\">Cos\u00ec colpiscono la libert\u00e0, il nostro modo di vivere. Occorre reagire con coraggio alla\u00a0paura.<\/p>\n<p style=\"text-align: justify;\">14 novembre 2015 &#8211; Marco Prestileo<\/p>\n\t<div class=\"quickshare-container\">\r\n\t<ul class=\"quickshare-text qs-genericons quickshare-small\">\r\n\t\t<li class=\"quickshare-share\">Condividi :<\/li> \r\n\t\t<li><a href=\"https:\/\/facebook.com\/sharer.php?u=https%3A%2F%2Fwww.ventimigliablog.it%2Fblog%2Fliberta-e-coraggio%2F&amp;t=Libert%C3%A0+e+coraggio+<+Ventimigliablog\" target=\"_blank\" title=\"Share on Facebook\"><span class=\"quickshare-facebook\">Facebook<\/span><\/a><\/li>\t\t<li><a href=\"https:\/\/twitter.com\/intent\/tweet?url=https%3A%2F%2Fwww.ventimigliablog.it%2Fblog%2Fliberta-e-coraggio%2F&amp;text=Libert%C3%A0+e+coraggio+<+Ventimigliablog\" target=\"_blank\" title=\"Share on Twitter\"><span class=\"quickshare-twitter\">Twitter<\/span><\/a><\/li>\t\t\t\t\t\t<li><a href=\"https:\/\/plus.google.com\/share?url=https%3A%2F%2Fwww.ventimigliablog.it%2Fblog%2Fliberta-e-coraggio%2F\" target=\"_blank\" title=\"Share on Google+\"><span class=\"quickshare-googleplus\">Google+<\/span><\/a><\/li>\t\t\t\t\t\t\t\t<li><a href=\"mailto:?subject=Ventimigliablog:+Libert%C3%A0+e+coraggio&amp;body=https%3A%2F%2Fwww.ventimigliablog.it%2Fblog%2Fliberta-e-coraggio%2F\" target=\"_blank\" title=\"Share via Email\"><span class=\"quickshare-email\">Email<\/span><\/a><\/li>\t<\/ul>\r\n\t<\/div>\r\n","protected":false},"excerpt":{"rendered":"<p>Questo non \u00e8 umano, una terza guerra mondiale a pezzi (Papa Francesco) Cos\u00ec colpiscono la libert\u00e0, il nostro modo di vivere. Occorre reagire con coraggio alla\u00a0paura. 14 novembre 2015 &#8211; Marco Prestileo<\/p>\n","protected":false},"author":10,"featured_media":0,"comment_status":"open","ping_status":"closed","sticky":false,"template":"","format":"standard","meta":{"ngg_post_thumbnail":0,"footnotes":""},"categories":[3,9,1],"tags":[214,35,266,265,14],"_links":{"self":[{"href":"https:\/\/www.ventimigliablog.it\/blog\/wp-json\/wp\/v2\/posts\/5218"}],"collection":[{"href":"https:\/\/www.ventimigliablog.it\/blog\/wp-json\/wp\/v2\/posts"}],"about":[{"href":"https:\/\/www.ventimigliablog.it\/blog\/wp-json\/wp\/v2\/types\/post"}],"author":[{"embeddable":true,"href":"https:\/\/www.ventimigliablog.it\/blog\/wp-json\/wp\/v2\/users\/10"}],"replies":[{"embeddable":true,"href":"https:\/\/www.ventimigliablog.it\/blog\/wp-json\/wp\/v2\/comments?post=5218"}],"version-history":[{"count":0,"href":"https:\/\/www.ventimigliablog.it\/blog\/wp-json\/wp\/v2\/posts\/5218\/revisions"}],"wp:attachment":[{"href":"https:\/\/www.ventimigliablog.it\/blog\/wp-json\/wp\/v2\/media?parent=5218"}],"wp:term":[{"taxonomy":"category","embeddable":true,"href":"https:\/\/www.ventimigliablog.it\/blog\/wp-json\/wp\/v2\/categories?post=5218"},{"taxonomy":"post_tag","embeddable":true,"href":"https:\/\/www.ventimigliablog.it\/blog\/wp-json\/wp\/v2\/tags?post=5218"}],"curies":[{"name":"wp","href":"https:\/\/api.w.org\/{rel}","templated":true}]}}