{"id":5222,"date":"2015-11-26T21:07:37","date_gmt":"2015-11-26T20:07:37","guid":{"rendered":"http:\/\/www.ventimigliablog.it\/blog\/?p=5222"},"modified":"2015-11-26T21:07:37","modified_gmt":"2015-11-26T20:07:37","slug":"la-zona-franca-urbana","status":"publish","type":"post","link":"https:\/\/www.ventimigliablog.it\/blog\/la-zona-franca-urbana\/","title":{"rendered":"La Zona franca urbana"},"content":{"rendered":"<p style=\"text-align: justify;\"><a href=\"http:\/\/www.ventimigliablog.it\/blog\/wp-content\/uploads\/2015\/11\/zfu.png\"><img loading=\"lazy\" decoding=\"async\" class=\"size-medium wp-image-5223 alignleft\" src=\"http:\/\/www.ventimigliablog.it\/blog\/wp-content\/uploads\/2015\/11\/zfu-300x55.png\" alt=\"zfu\" width=\"300\" height=\"55\" srcset=\"https:\/\/www.ventimigliablog.it\/blog\/wp-content\/uploads\/2015\/11\/zfu-300x55.png 300w, https:\/\/www.ventimigliablog.it\/blog\/wp-content\/uploads\/2015\/11\/zfu.png 368w\" sizes=\"(max-width: 300px) 100vw, 300px\" \/><\/a>La zona franca urbana di Ventimiglia \u00e8 una realt\u00e0 che da anni aspetta di essere lanciata con un semplice decreto e una circolare ministeriale. In questi anni sono realmente partite molte zone franche urbane, l\u2019ultima credo sia quella delle zone dell\u2019Emilia colpite dall\u2019alluvione del gennaio 2014 e dal sisma del 2012. La circolare che chiarisce il suo funzionamento \u00e8 uscita solo ieri. Dalla sua analisi possiamo capire come potrebbe funzionare anche quella di Ventimiglia.<!--more--><\/p>\n<p style=\"text-align: justify;\">Nella zona franca emiliana, le agevolazioni sono solo fiscali e rivolte alle micoimprese esistenti ad un a certa data che operano con determinati requisiti all\u2019interno del perimetro della zona. Per Ventimiglia la perimetrazione \u00e8 quella varata, sulla base dei rigidi requisiti ministeriali per le zone sottosviluppate, dall\u2019Amministrazione Scullino.<\/p>\n<p style=\"text-align: justify;\">Si evidenzia che, ai sensi della normativa comunitaria, sono considerate \u201cmicroimprese\u201d le imprese che hanno meno di 10 occupati e un fatturato, oppure un totale di bilancio annuo, inferiore ai 2 milioni di euro. Per Ventimiglia si prevedeva l\u2019estensione anche alle \u201cpiccole imprese\u201d e non solo alle microimprese nel tentativo di aprire a nuove realt\u00e0 imprenditoriali. Vedremo il decreto di attuazione cosa dir\u00e0, i soldi che saranno messi a disposizione sono determinanti, insieme alla volont\u00e0 dell\u2019amministrazione cittadina, per individuare esattamente i requisiti dimensionali che l\u2019impresa dovr\u00e0 avere.<\/p>\n<p style=\"text-align: justify;\">La zona Emiliana limita alle imprese gi\u00e0 costituite entro una certa data le agevolazioni (31 dicembre 2014) mentre per Ventimiglia, agli arbori, si era pensato alle nuove imprese per agevolare l\u2019afflusso di nuove realt\u00e0 imprenditoriali nella zona. Non \u00e8 neanche errato pensare alle imprese esistenti ma allora occorrerebbe dare il tempo a nuove realt\u00e0 di insediarsi. Lo scopo originario della zfu non era solo quello di aiutare le imprese ma anche di consentire lo sviluppo di zone depresse.<\/p>\n<p style=\"text-align: justify;\">E\u2019 molto importante che sia indicato tra ministero e amministrazione comunale il codice di attivit\u00e0 ammissibile alle agevolazioni, primario o secondario, ritenendosi tale quello dell\u2019attivit\u00e0 svolta nella sede principale o nell\u2019unit\u00e0 locale ubicata nella zona franca che deve risultare dal certificato camerale dell\u2019impresa istante e da un\u2019attestazione comunale. Il genere di attivit\u00e0 agevolabile dovrebbe essere pensato unitamente alle possibilit\u00e0 di sviluppo della zona franca.<\/p>\n<p style=\"text-align: justify;\">Nei limiti delle risorse disponibili, le imprese potranno beneficiare delle seguenti agevolazioni fiscali:<\/p>\n<ol>\n<li>a) esenzione dalle imposte sui redditi;<\/li>\n<li>b) esenzione dall\u2019imposta regionale sulle attivit\u00e0 produttive;<\/li>\n<li>c) esenzione dall\u2019imposta municipale propria.<\/li>\n<\/ol>\n<p style=\"text-align: justify;\">L\u2019agevolazione principale, quella dalle imposte sui redditi, sar\u00e0 limitato al solo reddito derivante dall\u2019attivit\u00e0 svolta dall\u2019impresa all\u2019interno del territorio della zona franca, fino a concorrenza di un determinato importo (ad esempio euro 100.000,00), fatto salvo quanto previsto in termini di maggiorazioni. Per incentivare nuove assunzioni si potrebbe dire che detto importo sia maggiorato, ad esempio, di euro 5.000 per ogni nuovo dipendente assunto.<\/p>\n<p style=\"text-align: justify;\">Le agevolazioni, nel caso della zona Emiliana, sono ripartire sulla base della somma stanziata per i primi due anni, di euro 39.200.000, in base alla richieste pervenute entro un certo termine da stabilirsi e ripartite pro quota, sotto forma di credito d\u2019imposta, tra le imprese richiedenti e aventi titolo. Le agevolazioni sono pertanto fruite dalle imprese beneficiarie fino al raggiungimento dell\u2019importo dell\u2019agevolazione concessa, cos\u00ec come determinato dal Ministero a seguito del riparto effettuato sulla base delle valide domande pervenute, in compensazione sul modello F24 con il quale si pagano le imposte e tasse.<\/p>\n<p>26 novembre 2015 &#8211; Marco Prestileo<\/p>\n\t<div class=\"quickshare-container\">\r\n\t<ul class=\"quickshare-text qs-genericons quickshare-small\">\r\n\t\t<li class=\"quickshare-share\">Condividi :<\/li> \r\n\t\t<li><a href=\"https:\/\/facebook.com\/sharer.php?u=https%3A%2F%2Fwww.ventimigliablog.it%2Fblog%2Fla-zona-franca-urbana%2F&amp;t=La+Zona+franca+urbana+<+Ventimigliablog\" target=\"_blank\" title=\"Share on Facebook\"><span class=\"quickshare-facebook\">Facebook<\/span><\/a><\/li>\t\t<li><a href=\"https:\/\/twitter.com\/intent\/tweet?url=https%3A%2F%2Fwww.ventimigliablog.it%2Fblog%2Fla-zona-franca-urbana%2F&amp;text=La+Zona+franca+urbana+<+Ventimigliablog\" target=\"_blank\" title=\"Share on Twitter\"><span class=\"quickshare-twitter\">Twitter<\/span><\/a><\/li>\t\t\t\t\t\t<li><a href=\"https:\/\/plus.google.com\/share?url=https%3A%2F%2Fwww.ventimigliablog.it%2Fblog%2Fla-zona-franca-urbana%2F\" target=\"_blank\" title=\"Share on Google+\"><span class=\"quickshare-googleplus\">Google+<\/span><\/a><\/li>\t\t\t\t\t\t\t\t<li><a href=\"mailto:?subject=Ventimigliablog:+La+Zona+franca+urbana&amp;body=https%3A%2F%2Fwww.ventimigliablog.it%2Fblog%2Fla-zona-franca-urbana%2F\" target=\"_blank\" title=\"Share via Email\"><span class=\"quickshare-email\">Email<\/span><\/a><\/li>\t<\/ul>\r\n\t<\/div>\r\n","protected":false},"excerpt":{"rendered":"<p>La zona franca urbana di Ventimiglia \u00e8 una realt\u00e0 che da anni aspetta di essere lanciata con un semplice decreto e una circolare ministeriale. In questi anni sono realmente partite molte zone franche urbane, l\u2019ultima credo sia quella delle zone &hellip; <a href=\"https:\/\/www.ventimigliablog.it\/blog\/la-zona-franca-urbana\/\">Continua a leggere<span class=\"meta-nav\">&rarr;<\/span><\/a><\/p>\n","protected":false},"author":10,"featured_media":0,"comment_status":"open","ping_status":"closed","sticky":false,"template":"","format":"standard","meta":{"ngg_post_thumbnail":0,"footnotes":""},"categories":[3,9,1,7,6],"tags":[258,35,14,267,252],"_links":{"self":[{"href":"https:\/\/www.ventimigliablog.it\/blog\/wp-json\/wp\/v2\/posts\/5222"}],"collection":[{"href":"https:\/\/www.ventimigliablog.it\/blog\/wp-json\/wp\/v2\/posts"}],"about":[{"href":"https:\/\/www.ventimigliablog.it\/blog\/wp-json\/wp\/v2\/types\/post"}],"author":[{"embeddable":true,"href":"https:\/\/www.ventimigliablog.it\/blog\/wp-json\/wp\/v2\/users\/10"}],"replies":[{"embeddable":true,"href":"https:\/\/www.ventimigliablog.it\/blog\/wp-json\/wp\/v2\/comments?post=5222"}],"version-history":[{"count":0,"href":"https:\/\/www.ventimigliablog.it\/blog\/wp-json\/wp\/v2\/posts\/5222\/revisions"}],"wp:attachment":[{"href":"https:\/\/www.ventimigliablog.it\/blog\/wp-json\/wp\/v2\/media?parent=5222"}],"wp:term":[{"taxonomy":"category","embeddable":true,"href":"https:\/\/www.ventimigliablog.it\/blog\/wp-json\/wp\/v2\/categories?post=5222"},{"taxonomy":"post_tag","embeddable":true,"href":"https:\/\/www.ventimigliablog.it\/blog\/wp-json\/wp\/v2\/tags?post=5222"}],"curies":[{"name":"wp","href":"https:\/\/api.w.org\/{rel}","templated":true}]}}